{"id":30100,"date":"2020-12-21T17:29:06","date_gmt":"2020-12-21T17:29:06","guid":{"rendered":"https:\/\/redsemlac.com\/semmexico\/?p=30100"},"modified":"2023-07-21T16:40:56","modified_gmt":"2023-07-21T21:40:56","slug":"se-preocupan-jovenes-por-embarazo-adolescente-y-violencia-contra-mujeres","status":"publish","type":"post","link":"https:\/\/redsemlac.com\/semmexico\/se-preocupan-jovenes-por-embarazo-adolescente-y-violencia-contra-mujeres\/","title":{"rendered":"Se preocupan j\u00f3venes por embarazo adolescente y violencia contra mujeres"},"content":{"rendered":"\n<p class=\"wp-block-paragraph\">* Presentan la Agenda de J\u00f3venes resultado de un trabajo impulsado por Consorcio Oaxaca<\/p>\n\n\n\n<p class=\"wp-block-paragraph\">* Sus propuestas est\u00e1n dirigidas a sus familias, escuelas, centros de salud y autoridades<\/p>\n\n\n\n<p class=\"wp-block-paragraph\">Redacci\u00f3n<\/p>\n\n\n\n<p class=\"wp-block-paragraph\">SemM\u00e9xico, Oaxaca, 21 de diciembre, 2020.-&nbsp;Promover en las instituciones de salud una atenci\u00f3n en marco de los derechos sexuales y reproductivos que ayude a prevenir el embarazo adolescente, las infecciones de transmisi\u00f3n sexual y la violencia de g\u00e9nero, favoreciendo el ejercicio aut\u00f3nomo y responsable de su sexualidad, es una de las demandas puntuales expuestas en la Agenda de j\u00f3venes por los derechos sexuales, reproductivos y una vida libre de violencia de g\u00e9nero en Oaxaca.<\/p>\n\n\n\n<p class=\"wp-block-paragraph\">La agenda presentada por la organizaci\u00f3n no gubernamental Consorcio para el Di\u00e1logo Parlamentario y la Equidad Oaxaca es resultado de un proceso de di\u00e1logo entre personas j\u00f3venes de tres regiones de la entidad &#8211; Costa, Sierra Norte y Valles Centrales- quienes dialogaron y construyeron de manera colectiva el documento.<\/p>\n\n\n\n<p class=\"wp-block-paragraph\">La Agenda tambi\u00e9n aborda los impactos de la pandemia en las juventudes, principalmente en el acceso a la educaci\u00f3n ya que la desigualdad en el acceso al internet, telefon\u00eda, entre otras, da como resultado la deserci\u00f3n escolar.<\/p>\n\n\n\n<p class=\"wp-block-paragraph\">Las principales propuestas, ante las&nbsp;problem\u00e1ticas y necesidades que las personas j\u00f3venes enfrentan, est\u00e1n dirigidas a sus familiares, las escuelas, los centros de salud y las autoridades.<\/p>\n\n\n\n<p class=\"wp-block-paragraph\">A familiares les plantean reconocer la autonom\u00eda de las y los j\u00f3venes, para ejercer sus derechos sexuales, reproductivos y a una vida libre de violencia, disponiendo de su cuerpo de manera libre e informada.&nbsp;\u2028<\/p>\n\n\n\n<p class=\"wp-block-paragraph\">Propiciar una comunicaci\u00f3n asertiva, basada en la palabra de las y los j\u00f3venes, respetando sus opiniones y atendiendo sus necesidades y garantizar los derechos humanos y el acompa\u00f1amiento en la exigencia de que las autoridades correspondientes cumplan.<\/p>\n\n\n\n<p class=\"wp-block-paragraph\">A las escuelas, los y las j\u00f3venes proponen&nbsp;generar programas educativos integrales que promuevan informaci\u00f3n cr\u00edtica en torno a tem\u00e1ticas de sexualidad con una visi\u00f3n de g\u00e9nero, respetando el derecho a la educaci\u00f3n e informaci\u00f3n de las juventudes.&nbsp;\u2028<\/p>\n\n\n\n<p class=\"wp-block-paragraph\">La educaci\u00f3n sexual en las instituciones debe contener aspectos cognitivos, psicol\u00f3gicos, f\u00edsicos y sociales de la sexualidad desde un enfoque de g\u00e9nero y derechos humanos.&nbsp;\u2028<\/p>\n\n\n\n<p class=\"wp-block-paragraph\">A los centros de salud les demandan&nbsp;mejorar la atenci\u00f3n de los servicios de salud sexual y reproductiva, facilitando el acceso de informaci\u00f3n y m\u00e9todos anticonceptivos. Adem\u00e1s de un acompa\u00f1amiento sensible y laico en este tema.<\/p>\n\n\n\n<p class=\"wp-block-paragraph\">Proporcionar espacios de consejer\u00eda de salud sexual y reproductiva que brinde a las y los j\u00f3venes los conocimientos y las habilidades que necesitan para tomar decisiones responsables con sus vidas, en t\u00e9rminos de salud sexual, reproductiva y violencia de g\u00e9nero.&nbsp;\u2028<\/p>\n\n\n\n<p class=\"wp-block-paragraph\">A las autoridades que permitan<strong>&nbsp;<\/strong>que las juventudes ejerzan su derecho a la ciudadan\u00eda de forma libre, brindando espacios donde puedan tomar decisiones que favorezcan y promuevan sus derechos sexuales, reproductivos y a una vida libre de violencia de g\u00e9nero.&nbsp;\u2028<\/p>\n\n\n\n<p class=\"wp-block-paragraph\">Que las pol\u00edticas p\u00fablicas para las juventudes en el estado incorporen la perspectiva de g\u00e9nero y de derechos humanos, as\u00ed como brindar espacios a las juventudes para promover informaci\u00f3n sobre salud sexual y violencia de g\u00e9nero a otras personas j\u00f3venes.&nbsp;\u2028<\/p>\n\n\n\n<p class=\"wp-block-paragraph\">La Agenda se encuentra disponible en:&nbsp;<a href=\"http:\/\/bit.ly\/agendadej%C3%B3venes\" target=\"_blank\" rel=\"noreferrer noopener\">http:\/\/bit.ly\/agendadej\u00f3venes<\/a><\/p>\n\n\n\n<p class=\"wp-block-paragraph\">SEM\/sj<\/p>\n","protected":false},"excerpt":{"rendered":"<p>* Presentan la Agenda de J\u00f3venes resultado de un trabajo impulsado por Consorcio Oaxaca * Sus propuestas est\u00e1n dirigidas a sus familias, escuelas, centros de salud y autoridades Redacci\u00f3n SemM\u00e9xico, Oaxaca, 21 de diciembre, 2020.-&nbsp;Promover en las instituciones de salud una atenci\u00f3n en marco de los derechos sexuales y reproductivos que ayude a prevenir el [&hellip;]<\/p>\n","protected":false},"author":3,"featured_media":30101,"comment_status":"open","ping_status":"open","sticky":false,"template":"","format":"standard","meta":{"_monsterinsights_skip_tracking":false,"footnotes":""},"categories":[691,54],"tags":[],"class_list":["post-30100","post","type-post","status-publish","format-standard","has-post-thumbnail","category-691","category-mujeres"],"_links":{"self":[{"href":"https:\/\/redsemlac.com\/semmexico\/wp-json\/wp\/v2\/posts\/30100","targetHints":{"allow":["GET"]}}],"collection":[{"href":"https:\/\/redsemlac.com\/semmexico\/wp-json\/wp\/v2\/posts"}],"about":[{"href":"https:\/\/redsemlac.com\/semmexico\/wp-json\/wp\/v2\/types\/post"}],"author":[{"embeddable":true,"href":"https:\/\/redsemlac.com\/semmexico\/wp-json\/wp\/v2\/users\/3"}],"replies":[{"embeddable":true,"href":"https:\/\/redsemlac.com\/semmexico\/wp-json\/wp\/v2\/comments?post=30100"}],"version-history":[{"count":0,"href":"https:\/\/redsemlac.com\/semmexico\/wp-json\/wp\/v2\/posts\/30100\/revisions"}],"wp:featuredmedia":[{"embeddable":true,"href":"https:\/\/redsemlac.com\/semmexico\/wp-json\/wp\/v2\/media\/30101"}],"wp:attachment":[{"href":"https:\/\/redsemlac.com\/semmexico\/wp-json\/wp\/v2\/media?parent=30100"}],"wp:term":[{"taxonomy":"category","embeddable":true,"href":"https:\/\/redsemlac.com\/semmexico\/wp-json\/wp\/v2\/categories?post=30100"},{"taxonomy":"post_tag","embeddable":true,"href":"https:\/\/redsemlac.com\/semmexico\/wp-json\/wp\/v2\/tags?post=30100"}],"curies":[{"name":"wp","href":"https:\/\/api.w.org\/{rel}","templated":true}]}}