{"id":30094,"date":"2020-12-21T17:24:32","date_gmt":"2020-12-21T17:24:32","guid":{"rendered":"https:\/\/redsemlac.com\/semmexico\/?p=30094"},"modified":"2023-07-21T16:40:56","modified_gmt":"2023-07-21T21:40:56","slug":"desdenan-dirigentes-partidistas-la-firma-de-un-pacto-contra-la-violencia-politica","status":"publish","type":"post","link":"https:\/\/redsemlac.com\/semmexico\/desdenan-dirigentes-partidistas-la-firma-de-un-pacto-contra-la-violencia-politica\/","title":{"rendered":"Desde\u00f1an dirigentes partidistas la firma de un pacto contra la violencia pol\u00edtica"},"content":{"rendered":"\n<p class=\"wp-block-paragraph\">* Env\u00edan a representantes a un acto convocado por \u201cRed para el Avance Pol\u00edtico de las Mujeres Guerrerenses\u201d<\/p>\n\n\n\n<p class=\"wp-block-paragraph\">* Llaman a partidos pol\u00edticos y \u00f3rganos electorales a garantizar un registro paritario de candidaturas&nbsp;<\/p>\n\n\n\n<p class=\"wp-block-paragraph\">Josefina Aguilar Pastor&nbsp;<\/p>\n\n\n\n<p class=\"wp-block-paragraph\">SemM\u00e9xico, Chilpancingo, Gro., 21 de diciembre, 2020.- A pesar de que en el discurso aseguran estar a favor de la paridad, dirigentes de partidos pol\u00edticos desde\u00f1aron la convocatoria hecha por la \u201cRed para el Avance Pol\u00edtico de las Mujeres Guerrerenses\u201d, en la que se firm\u00f3 un Pacto por una Democracia Paritaria Libre de Violencia y enviaron representantes.<\/p>\n\n\n\n<p class=\"wp-block-paragraph\">El acto, en el z\u00f3calo de esta capital, se realiz\u00f3 sin la presencia de ning\u00fan dirigente partidista. Fue notoria la ausencia de Esteban Albarr\u00e1n Mendoza del PRI; del PRD, Alberto Catal\u00e1n Bastida; del PAN, Eloy Salmer\u00f3n D\u00edaz; de Morena, Nora Vel\u00e1zquez; del PRT, Victoriano Wences Real; Adri\u00e1n Wences Carrasco de Movimiento Ciudadano;&nbsp;Alejandro Carabias Icaza, del Partido Verde Ecologista de M\u00e9xico, y de Carolina Lancunza del Partido Fuerza por M\u00e9xico.<\/p>\n\n\n\n<p class=\"wp-block-paragraph\">Reyna Ramirez Santana, presidenta de&nbsp;la \u201cRed para el Avance Pol\u00edtico de las Mujeres Guerrerenses\u201d, explic\u00f3 que el objetivo del Pacto por una Democracia Paritaria Libre de Violencia en el Estado de Guerrero es buscar garantizar el ejercicio efectivo de los derechos pol\u00edticos de las mujereas en el proceso electoral 2020-2021, as\u00ed como la prevenci\u00f3n, atenci\u00f3n y sanci\u00f3n de los casos de violencia pol\u00edtica en raz\u00f3n de g\u00e9nero antes y despu\u00e9s de las elecciones, con la participaci\u00f3n de los partidos pol\u00edticos y el gobierno del Estado.<\/p>\n\n\n\n<p class=\"wp-block-paragraph\">Subray\u00f3 que Guerrero cuenta con la capacidad, la voluntad pol\u00edtica y el principio constitucional para hacer realidad la paridad en todo, \u201ces hora de hacer efectiva la plena participaci\u00f3n de las mujeres en los distintos \u00f3rganos de toma de decisiones y representaci\u00f3n pol\u00edtica, a trav\u00e9s de los cuales, se definen las pol\u00edticas p\u00fablicas, los presupuestos p\u00fablicos y los marcos regulatorios para su cumplimiento\u201d.<\/p>\n\n\n\n<p class=\"wp-block-paragraph\">Agreg\u00f3 que el derecho de las mujeres a participar pol\u00edticamente no debe limitarse al derecho a votar y ser electas, sino a intervenir libres de discriminaci\u00f3n y violencia en todos aquellos espacios donde se deliberan y deciden los asuntos p\u00fablicos. Reiter\u00f3 la importancia de los liderazgos y participaci\u00f3n paritaria de las mujeres y hombres en el logro del buen gobierno y la democracia incluyente.<\/p>\n\n\n\n<p class=\"wp-block-paragraph\">Bajo este pacto, la Red llama a los partidos pol\u00edticos y \u00f3rganos electorales a garantizar un registro paritario de candidaturas a cargos de elecci\u00f3n popular, observando los lineamientos emitidos por el Instituto Nacional Electoral, y lograr la integraci\u00f3n paritaria del Congreso del Estado y ayuntamientos.<\/p>\n\n\n\n<p class=\"wp-block-paragraph\">Tambi\u00e9n pretende asegurar que los partidos pol\u00edticos en el registro de candidaturas a cargos de elecci\u00f3n popular, observen y cumplan con lo dispuesto en los lineamientos de violencia pol\u00edtica contra las mujeres en raz\u00f3n de g\u00e9nero, emitidos por el INE que establece que quien aspire a ser candidato a cargos de elecci\u00f3n popular, deber\u00e1n firmar un formato de buena fe, donde establezcan que no est\u00e1 condenando o sancionado por cometer delitos sexuales, violencia familiar, dom\u00e9stica y no ser deudores alimentarios.<\/p>\n\n\n\n<p class=\"wp-block-paragraph\">Implementar acciones afirmativas que favorezcan el ingreso, permanencia y desarrollo de las mujeres en el ejercicio de cargos de espacio de toma de decisiones, al considerar que la violencia tambi\u00e9n se da cuando las mujeres asumen los cargos p\u00fablicos.<\/p>\n\n\n\n<p class=\"wp-block-paragraph\">Supervisar que las campa\u00f1as para promover los derechos pol\u00edtico \u2013electorales de las personas se abstengan de reproducir estereotipos de g\u00e9nero que denigren o descalifiquen a las mujeres en ejercicio de sus funciones pol\u00edticas, con el prop\u00f3sito de menoscabar su imagen p\u00fablica o limitar o anular sus derechos.<\/p>\n\n\n\n<p class=\"wp-block-paragraph\">Exigir que los partidos pol\u00edticos asignen y respeten una distribuci\u00f3n equitativa de recursos durante las campa\u00f1as electorales a mujeres y hombres \u201cno queremos una o dos lonitas, a las mujeres las mandan siempre sin recursos, sin propaganda y sin estructura por el solo hecho de ser mujer\u201d, reclam\u00f3 Ram\u00edrez Santana, quien sostuvo que \u201clas mujeres estamos listas para gobernar Guerrero\u201d.<\/p>\n\n\n\n<p class=\"wp-block-paragraph\">Finalmente, el documento fue firmado por los representantes enviados por los dirigentes partidistas, as\u00ed como por la titular de la Secretar\u00eda de la Mujer, Maira Mart\u00ednez Pineda, en representaci\u00f3n del gobierno del estado, e integrantes de la Red para el Avance Pol\u00edtico de las Mujeres Guerrerenses.<\/p>\n\n\n\n<p class=\"wp-block-paragraph\">SEM\/jap\/sj<\/p>\n","protected":false},"excerpt":{"rendered":"<p>* Env\u00edan a representantes a un acto convocado por \u201cRed para el Avance Pol\u00edtico de las Mujeres Guerrerenses\u201d * Llaman a partidos pol\u00edticos y \u00f3rganos electorales a garantizar un registro paritario de candidaturas&nbsp; Josefina Aguilar Pastor&nbsp; SemM\u00e9xico, Chilpancingo, Gro., 21 de diciembre, 2020.- A pesar de que en el discurso aseguran estar a favor de [&hellip;]<\/p>\n","protected":false},"author":3,"featured_media":30095,"comment_status":"open","ping_status":"open","sticky":false,"template":"","format":"standard","meta":{"_monsterinsights_skip_tracking":false,"footnotes":""},"categories":[691,141],"tags":[],"class_list":["post-30094","post","type-post","status-publish","format-standard","has-post-thumbnail","category-691","category-elecciones-2020-2021"],"_links":{"self":[{"href":"https:\/\/redsemlac.com\/semmexico\/wp-json\/wp\/v2\/posts\/30094","targetHints":{"allow":["GET"]}}],"collection":[{"href":"https:\/\/redsemlac.com\/semmexico\/wp-json\/wp\/v2\/posts"}],"about":[{"href":"https:\/\/redsemlac.com\/semmexico\/wp-json\/wp\/v2\/types\/post"}],"author":[{"embeddable":true,"href":"https:\/\/redsemlac.com\/semmexico\/wp-json\/wp\/v2\/users\/3"}],"replies":[{"embeddable":true,"href":"https:\/\/redsemlac.com\/semmexico\/wp-json\/wp\/v2\/comments?post=30094"}],"version-history":[{"count":0,"href":"https:\/\/redsemlac.com\/semmexico\/wp-json\/wp\/v2\/posts\/30094\/revisions"}],"wp:featuredmedia":[{"embeddable":true,"href":"https:\/\/redsemlac.com\/semmexico\/wp-json\/wp\/v2\/media\/30095"}],"wp:attachment":[{"href":"https:\/\/redsemlac.com\/semmexico\/wp-json\/wp\/v2\/media?parent=30094"}],"wp:term":[{"taxonomy":"category","embeddable":true,"href":"https:\/\/redsemlac.com\/semmexico\/wp-json\/wp\/v2\/categories?post=30094"},{"taxonomy":"post_tag","embeddable":true,"href":"https:\/\/redsemlac.com\/semmexico\/wp-json\/wp\/v2\/tags?post=30094"}],"curies":[{"name":"wp","href":"https:\/\/api.w.org\/{rel}","templated":true}]}}