{"id":30083,"date":"2020-12-20T18:29:13","date_gmt":"2020-12-20T18:29:13","guid":{"rendered":"https:\/\/redsemlac.com\/semmexico\/?p=30083"},"modified":"2023-07-21T16:40:57","modified_gmt":"2023-07-21T21:40:57","slug":"onu-mujeres-inmujeres-y-conavim-presentan-el-estudio-la-violencia-feminicida-en-mexico-aproximaciones-y-tendencias","status":"publish","type":"post","link":"https:\/\/redsemlac.com\/semmexico\/onu-mujeres-inmujeres-y-conavim-presentan-el-estudio-la-violencia-feminicida-en-mexico-aproximaciones-y-tendencias\/","title":{"rendered":"ONU Mujeres, Inmujeres y Conavim presentan el estudio \u201cLa violencia feminicida en M\u00e9xico: aproximaciones y tendencias\u201d"},"content":{"rendered":"\n<p class=\"wp-block-paragraph\">Redacci\u00f3n <\/p>\n\n\n\n<p class=\"wp-block-paragraph\">SemM\u00e9xico. <strong>Ciudad de M\u00e9xico, 20 de diciembre de 2020.<\/strong>\u00a0&#8211; La\u00a0Entidad de las Naciones Unidas para la Igualdad de G\u00e9nero,\u00a0ONU Mujeres;\u00a0el Instituto Nacional de las Mujeres\u00a0(Inmujeres);\u00a0y\u00a0la Secretar\u00eda de Gobernaci\u00f3n, a trav\u00e9s de\u00a0la Comisi\u00f3n\u00a0Nacional para\u00a0Prevenir y Erradicar la Violencia contra las Mujeres (Conavim); presentaron el estudio \u2018La violencia feminicida en M\u00e9xico: aproximaciones y tendencias\u2019, un esfuerzo conjunto para generar evidencia, documentar rigurosamente y analizar la situaci\u00f3n que guarda la violencia feminicida en el pa\u00eds, en una serie hist\u00f3rica que cubre desde 1985 hasta 2019.<\/p>\n\n\n\n<p class=\"wp-block-paragraph\">En la presentaci\u00f3n del estudio se destacaron&nbsp;los avances de M\u00e9xico para prevenir, atender y contribuir&nbsp;y&nbsp;erradicar la&nbsp;violencia contra las mujeres; no obstante, contin\u00faan prevaleciendo estereotipos de g\u00e9nero y deficiencias institucionales, principalmente en la procuraci\u00f3n de justicia, que impiden a las v\u00edctimas, directas e indirectas, acceder a la justicia, en consonancia con los instrumentos de derechos humanos de las mujeres y las ni\u00f1as.<\/p>\n\n\n\n<p class=\"wp-block-paragraph\">En este sentido, el estudio muestra la complejidad de la medici\u00f3n de la violencia contra las mujeres con base en distintas fuentes oficiales de informaci\u00f3n que analizadas en conjunto, ofrecen la oportunidad de sustentar los esfuerzos institucionales para prevenir y atender la problem\u00e1tica sobre evidencias emp\u00edricas.<\/p>\n\n\n\n<p class=\"wp-block-paragraph\">En particular, el estudio refleja los desaf\u00edos para dar respuesta integral al complejo fen\u00f3meno de la violencia feminicida. Los datos analizados revelan que en el periodo comprendido entre 1985 y 2019 ocurrieron 63,324 Defunciones Femeninas con Presunci\u00f3n de Homicidio (DFPH); muestra que si bien se han dado oscilaciones en la serie hist\u00f3rica estudiada, en el a\u00f1o 2007 se dispar\u00f3 la violencia en el pa\u00eds, y que desde entonces hasta 2019, la cifra acumulada fue de 33,501 DFPH registradas en los certificados de defunci\u00f3n; revela tambi\u00e9n que en 2019 se registr\u00f3 la tasa m\u00e1s alta de DFPH desde 1985, (5.7 DFPH por cien mil mujeres).<\/p>\n\n\n\n<p class=\"wp-block-paragraph\">Adem\u00e1s, con datos del Secretariado Ejecutivo del Sistema Nacional de Seguridad P\u00fablica, el estudio muestra que, durante el primer semestre de 2020, 73% de los homicidios de mujeres clasificados como dolosos fue perpetrado con arma de fuego, con un aumento de casi 14% en relaci\u00f3n con el primer semestre del a\u00f1o previo. En cambio, los asesinatos clasificados como feminicidios fueron perpetrados con arma de fuego en&nbsp;20% de los casos, tanto en el primer semestre de 2019 y como en el de 2020, es decir, uno de cada cinco feminicidios; y, en alrededor de 75%, se utilizaron armas blancas, la&nbsp;asfixia, el ahorcamiento y otros medios. Cada vez m\u00e1s se asesinan a las mujeres m\u00e1s j\u00f3venes, en la v\u00eda p\u00fablica y otros lugares distintos a sus viviendas.&nbsp;<\/p>\n\n\n\n<p class=\"wp-block-paragraph\">Desde el primer estudio de esta serie, publicado en 2010, las instituciones convocantes han hecho hincapi\u00e9 en la importancia de documentar y analizar la violencia feminicida en el pa\u00eds y se ha insistido en la necesidad de investigar todas las muertes violentas de mujeres (homicidios, suicidios y accidentes) con perspectiva de g\u00e9nero; incluso antes de las sentencias emblem\u00e1ticas que ha emitido la Suprema Corte de Justicia de la Naci\u00f3n al respecto.&nbsp;<\/p>\n\n\n\n<p class=\"wp-block-paragraph\">La crisis ocasionada por COVID-19 ha evidenciado el contexto de desigualdad imperante en nuestras sociedades, y la necesidad de actuar colectivamente para transformar esta realidad. &nbsp;Pero la situaci\u00f3n de la violencia contra mujeres y ni\u00f1as no es nuevo, no es producto de la pandemia; las mujeres viven en contextos de violencias graves; se enfrentan a violencia y acoso sexual en los hogares, las calles y las escuelas; abuso emocional y psicol\u00f3gico en las familias y con sus parejas; discriminaci\u00f3n y hostigamiento y acoso sexuales en los centros de trabajo y centros de salud. El estudio refiere c\u00f3mo estos tipos de violencia constituyen riesgos que pueden escalar hasta derivar en feminicidio, la expresi\u00f3n m\u00e1s grave de violencia contra las mujeres.&nbsp;<\/p>\n\n\n\n<p class=\"wp-block-paragraph\">Hoy, de cara a la construcci\u00f3n de una respuesta a la situaci\u00f3n de la pandemia COVID-19, ONU Mujeres, Inmujeres y&nbsp;Conavim&nbsp;reiteran la colaboraci\u00f3n y acciones conjuntas por parte de los tres poderes y \u00f3rdenes de gobierno, a las empresas, organizaciones de la sociedad civil, la academia y a la sociedad para poner en el centro a las mujeres y a las ni\u00f1as y trabajar de forma articulada para erradicar esta otra pandemia, la de la violencia contra las mujeres y las ni\u00f1as. Un futuro sostenible y pr\u00f3spero, depende de ello.<\/p>\n\n\n\n<p class=\"wp-block-paragraph\">El estudio fue presentado por la representante de ONU Mujeres en M\u00e9xico, Bel\u00e9n Sanz Luque; la presidenta del Inmujeres, Nadine Gasman Zylbermann; la titular de la&nbsp;Conavim, Fabiola Alan\u00eds S\u00e1mano; la experta,&nbsp;etn\u00f3loga&nbsp;y doctora Marcela Lagarde y de los R\u00edos; la experta del Comit\u00e9 para la Eliminaci\u00f3n de la Discriminaci\u00f3n contra las Mujeres (CEDAW), Leticia&nbsp;Bonifaz&nbsp;Alfonzo; la senadora y presidenta de la Comisi\u00f3n de Igualdad de G\u00e9nero del Senado, Marta Luc\u00eda Micher Camarena; la diputada federal y presidenta de la Comisi\u00f3n de Igualdad de G\u00e9nero de la C\u00e1mara de Diputadas y Diputados, Wendy Brice\u00f1o&nbsp;Zuloaga&nbsp;y, la ministra de la Suprema Corte de Justicia de la Naci\u00f3n, Norma Luc\u00eda Pi\u00f1a Hern\u00e1ndez.<\/p>\n\n\n\n<p class=\"wp-block-paragraph\">El estudio puede consultarse en:&nbsp;<a rel=\"noreferrer noopener\" target=\"_blank\" href=\"https:\/\/bit.ly\/3anBepd\">https:\/\/bit.ly\/3anBepd<\/a><\/p>\n","protected":false},"excerpt":{"rendered":"<p>Redacci\u00f3n SemM\u00e9xico. Ciudad de M\u00e9xico, 20 de diciembre de 2020.\u00a0&#8211; La\u00a0Entidad de las Naciones Unidas para la Igualdad de G\u00e9nero,\u00a0ONU Mujeres;\u00a0el Instituto Nacional de las Mujeres\u00a0(Inmujeres);\u00a0y\u00a0la Secretar\u00eda de Gobernaci\u00f3n, a trav\u00e9s de\u00a0la Comisi\u00f3n\u00a0Nacional para\u00a0Prevenir y Erradicar la Violencia contra las Mujeres (Conavim); presentaron el estudio \u2018La violencia feminicida en M\u00e9xico: aproximaciones y tendencias\u2019, un esfuerzo [&hellip;]<\/p>\n","protected":false},"author":3,"featured_media":30084,"comment_status":"open","ping_status":"open","sticky":false,"template":"","format":"standard","meta":{"_monsterinsights_skip_tracking":false,"footnotes":""},"categories":[691,51],"tags":[],"class_list":["post-30083","post","type-post","status-publish","format-standard","has-post-thumbnail","category-691","category-ejecutivo"],"_links":{"self":[{"href":"https:\/\/redsemlac.com\/semmexico\/wp-json\/wp\/v2\/posts\/30083","targetHints":{"allow":["GET"]}}],"collection":[{"href":"https:\/\/redsemlac.com\/semmexico\/wp-json\/wp\/v2\/posts"}],"about":[{"href":"https:\/\/redsemlac.com\/semmexico\/wp-json\/wp\/v2\/types\/post"}],"author":[{"embeddable":true,"href":"https:\/\/redsemlac.com\/semmexico\/wp-json\/wp\/v2\/users\/3"}],"replies":[{"embeddable":true,"href":"https:\/\/redsemlac.com\/semmexico\/wp-json\/wp\/v2\/comments?post=30083"}],"version-history":[{"count":0,"href":"https:\/\/redsemlac.com\/semmexico\/wp-json\/wp\/v2\/posts\/30083\/revisions"}],"wp:featuredmedia":[{"embeddable":true,"href":"https:\/\/redsemlac.com\/semmexico\/wp-json\/wp\/v2\/media\/30084"}],"wp:attachment":[{"href":"https:\/\/redsemlac.com\/semmexico\/wp-json\/wp\/v2\/media?parent=30083"}],"wp:term":[{"taxonomy":"category","embeddable":true,"href":"https:\/\/redsemlac.com\/semmexico\/wp-json\/wp\/v2\/categories?post=30083"},{"taxonomy":"post_tag","embeddable":true,"href":"https:\/\/redsemlac.com\/semmexico\/wp-json\/wp\/v2\/tags?post=30083"}],"curies":[{"name":"wp","href":"https:\/\/api.w.org\/{rel}","templated":true}]}}