{"id":30073,"date":"2020-12-19T04:52:59","date_gmt":"2020-12-19T04:52:59","guid":{"rendered":"https:\/\/redsemlac.com\/semmexico\/?p=30073"},"modified":"2023-07-21T16:40:57","modified_gmt":"2023-07-21T21:40:57","slug":"el-sol-de-mexico-gana-medalla-de-bronce-en-premios-nh20-por-portada-sobre-8m","status":"publish","type":"post","link":"https:\/\/redsemlac.com\/semmexico\/el-sol-de-mexico-gana-medalla-de-bronce-en-premios-nh20-por-portada-sobre-8m\/","title":{"rendered":"El Sol de M\u00e9xico gana medalla de bronce en premios \u00d1H20 por portada sobre 8M"},"content":{"rendered":"\n<ul class=\"wp-block-list\"><li><strong>Este diario obtuvo una medalla de bronce gracias a la portada publicada el 10 de marzo tras el movimiento 8M, convirti\u00e9ndose en el \u00fanico medio mexicano galardonado<\/strong><\/li><\/ul>\n\n\n\n<p class=\"wp-block-paragraph\"><strong>Redacci\u00f3n<\/strong><\/p>\n\n\n\n<p class=\"wp-block-paragraph\">SemM\u00e9xico\/El Sol de M\u00e9xico. Ciudad de M\u00e9xico. 18 de diciembre 2020.- El Sol de M\u00e9xico est\u00e1 de manteles largos al convertirse en el \u00fanico medio mexicano en ser galardonado en los Premios \u00d1H20, donde se reconocen a las publicaciones mejor dise\u00f1adas durante el a\u00f1o.<\/p>\n\n\n\n<p class=\"wp-block-paragraph\">Este diario obtuvo una medalla de bronce gracias a la portada publicada el 10 de marzo tras el movimiento feminista 8M, d\u00eda en el que mujeres de todo el pa\u00eds se unieron para recordar su valor e importancia ante la sociedad.<\/p>\n\n\n\n<p class=\"wp-block-paragraph\">En los \u00d1H20, organizados por la Society for News Design Espa\u00f1a (SND-E) y la SND Sudam\u00e9rica, se premia con medallas de oro, plata y bronce a lo mejor del dise\u00f1o period\u00edstico en distintas categor\u00edas.<\/p>\n\n\n\n<p class=\"wp-block-paragraph\">Aquel d\u00eda que fue publicada la portada ganadora de El Sol de M\u00e9xico, trabajadoras de la Organizaci\u00f3n Editorial Mexicana (OEM) participaron en la protesta contra la violencia hacia las mujeres, por tanto no acudieron a laborar. Este hecho qued\u00f3 plasmado en la portada del impreso, dejando en blanco la hoja, siendo acompa\u00f1ada solamente en la parte inferior con la leyenda: \u00abSin las mujeres este peri\u00f3dico no puede salir completo\u00bb.<\/p>\n\n\n\n<p class=\"wp-block-paragraph\">No es la primera vez que esta casa editorial obtiene un galard\u00f3n en los Premios \u00d1H. En 2019, El Sol de M\u00e9xico fue reconocido como\u00a0<strong><a href=\"https:\/\/www.elsoldemexico.com.mx\/mexico\/sociedad\/ultimas-noticias-el-sol-de-mexico-elegido-como-mejor-diario-local-y-regional-en-los-premios-nh19-periodico-medios-de-comunicacion-impreso-digital-4306304.html\">el mejor dise\u00f1o en diario o semanario local y regional<\/a>,<\/strong>\u00a0convirti\u00e9ndose tambi\u00e9n en el \u00fanico mexicano entre las publicaciones galardonadas.<\/p>\n\n\n\n<p class=\"wp-block-paragraph\">En marzo de ese mismo a\u00f1o, la Society for News Design (SND) otorg\u00f3 a El Sol de M\u00e9xico el&nbsp;<a href=\"https:\/\/www.elsoldemexico.com.mx\/mexico\/sociedad\/society-for-news-design-otorgan-a-el-sol-de-mexico-el-premio-a-la-excelencia-3180873.html\"><strong>Premio a la Excelencia por la innovaci\u00f3n y calidad en sus portadas<\/strong>&nbsp;<\/a>sobre el proceso electoral del 2018, la toma de poder de Andr\u00e9s Manuel L\u00f3pez Obrador, el 50 aniversario del 2 de octubre y el redise\u00f1o de esta casa editorial que han acaparado la atenci\u00f3n de la prensa nacional e internacional, reiterando que nuestra misi\u00f3n es comunicar las noticias con valor agregado y transmitir las ideas m\u00e1s all\u00e1 de la inmediatez.<\/p>\n\n\n\n<p class=\"wp-block-paragraph\">En 2018, la&nbsp;<a href=\"https:\/\/www.elsoldemexico.com.mx\/mexico\/sociedad\/portada-del-1-de-julio-de-el-sol-de-mexico-galardonada-con-premio-nh-2676977.html\"><strong>portada del 1 de julio<\/strong><\/a>&nbsp;con motivo de las elecciones en M\u00e9xico obtuvo la medalla de bronce, destacando una paloma de la paz y el llamado a un M\u00e9xico unido.<\/p>\n\n\n\n<figure class=\"wp-block-image\"><img decoding=\"async\" src=\"https:\/\/www.elsoldemexico.com.mx\/mexico\/h623me-portada-1-julio.jpg\/alternates\/FREE_720\/Portada-1-Julio.jpg\" alt=\"\" title=\"Portada-1-Julio.jpg\"\/><\/figure>\n\n\n\n<p class=\"wp-block-paragraph\">Este a\u00f1o se presentaron mil 888 entradas de 102 medios de 14 pa\u00edses y el jurado concedi\u00f3 un total de 259 medallas, de las que 16 han sido oro, 60 plata y 183 bronce.<\/p>\n\n\n\n<p class=\"wp-block-paragraph\">En la categor\u00eda de Diarios, se contabilizan ocho de oro, 25 de plata y 105 de bronce; en la de Revistas, cuatro de oro, 20 de plata y 43 de bronce; en la de Publicaciones Digitales, tres de oro, 11 de plata y 26 de bronce; en la de Publicaciones Corporativas, una de oro, dos de plata y cinco de bronce; y en la de Estudiantes, la novedad de esta edici\u00f3n, dos de plata y cuatro de bronce.<\/p>\n\n\n\n<p class=\"wp-block-paragraph\">Entre los ganadores destacan El Mundo (Espa\u00f1a), como el mejor de la categor\u00eda de diarios o semanarios impresos de circulaci\u00f3n nacional; Ara (Espa\u00f1a), como mejor diario o semanario local y regional; y Marca (Espa\u00f1a), como mejor diario deportivo y popular.<\/p>\n\n\n\n<p class=\"wp-block-paragraph\">En la categor\u00eda de Revistas, El Pa\u00eds Semanal (Espa\u00f1a) se llev\u00f3 el galard\u00f3n, mientras que en medios digitales, el ganador fue El Pa\u00eds (Espa\u00f1a).<\/p>\n\n\n\n<p class=\"wp-block-paragraph\">Ellos son los 17 profesionales y acad\u00e9micos que conformaron el jurado:<\/p>\n\n\n\n<ul class=\"wp-block-list\"><li>Alejandra Bliffeld (La Naci\u00f3n, Argentina)<\/li><li>Ana Fern\u00e1ndez Velasco (El Pa\u00eds, Espa\u00f1a)<\/li><li>Dar\u00edo Forero (Alcald\u00eda Mayor de Bogot\u00e1, Colombia)<\/li><li>David Maris (Univision Noticias, EU)<\/li><li>Gabi Schmidt (Schmidt Media Group, EU)<\/li><li>Gil Dicelli (O Povo, Brasil)<\/li><li>Heglar Fleming (La Tercera, Chile)<\/li><li>Jos\u00e9 Santana (GQ, Portugal)<\/li><li>Miguel \u00c1ngel Jimeno (Universidad de Navarra, Espa\u00f1a)<\/li><li>Miguel G\u00f3mez (Gulf News, Emiratos \u00c1rabes Unidos)<\/li><li>Norca Amezquita (Dise\u00f1adora Gr\u00e1fica y Directora de Arte y de Fotograf\u00eda, Rep\u00fablica Dominicana)<\/li><li>Pablo Battovaz (Ol\u00e9, Argentina)<\/li><li>Pablo Corral (Fotoperiodista, Ecuador)<\/li><li>Pedro Fernandes (Di\u00e1rio de Not\u00edcias, Portugal)<\/li><li>Thea Severino (Folha de S.Paulo, Brasil)<\/li><li>V\u00edctor Palau (PalauGea \/ Gr\u00e0ffica, Espa\u00f1a)<\/li><li>Xabi D\u00edaz de Cerio (F\u00e1brica de Ideas, Per\u00fa)<\/li><\/ul>\n","protected":false},"excerpt":{"rendered":"<p>Este diario obtuvo una medalla de bronce gracias a la portada publicada el 10 de marzo tras el movimiento 8M, convirti\u00e9ndose en el \u00fanico medio mexicano galardonado Redacci\u00f3n SemM\u00e9xico\/El Sol de M\u00e9xico. Ciudad de M\u00e9xico. 18 de diciembre 2020.- El Sol de M\u00e9xico est\u00e1 de manteles largos al convertirse en el \u00fanico medio mexicano en [&hellip;]<\/p>\n","protected":false},"author":3,"featured_media":30074,"comment_status":"open","ping_status":"open","sticky":false,"template":"","format":"standard","meta":{"_monsterinsights_skip_tracking":false,"footnotes":""},"categories":[691,55],"tags":[],"class_list":["post-30073","post","type-post","status-publish","format-standard","has-post-thumbnail","category-691","category-periodistas"],"_links":{"self":[{"href":"https:\/\/redsemlac.com\/semmexico\/wp-json\/wp\/v2\/posts\/30073","targetHints":{"allow":["GET"]}}],"collection":[{"href":"https:\/\/redsemlac.com\/semmexico\/wp-json\/wp\/v2\/posts"}],"about":[{"href":"https:\/\/redsemlac.com\/semmexico\/wp-json\/wp\/v2\/types\/post"}],"author":[{"embeddable":true,"href":"https:\/\/redsemlac.com\/semmexico\/wp-json\/wp\/v2\/users\/3"}],"replies":[{"embeddable":true,"href":"https:\/\/redsemlac.com\/semmexico\/wp-json\/wp\/v2\/comments?post=30073"}],"version-history":[{"count":0,"href":"https:\/\/redsemlac.com\/semmexico\/wp-json\/wp\/v2\/posts\/30073\/revisions"}],"wp:featuredmedia":[{"embeddable":true,"href":"https:\/\/redsemlac.com\/semmexico\/wp-json\/wp\/v2\/media\/30074"}],"wp:attachment":[{"href":"https:\/\/redsemlac.com\/semmexico\/wp-json\/wp\/v2\/media?parent=30073"}],"wp:term":[{"taxonomy":"category","embeddable":true,"href":"https:\/\/redsemlac.com\/semmexico\/wp-json\/wp\/v2\/categories?post=30073"},{"taxonomy":"post_tag","embeddable":true,"href":"https:\/\/redsemlac.com\/semmexico\/wp-json\/wp\/v2\/tags?post=30073"}],"curies":[{"name":"wp","href":"https:\/\/api.w.org\/{rel}","templated":true}]}}