{"id":30067,"date":"2020-12-19T04:38:56","date_gmt":"2020-12-19T04:38:56","guid":{"rendered":"https:\/\/redsemlac.com\/semmexico\/?p=30067"},"modified":"2023-07-21T16:40:58","modified_gmt":"2023-07-21T21:40:58","slug":"mocion-del-comite-ejecutivo-de-la-fip","status":"publish","type":"post","link":"https:\/\/redsemlac.com\/semmexico\/mocion-del-comite-ejecutivo-de-la-fip\/","title":{"rendered":"Moci\u00f3n del Comit\u00e9 Ejecutivo de la FIP"},"content":{"rendered":"\n<ul class=\"wp-block-list\"><li>M\u00e9xico es uno de los pa\u00edses m\u00e1s peligrosos del mundo para la libertad de prensa, dice el FIP<\/li><li>Se suma a la exigencia al esclarecimiento del asesinato del  fotoperiodista,  Jaime Daniel Casta\u00f1o Zacar\u00edas.<\/li><\/ul>\n\n\n\n<p class=\"wp-block-paragraph\">SemM\u00e9xico\/SNRP. Ciudad de M\u00e9xico. 18 de diciembre de 2020.- El Comit\u00e9 Ejecutivo de la Federaci\u00f3n Internacional de Periodistas (FIP), que representa a 600.000 miembros en 150 pa\u00edses, est\u00e1 consternado por el asesinato de Jaime Daniel Casta\u00f1o Zacar\u00edas, fotoperiodista de Jerez (M\u00e9xico) el mi\u00e9rcoles 9 de diciembre de 2020. Este colega fue previamente amenazado y estaba bajo protecci\u00f3n estatal. Fue asesinado despu\u00e9s de haber ejercido su profesi\u00f3n fotografiando cad\u00e1veres al costado de una carretera.<\/p>\n\n\n\n<p class=\"wp-block-paragraph\">El Comit\u00e9 Ejecutivo recuerda que M\u00e9xico es uno de los pa\u00edses m\u00e1s peligrosos del mundo para la libertad de prensa, donde han muerto m\u00e1s de 100 periodistas desde principios de este siglo.<\/p>\n\n\n\n<p class=\"wp-block-paragraph\">El Comit\u00e9 Ejecutivo de la FIP muestra su pleno apoyo a su afiliada en M\u00e9xico, el SNRP (Sindicato Nacional de Redactores de Prensa), a las y los periodistas mexicanos y recuerda que solo la adopci\u00f3n de la \u201cConvenci\u00f3n Internacional para la Seguridad e Independencia de los Periodistas y otros Profesionales de los Medios \u201cde la Asamblea General de las Naciones Unidas permitir\u00e1 enjuiciar a los asesinos de periodistas y a los autores intelectuales de estos cr\u00edmenes y acabar\u00e1 con el inaceptable nivel de impunidad del que disfrutan actualmente.<\/p>\n","protected":false},"excerpt":{"rendered":"<p>M\u00e9xico es uno de los pa\u00edses m\u00e1s peligrosos del mundo para la libertad de prensa, dice el FIP<\/p>\n","protected":false},"author":3,"featured_media":30068,"comment_status":"open","ping_status":"open","sticky":false,"template":"","format":"standard","meta":{"_monsterinsights_skip_tracking":false,"footnotes":""},"categories":[691,55],"tags":[],"class_list":["post-30067","post","type-post","status-publish","format-standard","has-post-thumbnail","category-691","category-periodistas"],"_links":{"self":[{"href":"https:\/\/redsemlac.com\/semmexico\/wp-json\/wp\/v2\/posts\/30067","targetHints":{"allow":["GET"]}}],"collection":[{"href":"https:\/\/redsemlac.com\/semmexico\/wp-json\/wp\/v2\/posts"}],"about":[{"href":"https:\/\/redsemlac.com\/semmexico\/wp-json\/wp\/v2\/types\/post"}],"author":[{"embeddable":true,"href":"https:\/\/redsemlac.com\/semmexico\/wp-json\/wp\/v2\/users\/3"}],"replies":[{"embeddable":true,"href":"https:\/\/redsemlac.com\/semmexico\/wp-json\/wp\/v2\/comments?post=30067"}],"version-history":[{"count":0,"href":"https:\/\/redsemlac.com\/semmexico\/wp-json\/wp\/v2\/posts\/30067\/revisions"}],"wp:featuredmedia":[{"embeddable":true,"href":"https:\/\/redsemlac.com\/semmexico\/wp-json\/wp\/v2\/media\/30068"}],"wp:attachment":[{"href":"https:\/\/redsemlac.com\/semmexico\/wp-json\/wp\/v2\/media?parent=30067"}],"wp:term":[{"taxonomy":"category","embeddable":true,"href":"https:\/\/redsemlac.com\/semmexico\/wp-json\/wp\/v2\/categories?post=30067"},{"taxonomy":"post_tag","embeddable":true,"href":"https:\/\/redsemlac.com\/semmexico\/wp-json\/wp\/v2\/tags?post=30067"}],"curies":[{"name":"wp","href":"https:\/\/api.w.org\/{rel}","templated":true}]}}