{"id":30063,"date":"2020-12-20T11:00:00","date_gmt":"2020-12-20T11:00:00","guid":{"rendered":"https:\/\/redsemlac.com\/semmexico\/?p=30063"},"modified":"2023-07-21T16:40:57","modified_gmt":"2023-07-21T21:40:57","slug":"seimujer-e-instancias-municipales-de-la-mujer-trabajan-en-la-prevencion-de-la-violencia-de-genero","status":"publish","type":"post","link":"https:\/\/redsemlac.com\/semmexico\/seimujer-e-instancias-municipales-de-la-mujer-trabajan-en-la-prevencion-de-la-violencia-de-genero\/","title":{"rendered":"Seimujer e Instancias Municipales de la Mujer trabajan en la prevenci\u00f3n de la violencia de g\u00e9nero"},"content":{"rendered":"\n<ul class=\"wp-block-list\"><li><strong>Esperan que se oficialice en la Ley Org\u00e1nica Municipal del Estado, la propuesta que obligue a los municipios a contar con una IMM.<\/strong><\/li><\/ul>\n\n\n\n<p class=\"wp-block-paragraph\"><strong>Irma L. M\u00e1rquez Torres<br>SemM\u00e9xico. Morelia, Michoac\u00e1n. 20 de diciembre de 2020.-<\/strong>\u00a0La Secretar\u00eda de Igualdad Sustantiva y Desarrollo de las Mujeres (Seimujer), reforz\u00f3 durante este a\u00f1o las capacitaciones para las directoras de las Instancias Municipales de la Mujer (IMM). <\/p>\n\n\n\n<p class=\"wp-block-paragraph\">Ante ello la titular de Seimujer, Nuria Hern\u00e1ndez se\u00f1al\u00f3 que conf\u00edan en que en los pr\u00f3ximos d\u00edas se pueda oficializar en la Ley Org\u00e1nica Municipal del Estado, la propuesta que obligue a los municipios a contar con una IMM, a la cual deber\u00e1n darle recursos y personal.<br><br>\u00abHa sido un a\u00f1o que nos ha ense\u00f1ado que debemos trabajar de manera conjunta para atender todas violencia contra las mujeres\u00bb, indic\u00f3 la titular de la Seimujer, Nuria Gabriela Hern\u00e1ndez Abarca, al reconocer que en 2020 se increment\u00f3 este problema contra ni\u00f1as y mujeres.<br><br>\u00abEl COVID-19 no es la \u00fanica pandemia que las mujeres han tenido que atender, las violencias que ya exist\u00edan y ahora se incrementaron son un problema que autoridades y sociedad hemos tenido que atender\u00bb, reconoci\u00f3 la funcionaria durante el encuentro que sostuvo con directoras de las IMM.<br><br>Tambi\u00e9n a nombre de las directoras, Teresa Serna Mart\u00ednez, del municipio de Huiramba, agradeci\u00f3 al Gobierno del Estado por las acciones emprendidas para fortalecer las IMM.<\/p>\n","protected":false},"excerpt":{"rendered":"<p>Esperan que se oficialice en la Ley Org\u00e1nica Municipal del Estado, la propuesta que obligue a los municipios a contar con una IMM.<\/p>\n","protected":false},"author":3,"featured_media":30064,"comment_status":"open","ping_status":"open","sticky":false,"template":"","format":"standard","meta":{"_monsterinsights_skip_tracking":false,"footnotes":""},"categories":[691,51],"tags":[],"class_list":["post-30063","post","type-post","status-publish","format-standard","has-post-thumbnail","category-691","category-ejecutivo"],"_links":{"self":[{"href":"https:\/\/redsemlac.com\/semmexico\/wp-json\/wp\/v2\/posts\/30063","targetHints":{"allow":["GET"]}}],"collection":[{"href":"https:\/\/redsemlac.com\/semmexico\/wp-json\/wp\/v2\/posts"}],"about":[{"href":"https:\/\/redsemlac.com\/semmexico\/wp-json\/wp\/v2\/types\/post"}],"author":[{"embeddable":true,"href":"https:\/\/redsemlac.com\/semmexico\/wp-json\/wp\/v2\/users\/3"}],"replies":[{"embeddable":true,"href":"https:\/\/redsemlac.com\/semmexico\/wp-json\/wp\/v2\/comments?post=30063"}],"version-history":[{"count":0,"href":"https:\/\/redsemlac.com\/semmexico\/wp-json\/wp\/v2\/posts\/30063\/revisions"}],"wp:featuredmedia":[{"embeddable":true,"href":"https:\/\/redsemlac.com\/semmexico\/wp-json\/wp\/v2\/media\/30064"}],"wp:attachment":[{"href":"https:\/\/redsemlac.com\/semmexico\/wp-json\/wp\/v2\/media?parent=30063"}],"wp:term":[{"taxonomy":"category","embeddable":true,"href":"https:\/\/redsemlac.com\/semmexico\/wp-json\/wp\/v2\/categories?post=30063"},{"taxonomy":"post_tag","embeddable":true,"href":"https:\/\/redsemlac.com\/semmexico\/wp-json\/wp\/v2\/tags?post=30063"}],"curies":[{"name":"wp","href":"https:\/\/api.w.org\/{rel}","templated":true}]}}