{"id":30052,"date":"2020-12-19T10:00:00","date_gmt":"2020-12-19T10:00:00","guid":{"rendered":"https:\/\/redsemlac.com\/semmexico\/?p=30052"},"modified":"2023-07-21T16:40:57","modified_gmt":"2023-07-21T21:40:57","slug":"universidad-autonoma-metropolitana-uam","status":"publish","type":"post","link":"https:\/\/redsemlac.com\/semmexico\/universidad-autonoma-metropolitana-uam\/","title":{"rendered":"La UAM transversaliza la violencia de g\u00e9nero mientras justifica despidos y abusos sexuales"},"content":{"rendered":"\n<ul class=\"wp-block-list\"><li><strong>La Red Internacional de Feministas del Medio Acad\u00e9mico&nbsp; pide rectificaci\u00f3n y reparaci\u00f3n de da\u00f1o<\/strong><\/li><li><strong>Esta universidad tiene una recomendaci\u00f3n de la CNDH por atropellos a mujeres y no responde<\/strong><\/li><\/ul>\n\n\n\n<p class=\"wp-block-paragraph\"><strong>Libertad L\u00f3pez<\/strong><\/p>\n\n\n\n<p class=\"wp-block-paragraph\">SemM\u00e9xico. Cd. de M\u00e9xico. 19 de diciembre 2020.- La Universidad Aut\u00f3noma Metropolitana UAM, incluy\u00f3 en el reglamento de alumnos incluir la violencia de g\u00e9nero, luego de la sesi\u00f3n 488 del Colegio Acad\u00e9mico, como resultado del <strong>Dictamen que present\u00f3 la Comisi\u00f3n encargada de dise\u00f1ar pol\u00edticas transversales en materia de violencia de g\u00e9nero<\/strong> como elementos constitutivos de los derechos universitarios, al tiempo de revisar casos de violencia y un despido injustificado precisamente a la jefa de la Unidad de Prevenci\u00f3n y Atenci\u00f3n de la Violencia de G\u00e9nero (UPAVIG).<\/p>\n\n\n\n<p class=\"wp-block-paragraph\">Las&nbsp; reformas se hicieron en el&nbsp; Reglamento de la Defensor\u00eda de los Derechos Universitarios, aprobado en la Sesi\u00f3n 461, y los integrantes del Colegio expresaron sus felicitaciones a ambas comisiones y por lo que en general denominaron \u201cun gran avance\u201d de la universidad en el tema.<\/p>\n\n\n\n<p class=\"wp-block-paragraph\">En la sesi\u00f3n -luego de haber agotado las discusiones sobre los 15 puntos del orden del d\u00eda-, adem\u00e1s &nbsp;&nbsp;se dio lectura a una carta dirigida al Colegio Acad\u00e9mico, escrita por acad\u00e9micas y administrativas de diversas universidades del pa\u00eds, integrantes de la Red Internacional de Feministas del Medio Acad\u00e9mico (RIFEMA), en la que llaman &nbsp;a las m\u00e1ximas autoridades de esa casa de estudios para que se revise el caso de despido injustificado de quien fuera la Jefa de la UAVIG de la Unidad Xochimilco del 4 de mayo al 30 de octubre del 2020 Piden, adem\u00e1s de que se&nbsp; rectifique el despido, se haga &nbsp;la reparaci\u00f3n integral del da\u00f1o, as\u00ed como medidas que eviten su revictimizaci\u00f3n.<\/p>\n\n\n\n<p class=\"wp-block-paragraph\">El despido de la titular de la UPAVIG se suma a otro caso de despido de la titular de una instancia de atenci\u00f3n a la violencia de g\u00e9nero ocurrido en la Unidad Lerma y a una recomendaci\u00f3n de la Comisi\u00f3n Nacional de Derechos Humanos CNDH que recae sobre la UAM por un caso de violencia ocurrido a una integrante de la comunidad universitaria.<\/p>\n\n\n\n<p class=\"wp-block-paragraph\">La RIFEMA se\u00f1ala como parad\u00f3jico que en medio de la celebraci\u00f3n por el \u201cgran avance\u201d en la transversalizaci\u00f3n e institucionalizaci\u00f3n de la perspectiva de g\u00e9nero, &nbsp;se hace imposible que la UAM permita y justifique la remoci\u00f3n del cargo de una titular de atenci\u00f3n a la violencia de g\u00e9nero arguyendo la \u201cautonom\u00eda\u201d y la \u201cnormatividad interna\u201d de dicha instituci\u00f3n educativa.<\/p>\n\n\n\n<p class=\"wp-block-paragraph\">Lo ocurrido en la Sesi\u00f3n 488 del Colegio Acad\u00e9mica celebrada ayer, puntualiza &nbsp;fue un bot\u00f3n de muestra de las complicidades machistas, de la impunidad con que act\u00faan las autoridades educativas, de la reacci\u00f3n de quienes tienen el poder (hombres) en esa universidad y lo m\u00e1s grave, fue una ejemplificaci\u00f3n del tratamiento que dan a los casos de violencia de g\u00e9nero, desde una perspectiva institucional y normativa que no admite lugar para las v\u00edctimas.&nbsp; La Universidad tiene una gran oportunidad de refrendar su compromiso de Cero tolerancia a la violencia de g\u00e9nero y buscar reparar el da\u00f1o grave ocasionado no s\u00f3lo a una especialista en la materia, sino a la comunidad universitaria y a las estudiantes, trabajadoras y profesoras que son las principales v\u00edctimas de acoso y hostigamiento y de diversos tipos de violencia de g\u00e9nero en la Universidad Aut\u00f3noma Metropolitana.<\/p>\n","protected":false},"excerpt":{"rendered":"<p>La Red Internacional de Feministas del Medio Acad\u00e9mico  pide rectificaci\u00f3n y reparaci\u00f3n de da\u00f1o<\/p>\n","protected":false},"author":3,"featured_media":30053,"comment_status":"open","ping_status":"open","sticky":false,"template":"","format":"standard","meta":{"_monsterinsights_skip_tracking":false,"footnotes":""},"categories":[691,51],"tags":[],"class_list":["post-30052","post","type-post","status-publish","format-standard","has-post-thumbnail","category-691","category-ejecutivo"],"_links":{"self":[{"href":"https:\/\/redsemlac.com\/semmexico\/wp-json\/wp\/v2\/posts\/30052","targetHints":{"allow":["GET"]}}],"collection":[{"href":"https:\/\/redsemlac.com\/semmexico\/wp-json\/wp\/v2\/posts"}],"about":[{"href":"https:\/\/redsemlac.com\/semmexico\/wp-json\/wp\/v2\/types\/post"}],"author":[{"embeddable":true,"href":"https:\/\/redsemlac.com\/semmexico\/wp-json\/wp\/v2\/users\/3"}],"replies":[{"embeddable":true,"href":"https:\/\/redsemlac.com\/semmexico\/wp-json\/wp\/v2\/comments?post=30052"}],"version-history":[{"count":0,"href":"https:\/\/redsemlac.com\/semmexico\/wp-json\/wp\/v2\/posts\/30052\/revisions"}],"wp:featuredmedia":[{"embeddable":true,"href":"https:\/\/redsemlac.com\/semmexico\/wp-json\/wp\/v2\/media\/30053"}],"wp:attachment":[{"href":"https:\/\/redsemlac.com\/semmexico\/wp-json\/wp\/v2\/media?parent=30052"}],"wp:term":[{"taxonomy":"category","embeddable":true,"href":"https:\/\/redsemlac.com\/semmexico\/wp-json\/wp\/v2\/categories?post=30052"},{"taxonomy":"post_tag","embeddable":true,"href":"https:\/\/redsemlac.com\/semmexico\/wp-json\/wp\/v2\/tags?post=30052"}],"curies":[{"name":"wp","href":"https:\/\/api.w.org\/{rel}","templated":true}]}}