{"id":30043,"date":"2020-12-18T22:59:55","date_gmt":"2020-12-18T22:59:55","guid":{"rendered":"https:\/\/redsemlac.com\/semmexico\/?p=30043"},"modified":"2023-07-21T16:40:58","modified_gmt":"2023-07-21T21:40:58","slug":"desde-la-mano-izquierda-paridad-no-el-varon-de-siempre","status":"publish","type":"post","link":"https:\/\/redsemlac.com\/semmexico\/desde-la-mano-izquierda-paridad-no-el-varon-de-siempre\/","title":{"rendered":"Desde la mano izquierda: Paridad no, el var\u00f3n de siempre"},"content":{"rendered":"\n<p class=\"wp-block-paragraph\"><strong>Por: Claudia Almaguer<\/strong><\/p>\n\n\n\n<p class=\"wp-block-paragraph\">SemM\u00e9xico. San Luis Potos\u00ed. 18 de diciembre 2020.- Para esta semana ya sabemos que el Tribunal Electoral del Poder Judicial de la Federaci\u00f3n aprob\u00f3 la revocaci\u00f3n del acuerdo del pasado 6 de noviembre en el Instituto Nacional Electoral que versaba sobre garantizar el principio de paridad para postular a mujeres en siete de las 15 gubernaturas que se compiten en los pr\u00f3ximos comicios de 2021 y que fue impugnado por el Partido Acci\u00f3n Nacional y el Senado de la Rep\u00fablica bajo motivaciones de falta de competencia, atentados a la Constituci\u00f3n, etc\u00e9tera.<\/p>\n\n\n\n<p class=\"wp-block-paragraph\">Dif\u00edcil ha sido el camino siempre, la brecha de g\u00e9nero en la representaci\u00f3n pol\u00edtica es hist\u00f3rica y avasallante, al respecto una diputada local en el Congreso de San Luis Potos\u00ed declaraba en estos d\u00edas que lo ideal ser\u00eda que los partidos postularan candidatas m\u00e1s que por ley por convicci\u00f3n, de manera \u201cnatural\u201d. A ver que s\u00ed, esperar un convencimiento de que las mujeres tienen derecho a la participaci\u00f3n en cargos de elecci\u00f3n sin que haya que forzar a ello ser\u00eda lo ideal, comprendiendo el t\u00e9rmino como una circunstancia perfecta, pero te\u00f3rica, imposible en la realidad.<\/p>\n\n\n\n<p class=\"wp-block-paragraph\">Jam\u00e1s una mujer pol\u00edtica se ha sentado a esperar a que su l\u00edder voltee a verla, a mirarla en su preparaci\u00f3n, inteligencia, capacidades e instinto y ha logrado algo con ello am\u00e9n de que le reconozcan estas competencias y se usen para la labor pesada de la operaci\u00f3n pol\u00edtica, es decir los que mandan son todos hombres y nunca en la historia democr\u00e1tica de M\u00e9xico se han levantado con \u00e1nimo de ser igualitarios, ya en un principio porque las mujeres ni contaban y desde 1953 de acuerdo al INE de las 315 personas que se han elegido el 98% han sido hombres y el 2% mujeres, es decir apenas 7 en 67 a\u00f1os.<\/p>\n\n\n\n<p class=\"wp-block-paragraph\">Precisamente por ello las medidas legales de la paridad comenzaron a fijar l\u00edmites en cuanto a la cantidad de hombres candidatos y a exigir la integraci\u00f3n de las mujeres. Desde entonces invariablemente han encontrado incomodidad, burlas, violencia y resistencias, se ha tirado de d\u00f3nde haga falta para deslegitimar la b\u00fasqueda profesional de las mujeres en la pol\u00edtica, primero diciendo que ellas no ten\u00edan nada que hacer en los asuntos p\u00fablicos porque a las verdaderamente femeninas les gustaba quedarse en casa, luego eligiendo \u201cjuanitas\u201d es decir, mujeres ligadas a los hombres que mandaban en los partidos para cumplir con las cuotas, quitarlas y poner varones, o como ahora, defendiendo el pudor de la Constituci\u00f3n y avent\u00e1ndose al vac\u00edo como Juan Escutia, como si no fuera lo que es, que a la carta magna la respetan bien poco estos pol\u00edticos.<\/p>\n\n\n\n<p class=\"wp-block-paragraph\">En realidad, s\u00ed tienen un bien mayor que proteger, preservar el ideal consentido de todos los partidos, el candidato hombre, casado de preferencia, heterosexual, dos hijos, cat\u00f3lico, empresario o funcionario como referente esencial, tanto as\u00ed que tener el paquete completo es parte de la carrera y en uno se resumen todos. Por estos d\u00edas el peri\u00f3dico el Pulso ha estado presentando algunos precandidatos a gobernador, ya hab\u00eda comenzado tambi\u00e9n en otros medios a tener algunas entrevistas que nos permiten observar lo que le escribo: las edades var\u00edan como es com\u00fan en la confronta generacional que se est\u00e1 dando en distintos campos, pero los estereotipos de la masculinidad hegem\u00f3nica rebosan por todas partes, existe una seguridad absoluta de saber que necesita San Luis Potos\u00ed, los necesita a ellos, claro.<\/p>\n\n\n\n<p class=\"wp-block-paragraph\">Esto tiene su chiste, all\u00ed podr\u00e1 ver que son la perfecta representaci\u00f3n de los partidos, pero tambi\u00e9n de las organizaciones pol\u00edticas y ciudadanas, es decir, ni saben ni quieren enterarse de los derechos de las mujeres y van desde la misoginia m\u00e1s recalcitrante, hasta la complicidad machista y la simulaci\u00f3n ociosa. Por eso hablan de \u201cequidad\u201d, por eso coquetean con mencionar el aborto, con proponer mas chiringuitos para atender a las v\u00edctimas y crear protocolos o legislaci\u00f3n, aunque por supuesto ninguno exige tener un proceso de selecci\u00f3n igualitaria, donde haya mujeres compitiendo con ellos, ah\u00ed todav\u00eda no llega la \u201cdeconstrucci\u00f3n\u201d.<\/p>\n\n\n\n<p class=\"wp-block-paragraph\">De tal suerte cuando lleguen al poder, como lo hacen ahora esto seguir\u00e1 siendo el tema de \u201clas viejas\u201d, pondr\u00e1n a las mujeres que hoy les hacen los discursos, las mam\u00e1s de la perspectiva de g\u00e9nero que les dicen c\u00f3mo hablar y qu\u00e9 decir, es insensato dejar que hablen del tema por s\u00ed mismos y es una fortuna que los medios tampoco sepan preguntar, finalmente conviene que la sociedad contin\u00fae comprendiendo a las mujeres no c\u00f3mo la mitad de la poblaci\u00f3n, sino como una minor\u00eda vulnerada a la que se responde mediante pol\u00edtica asistencial, se saca mucho m\u00e1s prestigio y dinero de all\u00ed que de perder los privilegios de g\u00e9nero que tienen estos liderazgos.<\/p>\n\n\n\n<p class=\"wp-block-paragraph\">Y ni que hablar del sue\u00f1o er\u00f3tico del hombre pol\u00edtico y feminista, si no pas\u00f3 con Justin Trudeau que as\u00ed se autodenominaba y hoy le est\u00e1n exigiendo cuentas por permitir que la pornograf\u00eda de ni\u00f1as y mujeres campe a sus anchas en Canad\u00e1, no va a pasar en San Luisito ni so\u00f1ando, habr\u00e1 alguna versi\u00f3n de otro hombre m\u00e1s como han sido los de antes, seguros tanto de que el destino les tiene preparadas grandes cosas, de que nacieron para mandar que desperdician el poder, habr\u00e1 m\u00e1s maquillaje de g\u00e9nero y de igualdad pero no cambios profundos.<\/p>\n\n\n\n<p class=\"wp-block-paragraph\">Finalmente responder a los prejuicios de la gente tambi\u00e9n es una estrategia pol\u00edtica, esos gestos, inclusive los que son abiertamente mis\u00f3ginos y se jactan de sentirse superiores caen en gracia con los precandidatos, pero ser\u00edan absolutamente imperdonables si fuesen mujeres.<\/p>\n\n\n\n<p class=\"wp-block-paragraph\">As\u00ed, la paridad ciertamente es ideal pero indeseada. Una cosa es que las mujeres quieran servir en el partido, como les sirven las monjas a los curas, y otra que quieran mandar, que no se pasen.<\/p>\n\n\n\n<p class=\"wp-block-paragraph\">A m\u00e1s ver.<\/p>\n\n\n\n<p class=\"wp-block-paragraph\">Twitter: @Almagzur<\/p>\n","protected":false},"excerpt":{"rendered":"<p>La paridad ciertamente es ideal pero indeseada.<\/p>\n","protected":false},"author":3,"featured_media":30045,"comment_status":"open","ping_status":"open","sticky":false,"template":"","format":"standard","meta":{"_monsterinsights_skip_tracking":false,"footnotes":""},"categories":[691,131,35],"tags":[],"class_list":["post-30043","post","type-post","status-publish","format-standard","has-post-thumbnail","category-691","category-claudia-almaguer","category-opinion"],"_links":{"self":[{"href":"https:\/\/redsemlac.com\/semmexico\/wp-json\/wp\/v2\/posts\/30043","targetHints":{"allow":["GET"]}}],"collection":[{"href":"https:\/\/redsemlac.com\/semmexico\/wp-json\/wp\/v2\/posts"}],"about":[{"href":"https:\/\/redsemlac.com\/semmexico\/wp-json\/wp\/v2\/types\/post"}],"author":[{"embeddable":true,"href":"https:\/\/redsemlac.com\/semmexico\/wp-json\/wp\/v2\/users\/3"}],"replies":[{"embeddable":true,"href":"https:\/\/redsemlac.com\/semmexico\/wp-json\/wp\/v2\/comments?post=30043"}],"version-history":[{"count":0,"href":"https:\/\/redsemlac.com\/semmexico\/wp-json\/wp\/v2\/posts\/30043\/revisions"}],"wp:featuredmedia":[{"embeddable":true,"href":"https:\/\/redsemlac.com\/semmexico\/wp-json\/wp\/v2\/media\/30045"}],"wp:attachment":[{"href":"https:\/\/redsemlac.com\/semmexico\/wp-json\/wp\/v2\/media?parent=30043"}],"wp:term":[{"taxonomy":"category","embeddable":true,"href":"https:\/\/redsemlac.com\/semmexico\/wp-json\/wp\/v2\/categories?post=30043"},{"taxonomy":"post_tag","embeddable":true,"href":"https:\/\/redsemlac.com\/semmexico\/wp-json\/wp\/v2\/tags?post=30043"}],"curies":[{"name":"wp","href":"https:\/\/api.w.org\/{rel}","templated":true}]}}