{"id":30038,"date":"2020-12-18T22:50:23","date_gmt":"2020-12-18T22:50:23","guid":{"rendered":"https:\/\/redsemlac.com\/semmexico\/?p=30038"},"modified":"2023-07-21T16:40:58","modified_gmt":"2023-07-21T21:40:58","slug":"propone-veronica-delgadillo-que-alerta-de-genero-se-pueda-declarar-a-nivel-nacional-y-local","status":"publish","type":"post","link":"https:\/\/redsemlac.com\/semmexico\/propone-veronica-delgadillo-que-alerta-de-genero-se-pueda-declarar-a-nivel-nacional-y-local\/","title":{"rendered":"Propone Ver\u00f3nica Delgadillo que Alerta de G\u00e9nero se pueda declarar a nivel nacional y local"},"content":{"rendered":"\n<ul class=\"wp-block-list\"><li><strong>Esta ser\u00e1 la forma de una estrategia de responsabilidades compartidas<\/strong><strong><\/strong><\/li><li><strong>Hasta agosto 2020, dijo la Senadora &nbsp;han sucedido m\u00e1s de mil quinientos feminicidios y homicidios dolosos<\/strong><strong><\/strong><\/li><\/ul>\n\n\n\n<p class=\"wp-block-paragraph\"><strong>Redacci\u00f3n&nbsp;<\/strong><strong><\/strong><\/p>\n\n\n\n<p class=\"wp-block-paragraph\">SemM\u00e9xico. Cd. de M\u00e9xico. 18 de diciembre 2020.- La senadora Ver\u00f3nica Delgadillo Garc\u00eda present\u00f3 un proyecto para que la Alerta de Violencia de G\u00e9nero contra las Mujeres &nbsp;pueda declararse a nivel nacional y local, a fin de establecer una estrat\u00e9gica, de responsabilidad compartida, para combatir el incremento de la violencia feminicida.&nbsp;<\/p>\n\n\n\n<p class=\"wp-block-paragraph\">Dijo que a &nbsp;pesar de contar con un amplio cat\u00e1logo de derechos humanos que buscan el desarrollo pleno de las mujeres, dijo la legisladora de Movimiento Ciudadano, en M\u00e9xico \u201cprevalece una situaci\u00f3n preocupante, ya que la violencia en contra de las mujeres se ha mantenido e incluso sigue en aumento\u201d.&nbsp;<\/p>\n\n\n\n<p class=\"wp-block-paragraph\">Delgadillo Garc\u00eda inform\u00f3 que actualmente en nuestro pa\u00eds, 11 mujeres son asesinadas todos los d\u00edas. Al 30 de agosto, precis\u00f3, se han registrado 626 feminicidios y mil 906 homicidios dolosos.&nbsp;<\/p>\n\n\n\n<p class=\"wp-block-paragraph\">La Ley General de Acceso de las Mujeres a una Vida Libre de Violencia establece la Alerta de&nbsp;&nbsp;Violencia de G\u00e9nero, como un mecanismo de emergencia que busca la protecci\u00f3n de los derechos humanos de la mitad de la poblaci\u00f3n, con el objetivo de combatir los actos reiterados de violencia feminicida, as\u00ed como la eliminaci\u00f3n de la desigualdad.&nbsp;<\/p>\n\n\n\n<p class=\"wp-block-paragraph\">Se\u00f1al\u00f3 que para que este instrumento contribuya a garantizar seguridad a las mujeres, se necesita una estrategia de responsabilidad compartida con la Federaci\u00f3n.&nbsp;<\/p>\n\n\n\n<p class=\"wp-block-paragraph\">Actualmente, el art\u00edculo 25 de dicha Ley dispone que le corresponde al Gobierno Federal, a trav\u00e9s de la Secretar\u00eda de Gobernaci\u00f3n, declarar la Alerta y notificar la declaratoria al&nbsp;&nbsp;Poder Ejecutivo de la entidad federativa de que se trate.&nbsp;<\/p>\n\n\n\n<p class=\"wp-block-paragraph\">Propuso reformar esta disposici\u00f3n para que este mecanismo pueda ser activado a nivel nacional y a nivel local, y que en ambos casos \u200bse notifique la declaratoria a los poderes Ejecutivo, Legislativo y Judicial de la\u200bs\u200b entidad\u200bes\u200b federativa\u200bs \u200binvolucradas. &nbsp;<\/p>\n\n\n\n<p class=\"wp-block-paragraph\">La senadora inform\u00f3 que, en M\u00e9xico, por lo menos 7 de cada 10 mujeres han sufrido alg\u00fan tipo de agresi\u00f3n, y 43.9 por ciento han manifestado que dicha violencia fue ocasionada por el esposo, pareja o novio.&nbsp;<\/p>\n\n\n\n<p class=\"wp-block-paragraph\">Lo anterior, agreg\u00f3, responde a una de las tantas realidades que las mujeres de nuestro pa\u00eds padecen d\u00eda con d\u00eda, y que en gran medida responde a la falta de una igualdad entre mujeres y hombres que permita eliminar las barreras de la discriminaci\u00f3n. &nbsp;<\/p>\n","protected":false},"excerpt":{"rendered":"<p>Esta ser\u00e1 la forma de una estrategia de responsabilidades compartidas<\/p>\n","protected":false},"author":3,"featured_media":30039,"comment_status":"open","ping_status":"open","sticky":false,"template":"","format":"standard","meta":{"_monsterinsights_skip_tracking":false,"footnotes":""},"categories":[691,50],"tags":[],"class_list":["post-30038","post","type-post","status-publish","format-standard","has-post-thumbnail","category-691","category-congreso"],"_links":{"self":[{"href":"https:\/\/redsemlac.com\/semmexico\/wp-json\/wp\/v2\/posts\/30038","targetHints":{"allow":["GET"]}}],"collection":[{"href":"https:\/\/redsemlac.com\/semmexico\/wp-json\/wp\/v2\/posts"}],"about":[{"href":"https:\/\/redsemlac.com\/semmexico\/wp-json\/wp\/v2\/types\/post"}],"author":[{"embeddable":true,"href":"https:\/\/redsemlac.com\/semmexico\/wp-json\/wp\/v2\/users\/3"}],"replies":[{"embeddable":true,"href":"https:\/\/redsemlac.com\/semmexico\/wp-json\/wp\/v2\/comments?post=30038"}],"version-history":[{"count":0,"href":"https:\/\/redsemlac.com\/semmexico\/wp-json\/wp\/v2\/posts\/30038\/revisions"}],"wp:featuredmedia":[{"embeddable":true,"href":"https:\/\/redsemlac.com\/semmexico\/wp-json\/wp\/v2\/media\/30039"}],"wp:attachment":[{"href":"https:\/\/redsemlac.com\/semmexico\/wp-json\/wp\/v2\/media?parent=30038"}],"wp:term":[{"taxonomy":"category","embeddable":true,"href":"https:\/\/redsemlac.com\/semmexico\/wp-json\/wp\/v2\/categories?post=30038"},{"taxonomy":"post_tag","embeddable":true,"href":"https:\/\/redsemlac.com\/semmexico\/wp-json\/wp\/v2\/tags?post=30038"}],"curies":[{"name":"wp","href":"https:\/\/api.w.org\/{rel}","templated":true}]}}