{"id":30019,"date":"2020-12-18T20:34:39","date_gmt":"2020-12-18T20:34:39","guid":{"rendered":"https:\/\/redsemlac.com\/semmexico\/?p=30019"},"modified":"2023-07-21T16:40:58","modified_gmt":"2023-07-21T21:40:58","slug":"marchan-los-trabajadores-de-la-agencia-notimex-cuya-huelga-cumple-300-dias-en-espera-de-fallo-de-imputabilidad","status":"publish","type":"post","link":"https:\/\/redsemlac.com\/semmexico\/marchan-los-trabajadores-de-la-agencia-notimex-cuya-huelga-cumple-300-dias-en-espera-de-fallo-de-imputabilidad\/","title":{"rendered":"Marchan los trabajadores de la agencia  Notimex  cuya huelga cumple 300 d\u00edas, en espera de fallo de imputabilidad"},"content":{"rendered":"\n<ul class=\"wp-block-list\"><li><strong>Reiteran que la directora Sanjuana Mart\u00ednez, no ha respondido al di\u00e1logo solicitado hace meses<\/strong><\/li><li><strong>Esperan que el presidente Andr\u00e9s Manuel L\u00f3pez Obrador cumpla su palabra, de que el conflicto se solucionar\u00e1 antes de navidad<\/strong><\/li><\/ul>\n\n\n\n<p class=\"wp-block-paragraph\"><strong>Redacci\u00f3n<\/strong><\/p>\n\n\n\n<p class=\"wp-block-paragraph\">SemM\u00e9xico, Cd. de M\u00e9xico. 18 de diciembre 2020.- Hoy se cumplen 300 d\u00edas de la Huelga en Notimex, Agencia de Noticias del Estado Mexicano, en espera de que se conozca el fallo de la demanda de imputabilidad interpuesta por el Sindicato \u00danico de Trabajadores de Notimex (SutNotimex)<\/p>\n\n\n\n<p class=\"wp-block-paragraph\">Con una marcha para hacerse ver, los trabajadores protestaron por el centro de la ciudad, en demanda de sus derechos laborales, permanentemente desconocidos por el gobierno federal.<\/p>\n\n\n\n<p class=\"wp-block-paragraph\">Previamente con una simb\u00f3lica preposada afuera de Palacio Nacional, las y los trabajadores en huelga pidieron&nbsp; que las autoridades correspondientes cumplan con el compromiso del presidente Andr\u00e9s Manuel L\u00f3pez Obrador (AMLO), de que el conflicto laboral se resolver\u00e1 antes de esta Navidad.<\/p>\n\n\n\n<p class=\"wp-block-paragraph\">De esta forma estar\u00e1n a salvo no s\u00f3lo los derechos laborales, sino tambi\u00e9n la salud de los huelguistas ante el repunte de casos de coronavirus. La Huelga en Notimex estall\u00f3 el 21 de febrero pasado, semanas antes de declararse la emergencia sanitaria, lo que orill\u00f3 a las y los trabajadores a mantener los campamentos a la intemperie, a pesar de la pandemia y de la crisis econ\u00f3mica.<\/p>\n\n\n\n<p class=\"wp-block-paragraph\">Ante la falta de respuesta de la Direcci\u00f3n General para entablar un di\u00e1logo constructivo y resolver el conflicto, las y los huelguistas se vieron&nbsp; obligados a mantener las manifestaciones y salir a las calles, tomando en cuenta todas las medidas de sanidad emitidas por las autoridades capitalitanas, con el prop\u00f3sito de que nuestra problem\u00e1tica no sea olvidada en este fin de a\u00f1o.<\/p>\n\n\n\n<p class=\"wp-block-paragraph\">El recurso de imputabilidad fue interpuesto por el SutNotimex ante la Junta Federal de Conciliaci\u00f3n y Arbitraje, por la reiterada negativa de la directora general de Notimex, Sanjuana Mart\u00ednez, para llegar a un acuerdo que resolviera el conflicto laboral, iniciado el a\u00f1o pasado, el cual deriv\u00f3 en la Huelga que est\u00e1 cerca de cumplir 10 meses.<\/p>\n\n\n\n<p class=\"wp-block-paragraph\">El 7 de diciembre pasado, el mandatario federal dijo que ser\u00e1 la Secretar\u00eda del Trabajo y Previsi\u00f3n Social, por medio de la Junta Federal de Conciliaci\u00f3n y Arbitraje, la instancia que resolver\u00e1 el conflicto, y confi\u00f3 en que esto se logre antes del pr\u00f3ximo 25 de diciembre.<\/p>\n","protected":false},"excerpt":{"rendered":"<p>Reiteran que la directora Sanjuana Mart\u00ednez, no ha respondido al di\u00e1logo solicitado hace meses<\/p>\n","protected":false},"author":3,"featured_media":30020,"comment_status":"open","ping_status":"open","sticky":false,"template":"","format":"standard","meta":{"_monsterinsights_skip_tracking":false,"footnotes":""},"categories":[691,55],"tags":[],"class_list":["post-30019","post","type-post","status-publish","format-standard","has-post-thumbnail","category-691","category-periodistas"],"_links":{"self":[{"href":"https:\/\/redsemlac.com\/semmexico\/wp-json\/wp\/v2\/posts\/30019","targetHints":{"allow":["GET"]}}],"collection":[{"href":"https:\/\/redsemlac.com\/semmexico\/wp-json\/wp\/v2\/posts"}],"about":[{"href":"https:\/\/redsemlac.com\/semmexico\/wp-json\/wp\/v2\/types\/post"}],"author":[{"embeddable":true,"href":"https:\/\/redsemlac.com\/semmexico\/wp-json\/wp\/v2\/users\/3"}],"replies":[{"embeddable":true,"href":"https:\/\/redsemlac.com\/semmexico\/wp-json\/wp\/v2\/comments?post=30019"}],"version-history":[{"count":0,"href":"https:\/\/redsemlac.com\/semmexico\/wp-json\/wp\/v2\/posts\/30019\/revisions"}],"wp:featuredmedia":[{"embeddable":true,"href":"https:\/\/redsemlac.com\/semmexico\/wp-json\/wp\/v2\/media\/30020"}],"wp:attachment":[{"href":"https:\/\/redsemlac.com\/semmexico\/wp-json\/wp\/v2\/media?parent=30019"}],"wp:term":[{"taxonomy":"category","embeddable":true,"href":"https:\/\/redsemlac.com\/semmexico\/wp-json\/wp\/v2\/categories?post=30019"},{"taxonomy":"post_tag","embeddable":true,"href":"https:\/\/redsemlac.com\/semmexico\/wp-json\/wp\/v2\/tags?post=30019"}],"curies":[{"name":"wp","href":"https:\/\/api.w.org\/{rel}","templated":true}]}}