{"id":30011,"date":"2020-12-17T19:51:47","date_gmt":"2020-12-17T19:51:47","guid":{"rendered":"https:\/\/redsemlac.com\/semmexico\/?p=30011"},"modified":"2023-07-21T16:40:59","modified_gmt":"2023-07-21T21:40:59","slug":"recuerdan-a-marisela-escobedo-en-espana","status":"publish","type":"post","link":"https:\/\/redsemlac.com\/semmexico\/recuerdan-a-marisela-escobedo-en-espana\/","title":{"rendered":"Recuerdan a Marisela Escobedo en Espa\u00f1a"},"content":{"rendered":"\n<p class=\"wp-block-paragraph\">* Furia Mexicana entrega cartas al consulado mexicano en Barcelona, una de la familia de la activista asesinada en Chihuahua hace 10 a\u00f1os<\/p>\n\n\n\n<p class=\"wp-block-paragraph\">* Tambi\u00e9n entregan un documento sobre la impunidad que persiste en el caso de la fotoperiodista Mar\u00eda del Sol Cruz Jarqu\u00edn<\/p>\n\n\n\n<p class=\"wp-block-paragraph\">Lorena Vaniezcot<\/p>\n\n\n\n<p class=\"wp-block-paragraph\">SemM\u00e9xico, Cd, de M\u00e9xico, 17 de diciembre, 2020.- La colectiva Furia Mexicana entreg\u00f3 a la encargada del consulado de M\u00e9xico en Barcelona una carta y un documento: una de la familia de Marisela Escobedo, asesinada hace 10 a\u00f1os frente al palacio de gobierno en la capital de Chihuahua y otra de la madre de Mar\u00eda del Sol Cruz Jarqu\u00edn, Soledad Jarqu\u00edn Edgar, asesinada en Oaxaca el 2 de junio de 2018.<\/p>\n\n\n\n<p class=\"wp-block-paragraph\">Fueron la encargada del consulado mexicano Mar\u00eda Teresa Rosas Jasso, junto con Adri\u00e1n Michel Espino, responsable de asuntos pol\u00edticos, cooperaci\u00f3n t\u00e9cnica y cient\u00edfica, quienes recibieron los documentos que entregaron las integrantes de la colectiva Furia Mexicana y la abogada Lucha Castro.&nbsp;<\/p>\n\n\n\n<p class=\"wp-block-paragraph\">En el acto de homenaje a Marisela Escobedo a las puertas del consulado mexicano en esa ciudad ib\u00e9rica, Lucha Castro, quien fuera asesora legal de Marisela Escobedo en la b\u00fasqueda de justicia para su hija Rub\u00ed Marisol, motivo por el cual fue asesinada frente al palacio de gobierno en la capital de Chihuahua, el 16 de diciembre de 2010, se\u00f1al\u00f3 que ese homenaje es \u201cpor todas las Mariselas mexicanas, de Latinoam\u00e9rica y del mundo que luchan por la justicia para sus hijas v\u00edctimas de feminicidio\u201d.<\/p>\n\n\n\n<p class=\"wp-block-paragraph\">Castro, acompa\u00f1ada de su nieta y de su hija agradeci\u00f3 el gesto de las feministas agrupadas en la colectiva Furia mexicana y se refiri\u00f3 a Heidi, la ni\u00f1a dos veces hu\u00e9rfanas, primero cuando asesinan a su madre Rub\u00ed Marisol y despu\u00e9s cuando asesinan a su abuela Marisela Escobedo.<\/p>\n\n\n\n<p class=\"wp-block-paragraph\">\u201cEn ella (Heidi) recordamos a la ni\u00f1ez testigos de invisibles que sufren la violencia sus madres, ignoradas por el gobierno y por la sociedad\u201d, dijo la abogada de Chihuahua.<\/p>\n\n\n\n<p class=\"wp-block-paragraph\">Estamos aqu\u00ed por Rub\u00ed, a\u00f1adi\u00f3, la hija de Marisela Escobedo, en ella recordamos a todas las v\u00edctimas de violencia machista, por todas las v\u00edctimas de feminicidio que a diario mueren a manos de sus parejas, amigos, novios o vecinos, que por m\u00e1s que corran no podr\u00e1n huir ni resguardarse porque el lugar m\u00e1s peligroso es su casa, agreg\u00f3.<\/p>\n\n\n\n<p class=\"wp-block-paragraph\">Mencion\u00f3 tambi\u00e9n a quien dijo fuera su compa\u00f1era activista, Marisela Escobedo, con la que recordamos a todas las madres de v\u00edctimas del feminicidio que luchan por la justicia para sus hijas, son \u201cdo\u00f1as\u201d vestidas de dignidad.<\/p>\n\n\n\n<p class=\"wp-block-paragraph\">Recalc\u00f3 que la \u00fanica arma de esas madres es su propio cuerpo, su voz y su enorme amor. \u201cUsan su voz para gritar la tragedia, el nombre de sus hijas, para denunciar a funcionarios que no investigan, ni sancionan a los responsables; con sus manos hurgan expedientes buscando alguna pista, son ellas las que siempre investigan; con sus pies recorren una y otra vez diversos trayectos de quien las pudo ver con vida, por bosques, llanuras, por los pueblos o grandes ciudades; en su pecho cerca del coraz\u00f3n la imagen de sus hijas desaparecidas forzadamente o asesinadas, toman las calles para exigir el derecho para exigir la verdad y la justicia\u201d.<\/p>\n\n\n\n<p class=\"wp-block-paragraph\">Las integrantes de Furia Mexicana encendieron velas en memoria de la activista \u201ccomo s\u00edmbolo de indignaci\u00f3n y de exigencia de justicia\u201d, se\u00f1al\u00f3 Liliana Arag\u00f3n, originaria de Chihuahua, quien explic\u00f3 tambi\u00e9n se refiri\u00f3 a la silla vac\u00eda que simb\u00f3licamente fue colocada a las afueras del consulado mexicano.<\/p>\n\n\n\n<p class=\"wp-block-paragraph\">Liliana Arag\u00f3n ley\u00f3 una carta dirigida al presidente Andr\u00e9s Manuel L\u00f3pez Obrador se\u00f1alando que ven con preocupaci\u00f3n que dentro del gobierno no hay una pol\u00edtica p\u00fablica clara e integral de prevenci\u00f3n para evitar que estos casos como el de Rub\u00ed y el de su madre Marisela sigan ocurriendo.&nbsp;<\/p>\n\n\n\n<p class=\"wp-block-paragraph\">\u201cNo se puede alcanzar la transformaci\u00f3n si la mitad de su poblaci\u00f3n no tiene garantizados sus derechos a una vida libre de violencia, igualdad y justicia entre otros\u201d, advirtieron las feministas quienes le piden al presidente mexicano un verdadero compromiso con las mujeres por parte de la Conavim e Inmujeres, \u201cm\u00e1s all\u00e1 del discurso y este debe traducirse en acciones, con presupuesto suficiente\u201d.&nbsp;<\/p>\n\n\n\n<p class=\"wp-block-paragraph\">En el caso de Marisela pedimos que el gobierno se coordine con el gobierno de Chihuahua, para que sancione a todas las personas responsables de su asesinato, tal y como lo han pedido su familia. Justicia para Marisela es justicia para todas.<\/p>\n\n\n\n<p class=\"wp-block-paragraph\">SEM\/sj<\/p>\n","protected":false},"excerpt":{"rendered":"<p>* Furia Mexicana entrega cartas al consulado mexicano en Barcelona, una de la familia de la activista asesinada en Chihuahua hace 10 a\u00f1os * Tambi\u00e9n entregan un documento sobre la impunidad que persiste en el caso de la fotoperiodista Mar\u00eda del Sol Cruz Jarqu\u00edn Lorena Vaniezcot SemM\u00e9xico, Cd, de M\u00e9xico, 17 de diciembre, 2020.- La [&hellip;]<\/p>\n","protected":false},"author":3,"featured_media":30012,"comment_status":"open","ping_status":"open","sticky":false,"template":"","format":"standard","meta":{"_monsterinsights_skip_tracking":false,"footnotes":""},"categories":[691,54],"tags":[],"class_list":["post-30011","post","type-post","status-publish","format-standard","has-post-thumbnail","category-691","category-mujeres"],"_links":{"self":[{"href":"https:\/\/redsemlac.com\/semmexico\/wp-json\/wp\/v2\/posts\/30011","targetHints":{"allow":["GET"]}}],"collection":[{"href":"https:\/\/redsemlac.com\/semmexico\/wp-json\/wp\/v2\/posts"}],"about":[{"href":"https:\/\/redsemlac.com\/semmexico\/wp-json\/wp\/v2\/types\/post"}],"author":[{"embeddable":true,"href":"https:\/\/redsemlac.com\/semmexico\/wp-json\/wp\/v2\/users\/3"}],"replies":[{"embeddable":true,"href":"https:\/\/redsemlac.com\/semmexico\/wp-json\/wp\/v2\/comments?post=30011"}],"version-history":[{"count":0,"href":"https:\/\/redsemlac.com\/semmexico\/wp-json\/wp\/v2\/posts\/30011\/revisions"}],"wp:featuredmedia":[{"embeddable":true,"href":"https:\/\/redsemlac.com\/semmexico\/wp-json\/wp\/v2\/media\/30012"}],"wp:attachment":[{"href":"https:\/\/redsemlac.com\/semmexico\/wp-json\/wp\/v2\/media?parent=30011"}],"wp:term":[{"taxonomy":"category","embeddable":true,"href":"https:\/\/redsemlac.com\/semmexico\/wp-json\/wp\/v2\/categories?post=30011"},{"taxonomy":"post_tag","embeddable":true,"href":"https:\/\/redsemlac.com\/semmexico\/wp-json\/wp\/v2\/tags?post=30011"}],"curies":[{"name":"wp","href":"https:\/\/api.w.org\/{rel}","templated":true}]}}