{"id":30009,"date":"2020-12-17T19:49:50","date_gmt":"2020-12-17T19:49:50","guid":{"rendered":"https:\/\/redsemlac.com\/semmexico\/?p=30009"},"modified":"2023-07-21T16:40:59","modified_gmt":"2023-07-21T21:40:59","slug":"yaz-hace-cuatro-anos","status":"publish","type":"post","link":"https:\/\/redsemlac.com\/semmexico\/yaz-hace-cuatro-anos\/","title":{"rendered":"Yaz, hace cuatro a\u00f1os\u2026"},"content":{"rendered":"\n<p class=\"wp-block-paragraph\"><strong>MOIS\u00c9S S\u00c1NCHEZ LIM\u00d3N<\/strong><\/p>\n\n\n\n<p class=\"wp-block-paragraph\">Cada 18 de diciembre, Yaz, tu risa que se me qued\u00f3 anudada en el recuerdo, inunda los espacios ayunos de tu presencia.<\/p>\n\n\n\n<p class=\"wp-block-paragraph\">Deja y explico, a quienes me honran con la lectura de&nbsp;<em>entresemana<\/em>, el porqu\u00e9 de este oasis de reflexi\u00f3n profunda que suele anegar los ojos y provocar temblor en los labios cuando se pronuncia tu nombre.<\/p>\n\n\n\n<p class=\"wp-block-paragraph\">Y es que, Yaz, cada 18 de diciembre los recuerdos de aquel domingo de hace cuatro a\u00f1os, con letra porque el n\u00famero es fr\u00edo e insolente, cuando por la tarde me recordaste la cita que ten\u00edamos para celebrar la Navidad, especial Navidad, en tu casa.&nbsp;<\/p>\n\n\n\n<p class=\"wp-block-paragraph\">Nunca imagin\u00e9 que ese di\u00e1logo telef\u00f3nico, de aquel decembrino domingo con brillante sol invernal, ser\u00eda el nadir de nuestras pl\u00e1ticas salpicadas de personales cuitas period\u00edsticas. \u201c\u00a1Aja!\u201d, expresi\u00f3n muy tuya de suspicacia impl\u00edcita que confirmabas con esa mirada interrogante. \u201cChina de los ojos negros, por qu\u00e9 me miras as\u00ed\u2026\u201d, \u00bfrecuerdas? Como aquel tango ajustado a tu nombre.<\/p>\n\n\n\n<p class=\"wp-block-paragraph\">Pero, te platico Yaz.&nbsp;<\/p>\n\n\n\n<p class=\"wp-block-paragraph\">En estos doce meses que ma\u00f1ana viernes cierran el periplo que he navegado en tu ausencia, ha ocurrido lo in\u00e9dito como esta crisis sanitaria y la perversidad que se ensa\u00f1a con Notimex que fue tu casa. S\u00ed, s\u00ed, habr\u00edas reaccionado con algo m\u00e1s que enojo en defensa de tus compa\u00f1eras y compa\u00f1eros de trabajo. \u00a1Ah!, ese grupo que te extra\u00f1a.&nbsp;<\/p>\n\n\n\n<p class=\"wp-block-paragraph\">Qu\u00e9 le vamos a hacer, Yaz.&nbsp;<\/p>\n\n\n\n<p class=\"wp-block-paragraph\">Por cierto, Daniel se titul\u00f3 ayer como m\u00e9dico y te recuerda en su comentario respecto de esta etapa profesional que ha cumplido; \u00e9l, como Carlitos que transita el \u00faltimo a\u00f1o de ingenier\u00eda te citaron ayer y no olvidan aquel domingo. Estoicos atendieron el llamado que advert\u00eda tu despedida y se apersonaron en aquel fr\u00edo espacio que conoce de lamentos y es silente compa\u00f1ero en el dolor.<\/p>\n\n\n\n<p class=\"wp-block-paragraph\">Daniel y Carlitos, tus hermanos a quienes amaste como si fueran tus hijos, son j\u00f3venes que cada 18 de diciembre musitan tu nombre y les duele tu ausencia; te extra\u00f1an y creo adivinar su promesa de estudiar y ser mejores seres humanos, acordes con tus lecciones. \u00a1Chamacos!<\/p>\n\n\n\n<p class=\"wp-block-paragraph\">\u00bfQu\u00e9 ha ocurrido en un a\u00f1o? \u00a1H\u00edjole!&nbsp;<\/p>\n\n\n\n<p class=\"wp-block-paragraph\">Por de pronto es uno m\u00e1s que acumulo y la vida sigue d\u00e1ndome lecciones y me recuerda que no hay l\u00edmite de ca\u00eddas y mucho menos para levantarse porque, \u00bfrecuerdas aquella noche de A\u00f1o Nuevo en Guayabitos? La promesa fue nunca permitir que nada ni nadie, nos derrotara.<\/p>\n\n\n\n<p class=\"wp-block-paragraph\">\u201cVamos a romperle el espinazo a la adversidad\u201d, dijimos y prometimos en la pista cuando bail\u00e1bamos, no recuerdo qu\u00e9 pieza, que siempre andar\u00edamos juntos y apenas cursabas la secundaria y Moy nos observaba y con la mirada convocaba a ir a dormir. Era un ni\u00f1o guapo que se resist\u00eda a bailar aunque luego se volvi\u00f3 un maestro en la pista. \u00bfLo recuerdas?<\/p>\n\n\n\n<p class=\"wp-block-paragraph\">Moy volvi\u00f3 al hospital este a\u00f1o y sali\u00f3 con renovados br\u00edos; venci\u00f3 a la neumon\u00eda como lo hizo con aquella enfermedad de hace cinco a\u00f1os cuando ofreciste tu vida por la suya. Me duele el coraz\u00f3n por la premonici\u00f3n.<\/p>\n\n\n\n<p class=\"wp-block-paragraph\">Porque, vaya, de pronto la vida se te disip\u00f3 en un momento no esperado aunque s\u00ed imaginado; porque luchaste como una guerrera y tus m\u00e9dicos te admiraban, Yaz, te admiraban y t\u00fa, siempre humana y humilde con el pr\u00f3jimo, en estas fechas armabas los regalos para ellos. A Sald\u00edvar le llevabas el whisky de su gusto en una de esas canastas de mimbre o vara que me confiscabas; al ingeniero nunca supe qu\u00e9 obsequiabas.<\/p>\n\n\n\n<p class=\"wp-block-paragraph\">Yaz, amigos y parientes \u2013como mi t\u00eda Eva la semana pasada&#8211; han emprendido la ruta de ese camino al que te aventuraste hace cuatro a\u00f1os. Pero igual se han dado reencuentros e inusitados encuentros con colegas de aquellos d\u00edas en los que t\u00fa, hermosa ni\u00f1a de disfraz de japonesa y cabello chino peinado en trenzas, ped\u00edas satisfacer el antojo que no era precisamente de alta cocina y apurabas los tacos al pastor cuando volv\u00eda del trabajo en El Universal.<\/p>\n\n\n\n<p class=\"wp-block-paragraph\">Y, mira lo que es la vida, ese gusto fue siempre compartido por los dos y me invitabas, ya adulta y vecina de la Anzures a degustar los tacos del rumbo. Me divert\u00eda como eras reconocida por los gourmets del barrio. \u201cAtiendan a mi pap\u00e1\u201d, les apurabas.<\/p>\n\n\n\n<p class=\"wp-block-paragraph\">Cuatro a\u00f1os, Yaz. Cuando veo a Marco Antonio Reyes es como encontrarse con el lado humano de los humanos, esa praxis incondicional del bien com\u00fan. Marco, ya debes estar enterada, me acompa\u00f1\u00f3 en ese periplo que concluy\u00f3 cuando esa tramitolog\u00eda legal se cerr\u00f3 con firmas de no s\u00e9 qu\u00e9 requisitos, respecto de tu viaje imprevisto hacia el espacio que tiene muchos nombres y no se sabe si es el fin o el inicio del camino. Vaya.<\/p>\n\n\n\n<p class=\"wp-block-paragraph\">Te platico que el a\u00f1o pr\u00f3ximo celebraremos, los cecehacheros y el de la voz, el medio siglo de haber ingresado al CCH. Y lo traigo al recuerdo porque te gustaba saber de esa pl\u00e9yade de suyo plural, cada quien con sus aficiones. \u00bfTe acuerdas cuando \u00edbamos a comer a la casa de Joaqu\u00edn Ulloa? Sin duda no olvidas a Mar\u00eda Eugenia G\u00f3mez R\u00edos ni a estos ex compa\u00f1eros del CCH Naucalpan de quienes te platiqu\u00e9 tantas an\u00e9cdotas.<\/p>\n\n\n\n<p class=\"wp-block-paragraph\">Hace meses, Yaz, no veo a mis colegas de la fuente legislativa en C\u00e1mara de Diputados; mis amigas que aquella noche de duelo fueron a darme \u00e1nimo y obligarme a comer. Maxi Pel\u00e1ez, Yvonne Reyes Campos, Adriana Hern\u00e1ndez\u2026 Y las palabras de aliento de Maru Rojas y la presencia de Adri\u00e1n Ojeda que ya parti\u00f3 a la conferencia de prensa a la que iremos todos, como t\u00fa, los periodistas.&nbsp;<\/p>\n\n\n\n<p class=\"wp-block-paragraph\">Ya no est\u00e1 Julio Le\u00f3n Sardaneta y Chava Flores Llamas ni Daniel Ben\u00edtez Gordillo y David Tarango Buchacras, que madrug\u00f3 para llegar a ese sal\u00f3n de sobria imagen en el que fuiste visitada por infinidad de amigos, conocidos, familiares, colegas\u2026<\/p>\n\n\n\n<p class=\"wp-block-paragraph\">Estoy tranquilo, Yaz. A esta hora que tecleo este texto, \u00fanica forma, muy m\u00eda de rendirte homenaje, am\u00e9n de ser disciplinado con tus ejemplos de vida, estoy tranquilo. En serio. Ya sabr\u00e1s, sin duda, la identidad de la autora de \u201cespera, espera\u2026\u201d, Desde hace unos d\u00edas, cuando le platicaba de ti, me daba pauta para rumiar ideas e imaginaba textos para recordarte que te recuerdo.<\/p>\n\n\n\n<p class=\"wp-block-paragraph\">\u00bfY qu\u00e9 le digo?, me preguntaba. Y volv\u00ed a citas de tiempos idos pero con los suspiros de otro momento, \u00e9ste cuando la vida corre y la disfruto como fiel creyente de la m\u00e1xima de doble A: Solo por hoy.<\/p>\n\n\n\n<p class=\"wp-block-paragraph\">Yaz, en estos cuatro a\u00f1os de tu ausencia he transitado y hasta disfrutado soledades que no son nuevas pero s\u00ed acicateadas por el desd\u00e9n y la soberbia, \u00e9sa de la que supiste en los d\u00edas cuando la decisi\u00f3n se hab\u00eda tomado y oblig\u00f3 a hacer maletas de recuerdos para echarlas al s\u00f3tano, donde duermen atadas para no hacer da\u00f1o, las maledicencias.<\/p>\n\n\n\n<p class=\"wp-block-paragraph\">Habr\u00e1 quienes lean estas l\u00edneas y pregunten de qu\u00e9 se trata.<\/p>\n\n\n\n<p class=\"wp-block-paragraph\">Ofrezco disculpas, pero no me puedo sustraer al recuerdo de mi amada Yaz, la ni\u00f1a del pelo chino y los ojos llenos de amor, que hace cuatro a\u00f1os, la tarde del domingo 18 de diciembre, me llam\u00f3 para decirme que los preparativos de la Noche de Navidad iban sobre ruedas. Y luego no me volvi\u00f3 a llamar.<\/p>\n\n\n\n<p class=\"wp-block-paragraph\">Espero, Yaz, que quienes leen este texto sean gentiles personas que disculpen comparta un tema personal; y que los cr\u00edticos oficiosos de malsana yerba arr\u00eden bandera de insolencia y respeten un momento de reflexi\u00f3n humana y el llanto ajeno.&nbsp;<\/p>\n\n\n\n<p class=\"wp-block-paragraph\">\u00a1Ay!, Yaz, yo que soy propio y no suelo airear en p\u00fablico sentimientos, heme aqu\u00ed en el recuento de \u00e9stos que se alimentan 364 d\u00edas con tu recuerdo. Te recuerdo. Digo.<\/p>\n\n\n\n<p class=\"wp-block-paragraph\"><a href=\"mailto:sanchezlimon@gmail.com\" target=\"_blank\" rel=\"noreferrer noopener\">sanchezlimon@gmail.com<\/a><\/p>\n\n\n\n<p class=\"wp-block-paragraph\"><a href=\"http:\/\/www.entresemana.mx\/\" target=\"_blank\" rel=\"noreferrer noopener\">www.entresemana.mx<\/a><\/p>\n\n\n\n<p class=\"wp-block-paragraph\">@msanchezlimon<\/p>\n","protected":false},"excerpt":{"rendered":"<p>MOIS\u00c9S S\u00c1NCHEZ LIM\u00d3N Cada 18 de diciembre, Yaz, tu risa que se me qued\u00f3 anudada en el recuerdo, inunda los espacios ayunos de tu presencia. Deja y explico, a quienes me honran con la lectura de&nbsp;entresemana, el porqu\u00e9 de este oasis de reflexi\u00f3n profunda que suele anegar los ojos y provocar temblor en los labios [&hellip;]<\/p>\n","protected":false},"author":3,"featured_media":15805,"comment_status":"open","ping_status":"open","sticky":false,"template":"","format":"standard","meta":{"_monsterinsights_skip_tracking":false,"footnotes":""},"categories":[691,105,83,35],"tags":[],"class_list":["post-30009","post","type-post","status-publish","format-standard","has-post-thumbnail","category-691","category-entresemana","category-moises-sanchez-limon","category-opinion"],"_links":{"self":[{"href":"https:\/\/redsemlac.com\/semmexico\/wp-json\/wp\/v2\/posts\/30009","targetHints":{"allow":["GET"]}}],"collection":[{"href":"https:\/\/redsemlac.com\/semmexico\/wp-json\/wp\/v2\/posts"}],"about":[{"href":"https:\/\/redsemlac.com\/semmexico\/wp-json\/wp\/v2\/types\/post"}],"author":[{"embeddable":true,"href":"https:\/\/redsemlac.com\/semmexico\/wp-json\/wp\/v2\/users\/3"}],"replies":[{"embeddable":true,"href":"https:\/\/redsemlac.com\/semmexico\/wp-json\/wp\/v2\/comments?post=30009"}],"version-history":[{"count":0,"href":"https:\/\/redsemlac.com\/semmexico\/wp-json\/wp\/v2\/posts\/30009\/revisions"}],"wp:featuredmedia":[{"embeddable":true,"href":"https:\/\/redsemlac.com\/semmexico\/wp-json\/wp\/v2\/media\/15805"}],"wp:attachment":[{"href":"https:\/\/redsemlac.com\/semmexico\/wp-json\/wp\/v2\/media?parent=30009"}],"wp:term":[{"taxonomy":"category","embeddable":true,"href":"https:\/\/redsemlac.com\/semmexico\/wp-json\/wp\/v2\/categories?post=30009"},{"taxonomy":"post_tag","embeddable":true,"href":"https:\/\/redsemlac.com\/semmexico\/wp-json\/wp\/v2\/tags?post=30009"}],"curies":[{"name":"wp","href":"https:\/\/api.w.org\/{rel}","templated":true}]}}