{"id":30006,"date":"2020-12-17T19:48:40","date_gmt":"2020-12-17T19:48:40","guid":{"rendered":"https:\/\/redsemlac.com\/semmexico\/?p=30006"},"modified":"2023-07-21T16:40:59","modified_gmt":"2023-07-21T21:40:59","slug":"el-observatorio-marmaid-revelo-alta-incidencia-de-violencia-en-16-instituciones-educativas-de-guerrero","status":"publish","type":"post","link":"https:\/\/redsemlac.com\/semmexico\/el-observatorio-marmaid-revelo-alta-incidencia-de-violencia-en-16-instituciones-educativas-de-guerrero\/","title":{"rendered":"El Observatorio Marmaid revel\u00f3 alta incidencia de violencia en 16 instituciones educativas de Guerrero"},"content":{"rendered":"\n<p class=\"wp-block-paragraph\">No existen protocolos de actuaci\u00f3n para parar la violencia contra ni\u00f1as y mujeres en la Educaci\u00f3n&nbsp;&nbsp;en todos sus niveles<\/p>\n\n\n\n<p class=\"wp-block-paragraph\">Urgen activistas a crear mecanismos efectivos para evitar los agravios especialmente en la Monta\u00f1a, la Costa Grande y Chilpancingo<\/p>\n\n\n\n<p class=\"wp-block-paragraph\">Josefina Aguilar Pastor&nbsp;<\/p>\n\n\n\n<p class=\"wp-block-paragraph\">SemM\u00e9xico.Chilpancingo, Guerrero, 17 de diciembre de 2020.- Instituciones educativas en el estado de Guerrero, carecen de protocolos de atenci\u00f3n para la violencia en contra de mujeres y ni\u00f1as, dijeron integrantes del Observatorio \u201cMarmaid\u201d, y urgieron la necesidad de implementarlos desde el nivel preescolar hasta superior, tanto en escuelas p\u00fablicas como privadas.\u00a0<\/p>\n\n\n\n<p class=\"wp-block-paragraph\">Este mi\u00e9rcoles, Jessica Est\u00e9vez Ojendiz, Angie de la Rosa Palafox, y Carolina G\u00e1lvez, integrantes del Observatorio \u201cMarmaid\u201d-en honor a la mexicana Mar\u00eda Trinidad Matus, de 25 a\u00f1os, quien fue asesinada en el 2018, en la Playa de Santa Teresa, al noroeste de Costa Rica, a quien apodaban \u201cSirena\u201d-, presentaron el informe anual de casos documentados en el Estado de Guerrero de Violencia contra&nbsp;&nbsp;las mujeres y ni\u00f1as en espacios educativos, realizado del 6 de enero al 7 de diciembre del 2020.<\/p>\n\n\n\n<p class=\"wp-block-paragraph\">El informe, concentra los datos recabados de 16 instituciones educativas tanto p\u00fablicas como privadas, en las que las alumnas, manifestaron casos de acoso y hostigamiento sexual, de los cuales, solo 3 presentaron denuncias ante las instancias correspondientes.<\/p>\n\n\n\n<p class=\"wp-block-paragraph\">Las denuncias van desde el nivel preescolar, hasta licenciatura, pero es en el medio superior, en el que se concentran el mayor n\u00famero de denuncias, destacan que la mayor\u00eda de casos documentados, ocurrieron en el primer trimestre del a\u00f1o, cuando las clases eran formales y presenciales.<\/p>\n\n\n\n<p class=\"wp-block-paragraph\">Las instituciones documentadas son; el colegio privado \u201cLiceo Ibero Mexicano\u201d, nivel preescolar; escuela secundaria \u201cTierra y Libertad\u201d, n\u00famero 6 ambas de Acapulco; Colegio de Bachilleres plantel 4 de Taxco; CBTIS 134 Chilpancingo; Universidad Americana de Acapulco, preparatoria n\u00famero 6 de Tecpan; preparatoria n\u00famero 6 de Iguala; preparatoria n\u00famero 4, las facultades de Comunicaci\u00f3n y Mercadotecnia, Filosof\u00eda y Letras y Medicina de la Universidad Aut\u00f3noma de Guerrero (UAGro).<\/p>\n\n\n\n<p class=\"wp-block-paragraph\">Las edades de las mujeres encuestadas a trav\u00e9s de un formulario difundido por medio de redes sociales, van de los 19 a los 28 a\u00f1os; las que&nbsp;&nbsp;han sufrido m\u00e1s&nbsp;&nbsp;alg\u00fan tipo de violencia o acoso, se encuentran en una edad de 24 a\u00f1os, y se ubican en la regi\u00f3n de la Monta\u00f1a, Costa Grande, y Chilpancingo, y un caso reportado de la ciudad de Morelia.<\/p>\n\n\n\n<p class=\"wp-block-paragraph\">El 50 por ciento de las mujeres que respondieron el cuestionario son estudiantes activas y el 30 por ciento, egresadas de alguna de las instituciones&nbsp;&nbsp;estudiadas. El 90 por ciento enfrent\u00f3 las agresiones dentro de los planteles, y el 10 por ciento fuera.&nbsp;<\/p>\n\n\n\n<p class=\"wp-block-paragraph\">De acuerdo a los datos recabados, las situaciones de acoso u hostigamiento empezaron a presentarse principalmente en los niveles de&nbsp;&nbsp;secundaria hasta llegar al nivel de posgrado, \u201cestos resultados nos da una muestra de c\u00f3mo los actos de acoso y agresiones est\u00e1n presentes y son invisibles para ciertos ojos del sistema estructural educativo pero que se debe poner atenci\u00f3n\u201d, se\u00f1alaron las activistas.&nbsp;<\/p>\n\n\n\n<p class=\"wp-block-paragraph\">Al dar seguimiento a las denuncias, encontraron que en la UAGro, a pesar de contar con Protocolo de Actuaci\u00f3n para la Prevenci\u00f3n, Atenci\u00f3n y Sanci\u00f3n de Acoso y Hostigamiento de G\u00e9nero, este contiene lagunas jur\u00eddicas y no ha sido presentado a las alumnas su conocimiento y los caminos para&nbsp;&nbsp;la atenci\u00f3n&nbsp;&nbsp;de los casos&nbsp;&nbsp;que se presentaron.<\/p>\n\n\n\n<p class=\"wp-block-paragraph\">De las denuncias presentadas ante la Defensor\u00eda de Derechos Humanos Universitarios de la UAGro por&nbsp;&nbsp;violencia de g\u00e9nero,&nbsp;&nbsp;ninguna han sido resuelta, no existe una sentencia ni sanci\u00f3n para los agresores; el \u00f3rgano defensor dio a conocer que derivado de la situaci\u00f3n&nbsp;&nbsp;no existen condiciones para efectuar las diligencias y notificaciones correspondientes a las denuncias presentadas.<\/p>\n\n\n\n<p class=\"wp-block-paragraph\">Esto luego de que a partir del 23 de marzo a la fecha se ha decretado la suspensi\u00f3n de actividades presenciales en los procedimientos de investigaci\u00f3n de las quejas con el prop\u00f3sito de prevenir la propagaci\u00f3n y contagio del COVID 19.<\/p>\n\n\n\n<p class=\"wp-block-paragraph\">En consecuencia, las quejas est\u00e1n pendientes de investigaci\u00f3n, mientras se esperan&nbsp;&nbsp;condiciones para continuar con las investigaciones, lo que genera, dijeron, un estado de vulnerabilidad para las v\u00edctimas y violenta sus derechos humanos y universitarios a un debido proceso, se\u00f1alaron.&nbsp;<\/p>\n\n\n\n<p class=\"wp-block-paragraph\">Consideraron necesario generar mecanismos para atender esta situaci\u00f3n, con la nueva normalidad; de esta manera prevenir los eventos que atenten contra la integridad f\u00edsica y emocional de las estudiantes.<\/p>\n\n\n\n<p class=\"wp-block-paragraph\">Las activistas que presentaron el estudio llamaron urgentemente a todas las instituciones educativas del estado de Guerrero, a atender esta problem\u00e1tica.<\/p>\n\n\n\n<p class=\"wp-block-paragraph\">\u201cLa violencia se recrudece cada vez m\u00e1s en el sector de mujeres y ni\u00f1as, es necesaria la creaci\u00f3n de medidas y acciones para generar espacios libres de violencia para las estudiantes, las docentes y todas las mujeres que nos desarrollemos dentro de espacios educativos\u201d, asentaron las activistas.&nbsp;<\/p>\n","protected":false},"excerpt":{"rendered":"<p>No existen protocolos de actuaci\u00f3n para parar la violencia contra ni\u00f1as y mujeres en la Educaci\u00f3n&nbsp;&nbsp;en todos sus niveles Urgen activistas a crear mecanismos efectivos para evitar los agravios especialmente en la Monta\u00f1a, la Costa Grande y Chilpancingo Josefina Aguilar Pastor&nbsp; SemM\u00e9xico.Chilpancingo, Guerrero, 17 de diciembre de 2020.- Instituciones educativas en el estado de Guerrero, [&hellip;]<\/p>\n","protected":false},"author":3,"featured_media":30007,"comment_status":"open","ping_status":"open","sticky":false,"template":"","format":"standard","meta":{"_monsterinsights_skip_tracking":false,"footnotes":""},"categories":[691,54],"tags":[],"class_list":["post-30006","post","type-post","status-publish","format-standard","has-post-thumbnail","category-691","category-mujeres"],"_links":{"self":[{"href":"https:\/\/redsemlac.com\/semmexico\/wp-json\/wp\/v2\/posts\/30006","targetHints":{"allow":["GET"]}}],"collection":[{"href":"https:\/\/redsemlac.com\/semmexico\/wp-json\/wp\/v2\/posts"}],"about":[{"href":"https:\/\/redsemlac.com\/semmexico\/wp-json\/wp\/v2\/types\/post"}],"author":[{"embeddable":true,"href":"https:\/\/redsemlac.com\/semmexico\/wp-json\/wp\/v2\/users\/3"}],"replies":[{"embeddable":true,"href":"https:\/\/redsemlac.com\/semmexico\/wp-json\/wp\/v2\/comments?post=30006"}],"version-history":[{"count":0,"href":"https:\/\/redsemlac.com\/semmexico\/wp-json\/wp\/v2\/posts\/30006\/revisions"}],"wp:featuredmedia":[{"embeddable":true,"href":"https:\/\/redsemlac.com\/semmexico\/wp-json\/wp\/v2\/media\/30007"}],"wp:attachment":[{"href":"https:\/\/redsemlac.com\/semmexico\/wp-json\/wp\/v2\/media?parent=30006"}],"wp:term":[{"taxonomy":"category","embeddable":true,"href":"https:\/\/redsemlac.com\/semmexico\/wp-json\/wp\/v2\/categories?post=30006"},{"taxonomy":"post_tag","embeddable":true,"href":"https:\/\/redsemlac.com\/semmexico\/wp-json\/wp\/v2\/tags?post=30006"}],"curies":[{"name":"wp","href":"https:\/\/api.w.org\/{rel}","templated":true}]}}