{"id":29997,"date":"2020-12-17T19:28:30","date_gmt":"2020-12-17T19:28:30","guid":{"rendered":"https:\/\/redsemlac.com\/semmexico\/?p=29997"},"modified":"2023-07-21T16:40:59","modified_gmt":"2023-07-21T21:40:59","slug":"dos-de-cada-tres-periodistas-en-situacion-de-desempleo-son-mujeres","status":"publish","type":"post","link":"https:\/\/redsemlac.com\/semmexico\/dos-de-cada-tres-periodistas-en-situacion-de-desempleo-son-mujeres\/","title":{"rendered":"Dos de cada tres periodistas en situaci\u00f3n de desempleo son mujeres"},"content":{"rendered":"\n<p class=\"wp-block-paragraph\">La Asociaci\u00f3n de la Prensa de Madrid presenta los resultados de su Informe anual en el contexto de un a\u00f1o \u201cat\u00edpico e incierto\u201d<\/p>\n\n\n\n<p class=\"wp-block-paragraph\">SemM\u00e9xico. Madrid. 16 dic. 2020. AmecoPress.-\u00a0<em>Un a\u00f1o m\u00e1s pero esta vez de forma virtual, la APM presenta el informe resultante de encuestar a m\u00e1s de 1200 periodistas y al conjunto de la ciudadan\u00eda para as\u00ed dibujar la \u201cradiograf\u00eda de la hermosa profesi\u00f3n period\u00edstica\u201d. Presidiendo el acto Juan Ca\u00f1o, presidente de la APM, y tambi\u00e9n interviene Margie Igoa, presidenta de la Comisi\u00f3n de Publicaciones, y el director del informe, Luis Palacio, quien aporta los principales datos y conclusiones del informe.<\/em><\/p>\n\n\n\n<p class=\"wp-block-paragraph\">El informe, resultante de encuestar a m\u00e1s de 1200 periodistas realizando un \u201cexamen de conciencia de la profesi\u00f3n\u201d y al conjunto de la ciudadan\u00eda sobre su concepci\u00f3n del periodismo, dibuja \u201cuna radiograf\u00eda de la hermosa profesi\u00f3n period\u00edstica\u201d, declara el presidente de la asociaci\u00f3n, Juan Ca\u00f1o. El hecho de que un 78% de los y las periodistas encuestadas han cubierto la crisis de la Covid-19, que el 80% no ten\u00edan formaci\u00f3n sobre el virus y que el 84% ha cambiado su modelo de trabajo expone de forma clara \u201cla necesidad de una reestructuraci\u00f3n de la profesi\u00f3n con un final incierto\u201d, expone Luis Palacio, director del informe.<\/p>\n\n\n\n<p class=\"wp-block-paragraph\">Esta transformaci\u00f3n se basa en una \u201cdigitalizaci\u00f3n imparable\u201d, aunque relativa, con la consecuente aparici\u00f3n de nuevos perfiles y funciones en la labor del periodista y con la necesidad, por parte de los medios, de nuevos profesionales como ingenieros, analistas, t\u00e9cnicos, grafistas, etc. El 70% de los y las periodistas con contrato y el 56% en r\u00e9gimen de aut\u00f3nomo creen que este proceso es beneficiario para la informaci\u00f3n final del medio.<\/p>\n\n\n\n<p class=\"wp-block-paragraph\">Por otro lado, hay cuestiones que no var\u00edan notablemente. Un ejemplo es el reducido n\u00famero de mujeres que ocupan altos cargos en la estructura de los medios o el n\u00famero de periodistas que trabajan como \u201cfalsos aut\u00f3nomos\u201d para un medio siendo un 14%, porcentajes parecidos a los del a\u00f1o pasado. Otras de las materias que muestran estabilidad son las relacionadas con el periodismo institucional y empresarial y el grado de satisfacci\u00f3n de periodistas y comunicadoras en relaci\u00f3n con el trabajo que desempe\u00f1an, a pesar de que las condiciones laborales no solo no mejoran, sino que empeoran.<\/p>\n\n\n\n<p class=\"wp-block-paragraph\">El desempleo en este campo el a\u00f1o pasado aument\u00f3 levemente, sin embargo este a\u00f1o ha experimentado un gran crecimiento hasta llegar a los 8.636 personas desempleadas en el sector entre diciembre de 2019 y diciembre de 2020. Aunque este proceso ha afectado m\u00e1s a los hombres, la realidad es que \u201cdos de cada tres periodistas en situaci\u00f3n de paro son mujeres, concretamente el 62%\u201d, aclara Palacio. El momento en el que mayor n\u00famero de puestos de trabajo se perdieron coincide con la crisis sanitaria actual y, de la misma manera, el porcentaje de trabajadoras y trabajadores que supera las 40 horas semanales asciende al 60%.<\/p>\n\n\n\n<h3 class=\"wp-block-heading\">Con vistas al futuro<\/h3>\n\n\n\n<p class=\"wp-block-paragraph\">Finalmente, en lo referido a las condiciones laborales de las y los periodistas destaca la denuncia sobre malas retribuciones, frente a la mejora en el caso de los comunicadores. \u201cEn el caso de los aut\u00f3nomos, las condiciones son mucho peores, incluso insuficientes para mantenerse\u201d, destaca el director, \u201cvi\u00e9ndose en la obligaci\u00f3n de buscar opciones laborales complementarias\u00bb. En el caso de lo estrictamente profesional, los periodistas encuestados denuncian la falta de independencia de los medios y de rigor en las informaciones. Frente a esto, la APM apela a \u201clos muros de pago\u201d basados en suscripciones, donaciones y la confianza que mantiene los y las consumidoras del medio.<\/p>\n","protected":false},"excerpt":{"rendered":"<p>La Asociaci\u00f3n de la Prensa de Madrid presenta los resultados de su Informe anual en el contexto de un a\u00f1o \u201cat\u00edpico e incierto\u201d SemM\u00e9xico. Madrid. 16 dic. 2020. AmecoPress.-\u00a0Un a\u00f1o m\u00e1s pero esta vez de forma virtual, la APM presenta el informe resultante de encuestar a m\u00e1s de 1200 periodistas y al conjunto de la [&hellip;]<\/p>\n","protected":false},"author":3,"featured_media":29999,"comment_status":"open","ping_status":"open","sticky":false,"template":"","format":"standard","meta":{"_monsterinsights_skip_tracking":false,"footnotes":""},"categories":[691,53],"tags":[],"class_list":["post-29997","post","type-post","status-publish","format-standard","has-post-thumbnail","category-691","category-internacional"],"_links":{"self":[{"href":"https:\/\/redsemlac.com\/semmexico\/wp-json\/wp\/v2\/posts\/29997","targetHints":{"allow":["GET"]}}],"collection":[{"href":"https:\/\/redsemlac.com\/semmexico\/wp-json\/wp\/v2\/posts"}],"about":[{"href":"https:\/\/redsemlac.com\/semmexico\/wp-json\/wp\/v2\/types\/post"}],"author":[{"embeddable":true,"href":"https:\/\/redsemlac.com\/semmexico\/wp-json\/wp\/v2\/users\/3"}],"replies":[{"embeddable":true,"href":"https:\/\/redsemlac.com\/semmexico\/wp-json\/wp\/v2\/comments?post=29997"}],"version-history":[{"count":0,"href":"https:\/\/redsemlac.com\/semmexico\/wp-json\/wp\/v2\/posts\/29997\/revisions"}],"wp:featuredmedia":[{"embeddable":true,"href":"https:\/\/redsemlac.com\/semmexico\/wp-json\/wp\/v2\/media\/29999"}],"wp:attachment":[{"href":"https:\/\/redsemlac.com\/semmexico\/wp-json\/wp\/v2\/media?parent=29997"}],"wp:term":[{"taxonomy":"category","embeddable":true,"href":"https:\/\/redsemlac.com\/semmexico\/wp-json\/wp\/v2\/categories?post=29997"},{"taxonomy":"post_tag","embeddable":true,"href":"https:\/\/redsemlac.com\/semmexico\/wp-json\/wp\/v2\/tags?post=29997"}],"curies":[{"name":"wp","href":"https:\/\/api.w.org\/{rel}","templated":true}]}}