{"id":29965,"date":"2020-12-16T21:27:58","date_gmt":"2020-12-16T21:27:58","guid":{"rendered":"https:\/\/redsemlac.com\/semmexico\/?p=29965"},"modified":"2023-07-21T16:41:00","modified_gmt":"2023-07-21T21:41:00","slug":"piden-a-amlo-reconozca-la-dimension-de-la-violencia-contra-las-mujeres-en-el-decimo-aniversario-del-asesinato-de-maricela-escobedo-ortiz","status":"publish","type":"post","link":"https:\/\/redsemlac.com\/semmexico\/piden-a-amlo-reconozca-la-dimension-de-la-violencia-contra-las-mujeres-en-el-decimo-aniversario-del-asesinato-de-maricela-escobedo-ortiz\/","title":{"rendered":"Piden a AMLO reconozca la dimensi\u00f3n de la violencia contra las mujeres, en el d\u00e9cimo aniversario del asesinato de Maricela Escobedo Ortiz"},"content":{"rendered":"\n<ul class=\"wp-block-list\"><li><strong>Lo cuestionan: no se puede deslindar del presente con el pasado y debe actuar<\/strong><\/li><\/ul>\n\n\n\n<ul class=\"wp-block-list\"><li><strong>M\u00e9xico deber\u00e1 rendir cuentas ante la Comisi\u00f3n Interamericana de Derechos Humanos porque el caso no est\u00e1 cerrado<\/strong><\/li><\/ul>\n\n\n\n<p class=\"wp-block-paragraph\"><strong>Sara Lovera<\/strong><\/p>\n\n\n\n<p class=\"wp-block-paragraph\">SemM\u00e9xico, Cd. de M\u00e9xico, 16 de diciembre 2020.- A diez a\u00f1os del asesinato de Marisela Escobedo Ortiz, quien incansablemente busc\u00f3 justicia para el feminicidio de su hija, no se han terminado las investigaciones, el expediente est\u00e1 oculto, y este hecho simboliza el estado de indiferencia de los gobiernos para frenar la violencia contra las mujeres, miles en esta d\u00e9cada, hoy simbolizados por el crimen contra Marisela, un caso ic\u00f3nico que debe ser muestra para la lucha continuada de la sociedad y las mujeres, afirmaron en conferencia de prensa a distancia, su hija, sus dos hijos y las organizaciones que&nbsp; han acompa\u00f1ado la demanda.<\/p>\n\n\n\n<p class=\"wp-block-paragraph\">As\u00ed lo dijeron esta ma\u00f1ana en conferencia de prensa virtual, 4 organizaciones y la familia Fraire Escobedo, desplazada a Estados Unidos y aseguraron que el caso no est\u00e1 cerrado, como pretendieron difundir; exigieron justicia hasta las \u00faltimas consecuencias y retaron al gobierno a cumplir con sus responsabilidades.<\/p>\n\n\n\n<p class=\"wp-block-paragraph\">Al tiempo de la reuni\u00f3n de prensa, la familia de Escobedo Ortiz, &nbsp;por su madre asesinada hace 10 a\u00f1os a las puertas del palacio de gobierno de Chihuahua pidieron&nbsp; al presidente Andr\u00e9s Manuel L\u00f3pez Obrador que reconozca la dimensi\u00f3n y el impacto que tiene la violencia contra las ni\u00f1as y mujeres y se comprometa seriamente con su prevenci\u00f3n, sanci\u00f3n y erradicaci\u00f3n porque ante la inacci\u00f3n de la justicia las madres de las v\u00edctimas del feminicidio se tienen que convertir en defensoras, investigadoras y en ello se les va la vida.<\/p>\n\n\n\n<p class=\"wp-block-paragraph\">La investigaci\u00f3n del asesinato de Marisela Escobedo Ortiz, est\u00e1 trunca; su familia desplazada en Estados Unidos; no se ha juzgado al funcionariado de Chihuahua por las&nbsp; omisiones tanto del asesinato de Rub\u00ed Fraire Escobedo y la de su madre que exig\u00eda castigo al feminicida, por lo que&nbsp; agotados los recursos en M\u00e9xico, el asunto est\u00e1 en la Comisi\u00f3n Interamericana de Derechos Humanos. No obstante ello tampoco este gobierno y el de Chihuahua han hecho nada.<\/p>\n\n\n\n<p class=\"wp-block-paragraph\">Como homenaje al d\u00e9cimo aniversario del asesinato de Marisela Escobedo Ortiz, y para que el caso emblem\u00e1tico sea referente para todas las mexicanas, entregaron una carta al Consulado mexicano en Texas&nbsp; y que se difundir\u00e1 en todo el mundo, donde interpelan&nbsp; al gobierno de la 4t&nbsp; para que solicite&nbsp; la extradici\u00f3n&nbsp; de Jaime Barraza \u2013preso en Texas y presunto asesino material de la luchadora por los derechos humanos. Exigen que se investigue a los asesinos intelectuales y contin\u00faen las investigaciones detenidas sin raz\u00f3n.<\/p>\n\n\n\n<p class=\"wp-block-paragraph\">Tambi\u00e9n le dicen al gobierno de la 4T que&nbsp; tiene la oportunidad \u00fanica de mostrar que una verdadera transformaci\u00f3n, es imposible si quedan conculcados los derechos de la mitad de la poblaci\u00f3n.<\/p>\n\n\n\n<p class=\"wp-block-paragraph\">Previamente desde esta ma\u00f1ana al pie de&nbsp; la placa que recuerda a Marisela Escobedo Ortiz, en la plaza principal de Chihuahua, se colocaron flores y veladoras. Por la noche habr\u00e1 una vigilia, por ella y todas las mujeres que en distintas rutas del pa\u00eds, piden que cese la impunidad ante el feminicidios de sus hijas y por aquellas v\u00edctimas de las violencias feminicidas cotidianas.<\/p>\n\n\n\n<p class=\"wp-block-paragraph\">Las organizaciones y la&nbsp; familia tambi\u00e9n le enviaron otro mensaje al presidente: \u201cno se puede deslindar del presente con el pasado\u201d, luego de considerar muy preocupantes las modificaciones al sistema judicial y la disminuci\u00f3n de recursos para las instituciones encargadas de atender y solucionar la violencia contra las mujeres.<\/p>\n\n\n\n<p class=\"wp-block-paragraph\">Informaron que el Estado Mexicano en enero pr\u00f3ximo deber\u00e1 rendir un informe&nbsp; a la Comisi\u00f3n Interamericana de Derechos Humanos sobre este caso, pero, exigieron,&nbsp; que lo haga&nbsp; de manera coherente y clara, porque es urgente&nbsp; un verdadero compromiso, uno que vaya&nbsp; m\u00e1s all\u00e1 del discurso p\u00fablico, para traducirse en acciones, pol\u00edticas, programas, medidas concretas.<\/p>\n\n\n\n<p class=\"wp-block-paragraph\">Insistieron que la violencia contra las mujeres, que cada d\u00eda crece, por lo que deber\u00eda ser una prioridad en la actual administraci\u00f3n porque en sus ma\u00f1aneras\u201d es evidente que la informaci\u00f3n proporcionada no da cuenta de una pol\u00edtica p\u00fablica estructurada, que tienda al fortalecimiento de instituciones que deben actuar en consecuencia (como la Comisi\u00f3n Nacional para Prevenir y Erradicar la Violencia contra las Mujeres CONAVIM y el Instituto Nacional de las Mujeres Inmujeres).<\/p>\n\n\n\n<p class=\"wp-block-paragraph\">En la conferencia de prensa&nbsp; Ruth Fierro Pineda del Centro de Derechos de las Mujeres, afirm\u00f3&nbsp; que se debe actuar con urgencia porque cada d\u00eda se asesina a 10 u 11 mujeres; porque todos los d\u00edas se denuncian 149 delitos en el pa\u00eds y 600 mujeres a diario denuncian violencia familiar. Mientras, se pretende disminuir autonom\u00eda a las fiscal\u00edas, se recorta el presupuesto y se desestima la&nbsp; importancia de la reparaci\u00f3n del da\u00f1o y la no repetici\u00f3n.<\/p>\n\n\n\n<p class=\"wp-block-paragraph\">En todo ello el Estado Mexicano est\u00e1 en deuda.<\/p>\n\n\n\n<p class=\"wp-block-paragraph\">Juan Manuel y Alex Freire Escobedo, presentes en la conferencia de prensa, narraron que tuvieron que desplazarse ante amenazas; que se han convertido ellos mismos en defensores de derechos humanos por la inacci\u00f3n de las autoridades y declararon que continuar\u00e1n hasta las \u00faltimas consecuencias.<\/p>\n\n\n\n<p class=\"wp-block-paragraph\">Ah\u00ed Marcela Martino Pineda, del Centro de Justicia y el Derecho Internacional, Cejil, con sede en Costa Rica, si bien consider\u00f3 que la violencia contra las mujeres es un fen\u00f3meno estructural, al Estado Mexicano le falta voluntad pol\u00edtica para asumir sus compromisos, su deuda hist\u00f3rica.<\/p>\n\n\n\n<p class=\"wp-block-paragraph\">Ella explic\u00f3 que en octubre pasado se pidi\u00f3 la intervenci\u00f3n de la CIDH, que fue admitida y ahora el gobierno deber\u00e1 dar una respuesta coherente en enero pr\u00f3ximo. Y dijo que el Estado es responsables de no garantizar la vida y los derechos de las mexicanas.<\/p>\n\n\n\n<p class=\"wp-block-paragraph\">En ese sentido Carlos Spector, defensor de la familia Fraire Escobedo y dirigente de Mexicanos en el Exilio, se\u00f1al\u00f3 que no se puede deslindar del presente con el pasado, al explicar c\u00f3mo el Gobierno Federal debe actuar y pedir la extradici\u00f3n de Jaime Barraza. Adem\u00e1s argumento que es muy sencillo, el gobierno tiene todos los elementos para actuar. Pero eso, dijo, \u201ces una decisi\u00f3n pol\u00edtica\u201d.<\/p>\n\n\n\n<p class=\"wp-block-paragraph\">La familia Fraire Escobedo y las organizaciones relataron que desde hace a\u00f1os, tanto las autoridades locales, del gobierno de Chihuahua, encabezado por Javier Corral Jurado y su fiscal, insistieron en la responsabilidad de C\u00e9sar Duarte J\u00e1quez, ex gobernador y sus funcionarios y jueces, porque hasta ahora&nbsp; no han&nbsp; dado cuenta del estado del expediente ni de la investigaci\u00f3n. Aseguraron que el caso no est\u00e1 cerrado, como se pretendi\u00f3 difundir.<\/p>\n\n\n\n<p class=\"wp-block-paragraph\">Ante ello, que est\u00e9n dise\u00f1adas a partir de diagn\u00f3sticos, a las que se les asigne el presupuesto suficiente, que sean implementadas por personas que cuenten con el perfil adecuado y que sean susceptibles de ser evaluadas por la sociedad. Asimismo, dado que la violencia de g\u00e9nero debe involucrar a las autoridades de los tres niveles de gobierno, es fundamental asegurar una coordinaci\u00f3n efectiva y profesional entre las mismas. Que su gobierno se coordine con el de Chihuahua, para que se profundicen las investigaciones, sobre los hechos, las amenazas a la familia y preocupante que los cambios en el sistema de justicia<\/p>\n\n\n\n<p class=\"wp-block-paragraph\"><strong>Aqu\u00ed la carta al presidente Andr\u00e9s Manuel L\u00f3pez Obrador<\/strong><br><em>Nos dirigimos a usted, en el marco del d\u00e9cimo aniversario del asesinato de Marisela Escobedo Ortiz, ocurrido en las puertas del Palacio de Gobierno de Chihuahua mientras exig\u00eda justicia por el feminicidio de su hija Rub\u00ed Marisol Fraire Escobedo.\u00a0<\/em><\/p>\n\n\n\n<p class=\"wp-block-paragraph\"><em>Como es de su conocimiento, este caso, ha llamado la atenci\u00f3n de muchas personas en M\u00e9xico y en otros pa\u00edses porque refleja la realidad de miles de v\u00edctimas que buscan sin \u00e9xito la justicia, a partir de hechos tan deleznables como son las violencias de g\u00e9nero hacia ni\u00f1as y mujeres.<\/em><em><\/em><\/p>\n\n\n\n<p class=\"wp-block-paragraph\"><em>Lamentablemente, estas violencias no son nuevas en nuestro pa\u00eds; no obstante, siguen presentes. Seg\u00fan datos oficiales, la cifra de nueve mujeres asesinadas diariamente en nuestro pa\u00eds aument\u00f3 a 11 y, en general la violencia de g\u00e9nero sigue aumentando de forma alarmante, en un contexto de impunidad casi total. Frente a esta realidad, vemos con preocupaci\u00f3n que dentro de sus prioridades de gobierno, no se encuentra la implementaci\u00f3n de una pol\u00edtica p\u00fablica clara e integral de prevenci\u00f3n para evitar que casos como el de Rub\u00ed y Marisela sigan ocurriendo.&nbsp;<\/em><em><\/em><\/p>\n\n\n\n<p class=\"wp-block-paragraph\"><em>Hoy m\u00e1s que nunca, es urgente e indispensable que el presidente de M\u00e9xico reconozca la dimensi\u00f3n y el impacto que tiene la violencia contra las ni\u00f1as y mujeres y se comprometa seriamente con su prevenci\u00f3n, sanci\u00f3n y erradicaci\u00f3n,<\/em><\/p>\n\n\n\n<p class=\"wp-block-paragraph\"><em>3 pues no ser\u00e1 posible alcanzar una transformaci\u00f3n verdadera de la naci\u00f3n, si la mitad de su poblaci\u00f3n no tiene garantizado sus derechos a la vida libre de violencias, integridad, libertad, seguridad, igualdad y justicia, entre otros, as\u00ed como el reconocimiento de su dignidad.<\/em><em><\/em><\/p>\n\n\n\n<p class=\"wp-block-paragraph\"><em>Si bien hemos atestiguado que en diferentes conferencias matutinas ha hecho referencia a esta problem\u00e1tica, es evidente que la informaci\u00f3n proporcionada no da cuenta de una pol\u00edtica p\u00fablica estructurada, que tienda al fortalecimiento de instituciones que deben actuar en consecuencia (como la Comisi\u00f3n Nacional para Prevenir y Erradicar la Violencia contra las Mujeres y el Instituto Nacional de las Mujeres)<\/em><em><\/em><\/p>\n\n\n\n<p class=\"wp-block-paragraph\"><em>Un verdadero compromiso, debe ir m\u00e1s all\u00e1 del discurso p\u00fablico y traducirse en acciones, pol\u00edticas, programas, medidas concretas, que est\u00e9n dise\u00f1adas a partir de diagn\u00f3sticos, a las que se les asigne el presupuesto suficiente, que sean implementadas por personas que cuenten con el perfil adecuado y que sean susceptibles de ser evaluadas por la sociedad. Asimismo, dado que la violencia de g\u00e9nero debe involucrar a las autoridades de los tres niveles de gobierno, es fundamental asegurar una coordinaci\u00f3n efectiva y profesional entre las mismas.<\/em><em><\/em><\/p>\n\n\n\n<p class=\"wp-block-paragraph\"><em>En el caso concreto de Marisela Escobedo Ortiz, le pedimos que su gobierno se coordine de manera efectiva con el del estado de Chihuahua, para que se sancione a todas las personas responsables de su asesinato, tal como ha sido demandado por la familia desde el mismo momento en que ocurri\u00f3. Esto es fundamental dado que existen elementos para investigar a personas que se encuentran fuera del territorio nacional.<\/em><em><\/em><\/p>\n\n\n\n<p class=\"wp-block-paragraph\"><em>El combate a la impunidad en casos emblem\u00e1ticos, env\u00eda un mensaje claro de que no se tolerar\u00e1 que hechos como esos se repitan, por eso decimos que justicia para Marisela, es justicia para todas y todos.<\/em><em><\/em><\/p>\n","protected":false},"excerpt":{"rendered":"<p>Lo cuestionan: no se puede deslindar del presente con el pasado y debe actuar<\/p>\n","protected":false},"author":3,"featured_media":29966,"comment_status":"open","ping_status":"open","sticky":false,"template":"","format":"standard","meta":{"_monsterinsights_skip_tracking":false,"footnotes":""},"categories":[691,47,48],"tags":[],"class_list":["post-29965","post","type-post","status-publish","format-standard","has-post-thumbnail","category-691","category-no-mas-impunidad","category-no-mas-impunidad-no-mas-impunidad"],"_links":{"self":[{"href":"https:\/\/redsemlac.com\/semmexico\/wp-json\/wp\/v2\/posts\/29965","targetHints":{"allow":["GET"]}}],"collection":[{"href":"https:\/\/redsemlac.com\/semmexico\/wp-json\/wp\/v2\/posts"}],"about":[{"href":"https:\/\/redsemlac.com\/semmexico\/wp-json\/wp\/v2\/types\/post"}],"author":[{"embeddable":true,"href":"https:\/\/redsemlac.com\/semmexico\/wp-json\/wp\/v2\/users\/3"}],"replies":[{"embeddable":true,"href":"https:\/\/redsemlac.com\/semmexico\/wp-json\/wp\/v2\/comments?post=29965"}],"version-history":[{"count":0,"href":"https:\/\/redsemlac.com\/semmexico\/wp-json\/wp\/v2\/posts\/29965\/revisions"}],"wp:featuredmedia":[{"embeddable":true,"href":"https:\/\/redsemlac.com\/semmexico\/wp-json\/wp\/v2\/media\/29966"}],"wp:attachment":[{"href":"https:\/\/redsemlac.com\/semmexico\/wp-json\/wp\/v2\/media?parent=29965"}],"wp:term":[{"taxonomy":"category","embeddable":true,"href":"https:\/\/redsemlac.com\/semmexico\/wp-json\/wp\/v2\/categories?post=29965"},{"taxonomy":"post_tag","embeddable":true,"href":"https:\/\/redsemlac.com\/semmexico\/wp-json\/wp\/v2\/tags?post=29965"}],"curies":[{"name":"wp","href":"https:\/\/api.w.org\/{rel}","templated":true}]}}