{"id":29958,"date":"2020-12-16T18:50:09","date_gmt":"2020-12-16T18:50:09","guid":{"rendered":"https:\/\/redsemlac.com\/semmexico\/?p=29958"},"modified":"2023-07-21T16:41:00","modified_gmt":"2023-07-21T21:41:00","slug":"la-distancia-entre-angela-merkel-y-enrique-alfaro-son-dos-whiskys-y-tres-pedazos-de-pizza","status":"publish","type":"post","link":"https:\/\/redsemlac.com\/semmexico\/la-distancia-entre-angela-merkel-y-enrique-alfaro-son-dos-whiskys-y-tres-pedazos-de-pizza\/","title":{"rendered":"La distancia entre \u00c1ngela Merkel y Enrique Alfaro son dos whiskys y tres pedazos de pizza"},"content":{"rendered":"\n<h2 class=\"wp-block-heading\"><strong>Mirada Violeta<\/strong><\/h2>\n\n\n\n<p class=\"wp-block-paragraph\"><strong>Lupita Ramos Ponce<\/strong><\/p>\n\n\n\n<p class=\"wp-block-paragraph\">SemM\u00e9xico. 16 de diciembre 2020.- Hay una distancia enorme entre \u00c1ngela Merkel y Enrique Alfaro, no solo la distancia geogr\u00e1fica, idiom\u00e1tica y pol\u00edtica, sino sobre todo, en relaci\u00f3n a las medidas que se toman desde el ejercicio de gobierno para atender y contener una pandemia de la magnitud de la COVID 19.<\/p>\n\n\n\n<p class=\"wp-block-paragraph\">Las autoridades de Alemania, profundamente preocupadas por las graves cifras del coronavirus que registra el pa\u00eds en esta segunda ola, decretaron este domingo 13 de diciembre el cierre casi total de la vida p\u00fablica a partir del mi\u00e9rcoles 16 hasta al menos el 10 de enero. En ese periodo deber\u00e1n permanecer cerrados todos los establecimientos comerciales no esenciales, s\u00f3lo estar\u00e1n abiertos las tiendas de alimentaci\u00f3n, los supermercados, bancos y farmacias. Cierran tambi\u00e9n las escuelas y guarder\u00edas. En este sentido, la canciller Merkel en rueda de prensa en Berl\u00edn tras la reuni\u00f3n con los presidentes de los 16 estados federados en la que se acordaron las nuevas medidas restrictivas ante la \u201cnecesidad urgente de pasar a la acci\u00f3n\u201d, se\u00f1al\u00f3 que: \u201cLas medidas que empezaron el 2 de noviembre no han funcionado, las infecciones han crecido exponencialmente, hay muchas muertes, por lo que debemos adoptar nuevas reglas para garantizar que el sistema de salud no se vea sobrepasado\u201d. Queda prohibida la venta de petardos y fuegos artificiales, con el objetivo de evitar una costumbre muy t\u00edpica de la Nochevieja alemana, esto es, los grupos de gente que se re\u00fanen en la calle para lanzar cohetes de despedida al a\u00f1o viejo y de bienvenida al nuevo. Se busca as\u00ed tambi\u00e9n evitar afluencia de accidentados en las urgencias de los hospitales, que en este momento tienen la presi\u00f3n de m\u00e1s ingresos de enfermos de coronavirus. Alemania atraves\u00f3 con relativo \u00e9xito la primera ola del coronavirus en primavera y actualmente sigue registrando una tasa de mortalidad inferior a Reino Unido, Francia o Espa\u00f1a, pero est\u00e1 teniendo muchas dificultades con la segunda ola. En una comparecencia en el Bundestag (c\u00e1mara baja del Parlamento) el pasado mi\u00e9rcoles 9 de diciembre, la canciller Merkel hab\u00eda ya invocado la necesidad de medidas m\u00e1s restrictivas contra la Covid-19. Ese d\u00eda, en un emotivo llamamiento a los ciudadanos a la responsabilidad para conseguir que desciendan los contagios, Merkel pidi\u00f3 a los alemanes una mayor reducci\u00f3n de contactos personales, \u201cpara que esta Navidad no sea la \u00faltima con los abuelos\u201d.<\/p>\n\n\n\n<p class=\"wp-block-paragraph\">En el caso de Jalisco, con una mortandad mayor &nbsp;(5,224 al 14 de diciembre) que en la provincia de Wuhan (el lugar donde comenz\u00f3 la pandemia), con una positividad de m\u00e1s del 40 %, con la tasa m\u00e1s alta de confirmados en un solo d\u00eda (el 14 de diciembre se confirmaron 905 casos), Enrique Alfaro ha tenido un comportamiento err\u00e1tico y alejado de la realidad. La informaci\u00f3n real de contagios y de muertes por la COVID 19 tarda m\u00e1s de una semana en procesarse, la informaci\u00f3n de ocupaci\u00f3n hospitalaria no refleja la realidad que se vive en los hospitales con personal m\u00e9dico agotado tras nueve meses de atenci\u00f3n continua, muchos de ellos sin las prestaciones laborales adecuadas, sin estabilidad ni contratos permanentes, con bonos y atenci\u00f3n diferenciados en el mismo sector salud y especialmente con la toma de decisiones pol\u00edticas que en este momento de la pandemia tienen un impacto directo con el alza de positividad y de mortandad de jaliscienses. El colmo de la irresponsabilidad ocurri\u00f3 el pasado 8 de diciembre en que se le sorprendi\u00f3 al gobernador Enrique Alfaro en un restaurante bar del municipio de Zapopan (que por cierto no fue clausurado por el presidente municipal Pablo Lemus al no cumplir evidentemente con las medidas de cuidado (El sal\u00f3n candela es un lugar cerrado y el gobernador estaba ah\u00ed con mucha gente y m\u00fasica en vivo). La justificaci\u00f3n de Alfaro es la distancia entre una estadista como \u00c1ngela Merkel que est\u00e1 cuidando a su poblaci\u00f3n para que \u201clleguen los abuelos a navidad\u201d y un pol\u00edtico como Enrique Alfaro con un discurso delirante que llama a la poblaci\u00f3n a no salir a la calle y \u00e9l se mete a un bar repleto de gente, con m\u00fasica en vivo a quitarse el \u201cagobio de los meses de encierro con dos whiskys y tres pedazos de pizza\u201d.<\/p>\n\n\n\n<p class=\"wp-block-paragraph\">medium.com\/dra-lupitaramos<\/p>\n\n\n\n<p class=\"wp-block-paragraph\">@dralupitaramosp<\/p>\n","protected":false},"excerpt":{"rendered":"<p>Las autoridades de Alemania, profundamente preocupadas por las graves cifras del coronavirus que registra el pa\u00eds en esta segunda ola<\/p>\n","protected":false},"author":3,"featured_media":8967,"comment_status":"open","ping_status":"open","sticky":false,"template":"","format":"standard","meta":{"_monsterinsights_skip_tracking":false,"footnotes":""},"categories":[691,91,35],"tags":[],"class_list":["post-29958","post","type-post","status-publish","format-standard","has-post-thumbnail","category-691","category-lupita-ramos-ponce","category-opinion"],"_links":{"self":[{"href":"https:\/\/redsemlac.com\/semmexico\/wp-json\/wp\/v2\/posts\/29958","targetHints":{"allow":["GET"]}}],"collection":[{"href":"https:\/\/redsemlac.com\/semmexico\/wp-json\/wp\/v2\/posts"}],"about":[{"href":"https:\/\/redsemlac.com\/semmexico\/wp-json\/wp\/v2\/types\/post"}],"author":[{"embeddable":true,"href":"https:\/\/redsemlac.com\/semmexico\/wp-json\/wp\/v2\/users\/3"}],"replies":[{"embeddable":true,"href":"https:\/\/redsemlac.com\/semmexico\/wp-json\/wp\/v2\/comments?post=29958"}],"version-history":[{"count":0,"href":"https:\/\/redsemlac.com\/semmexico\/wp-json\/wp\/v2\/posts\/29958\/revisions"}],"wp:featuredmedia":[{"embeddable":true,"href":"https:\/\/redsemlac.com\/semmexico\/wp-json\/wp\/v2\/media\/8967"}],"wp:attachment":[{"href":"https:\/\/redsemlac.com\/semmexico\/wp-json\/wp\/v2\/media?parent=29958"}],"wp:term":[{"taxonomy":"category","embeddable":true,"href":"https:\/\/redsemlac.com\/semmexico\/wp-json\/wp\/v2\/categories?post=29958"},{"taxonomy":"post_tag","embeddable":true,"href":"https:\/\/redsemlac.com\/semmexico\/wp-json\/wp\/v2\/tags?post=29958"}],"curies":[{"name":"wp","href":"https:\/\/api.w.org\/{rel}","templated":true}]}}