{"id":29951,"date":"2020-12-16T18:22:32","date_gmt":"2020-12-16T18:22:32","guid":{"rendered":"https:\/\/redsemlac.com\/semmexico\/?p=29951"},"modified":"2023-07-21T16:41:00","modified_gmt":"2023-07-21T21:41:00","slug":"cdhem-emitio-recomendacion-contra-el-ayuntamiento-de-jojutla-por-agresiones-contra-la-periodista-dulce-rayo","status":"publish","type":"post","link":"https:\/\/redsemlac.com\/semmexico\/cdhem-emitio-recomendacion-contra-el-ayuntamiento-de-jojutla-por-agresiones-contra-la-periodista-dulce-rayo\/","title":{"rendered":"CDHEM emiti\u00f3 recomendaci\u00f3n contra el ayuntamiento de Jojutla por agresiones contra la periodista Dulce Rayo"},"content":{"rendered":"\n<ul class=\"wp-block-list\"><li><strong>La comunicadora fue difamada, recibi\u00f3 amenazas de muerte y vivi\u00f3 desprestigio<\/strong><\/li><li><strong>El &nbsp;edil Juan \u00c1ngel Flores Bustamante opt\u00f3 por ignorar a la CDHEM<\/strong><\/li><\/ul>\n\n\n\n<p class=\"wp-block-paragraph\"><strong>Estrella Pedroza&nbsp;<\/strong><\/p>\n\n\n\n<p class=\"wp-block-paragraph\">SemM\u00e9xico. Cuernavaca, Morelos. 16 de diciembre 2020.- A un a\u00f1o de que la periodista Dulce Rayo fue v\u00edctima de difamaci\u00f3n y amenazas de muerte&nbsp;&nbsp;por parte de un funcionario p\u00fablico del municipio de Jojutla, la Comisi\u00f3n de Derechos Humanos del Estado de Morelos (CDHEM) emiti\u00f3 una recomendaci\u00f3n en contra del Ayuntamiento Jojutlense pero el edil Juan \u00c1ngel Flores Bustamante opt\u00f3 por ignorar el llamado.&nbsp;<\/p>\n\n\n\n<p class=\"wp-block-paragraph\">A principios de diciembre del 2019, la reportera&nbsp;&nbsp;dio voz a un ciudadano de la zona sur que denunci\u00f3 la prepotencia y agresi\u00f3n f\u00edsica que sufri\u00f3 en manos del director de Servicios P\u00fablicos del Ayuntamiento de Jojutla, Joseph Vega Guti\u00e9rrez.<\/p>\n\n\n\n<p class=\"wp-block-paragraph\">Lo que gener\u00f3 la molestia del servidor p\u00fablico y en lugar de aclarar el por qu\u00e9 actu\u00f3 de manera violenta contra el ciudadano, se fue contra la periodista acus\u00e1ndola de supuesta extorsi\u00f3n, hecho que nunca pudo probar y que s\u00f3lo pretend\u00eda ensuciar su nombre, todo bajo la protecci\u00f3n del presidente municipal.&nbsp;<\/p>\n\n\n\n<p class=\"wp-block-paragraph\">Posteriormente la periodista fue v\u00edctima de amenazas de muerte a trav\u00e9s de redes sociales (donde su imagen fue exhibida) y hostigamiento, al grado que se vio obligada a dejar la empresa donde labor\u00f3 por a\u00f1os&nbsp;&nbsp;como corresponsal de la zona sur.<\/p>\n\n\n\n<p class=\"wp-block-paragraph\">Por ello, inici\u00f3 una queja ante la CDHEM, en&nbsp;&nbsp;la Visitadur\u00eda Regional,&nbsp;&nbsp;en contra del director de Servicios P\u00fablicos por las violaciones a sus derechos humanos. Despu\u00e9s de un a\u00f1o de haberse iniciado esta queja, y tras meses de investigaci\u00f3n, la Comisi\u00f3n de Derechos Humanos del Estado nos da la raz\u00f3n, sobre el agravio cometido a la actividad period\u00edstica de la compa\u00f1era, por lo que hoy la Comisi\u00f3n de los Derechos Humanos del Estado de Morelos emite una recomendaci\u00f3n en contra el Ayuntamiento de Jojutla:<\/p>\n\n\n\n<p class=\"wp-block-paragraph\">1.&nbsp;&nbsp;&nbsp;&nbsp;&nbsp;&nbsp;&nbsp;&nbsp;Para que el edil Juan \u00c1ngel Flores Bustamante instruya a la Contralor\u00eda Municipal para que inicie a la brevedad un Procedimiento Administrativo en contra del Director de Servicios P\u00fablicos Joseph Vega para determinar la responsabilidad administrativa en que incurri\u00f3 en el desempe\u00f1o de sus funciones al poner el riesgo a la compa\u00f1era, al difundir informaci\u00f3n en una red social de difusi\u00f3n de uso institucional.<\/p>\n\n\n\n<p class=\"wp-block-paragraph\">2.&nbsp;&nbsp;&nbsp;&nbsp;&nbsp;&nbsp;&nbsp;&nbsp;Para que capacite a directores dentro del ayuntamiento, en materia de derechos humanos y libertad de expresi\u00f3n, a fin de evitar futuras conductas que pongan en riesgo la actividad period\u00edstica de otros colegas.<\/p>\n\n\n\n<p class=\"wp-block-paragraph\">3.&nbsp;&nbsp;&nbsp;&nbsp;&nbsp;&nbsp;&nbsp;&nbsp;Instruya al director de Servicios P\u00fablicos Joseph Vega Guti\u00e9rrez para pedir una disculpa p\u00fablica a la periodista Dulce Rayo por la difusi\u00f3n de las declaraciones que, de manera dolosa, realiz\u00f3 en su contra.<\/p>\n\n\n\n<p class=\"wp-block-paragraph\">De acuerdo a la recomendaci\u00f3n emitida por la Comisi\u00f3n de los Derechos Humanos, se dio un plazo de 10 d\u00edas naturales, contados a partir de su notificaci\u00f3n para hacerlo, sin embargo, a la fecha el ayuntamiento de Jojutla que encabeza el Alcalde Juan \u00c1ngel Flores Bustamante han hecho caso omiso a esta recomendaci\u00f3n, toda vez que la recomendaci\u00f3n fue emitida desde el pasado 20 de noviembre.<\/p>\n\n\n\n<p class=\"wp-block-paragraph\">En conferencia de prensa la periodista&nbsp;&nbsp;y sus abogados&nbsp;&nbsp;emplazaron&nbsp;&nbsp;al presidente municipal a que se pronuncie a la brevedad.<\/p>\n\n\n\n<p class=\"wp-block-paragraph\">\u201cEl edil en distintas ocasiones se ha pronunciado a favor del respeto a las mujeres y a la no violencia de g\u00e9nero por lo que exigimos que sea congruente\u201d, dijo Dulce Rayo.<\/p>\n\n\n\n<p class=\"wp-block-paragraph\">Es importante precisar, que a la par de la queja, se present\u00f3 una denuncia ante la Fiscal\u00eda General de la Rep\u00fablica en la Fiscal\u00eda Especializada para la atenci\u00f3n de delitos cometidos contra la Libertad de Expresi\u00f3n, que sigue su curso, ya que debido a la pandemia el proceso se ha demorado. La periodista agradeci\u00f3 &nbsp;a la Comisi\u00f3n de Derechos Humanos del estado por el trabajo realizado en tiempos de pandemia.<\/p>\n\n\n\n<p class=\"wp-block-paragraph\">Buscamos conocer la versi\u00f3n del edil pero nunca tom\u00f3 la llamada y desde la coordinaci\u00f3n de comunicaci\u00f3n social se\u00f1alaron que por el momento no&nbsp;&nbsp;hab\u00eda postura.<\/p>\n","protected":false},"excerpt":{"rendered":"<p>La comunicadora fue difamada, recibi\u00f3 amenazas de muerte y vivi\u00f3 desprestigio<\/p>\n","protected":false},"author":3,"featured_media":29952,"comment_status":"open","ping_status":"open","sticky":false,"template":"","format":"standard","meta":{"_monsterinsights_skip_tracking":false,"footnotes":""},"categories":[691,51],"tags":[],"class_list":["post-29951","post","type-post","status-publish","format-standard","has-post-thumbnail","category-691","category-ejecutivo"],"_links":{"self":[{"href":"https:\/\/redsemlac.com\/semmexico\/wp-json\/wp\/v2\/posts\/29951","targetHints":{"allow":["GET"]}}],"collection":[{"href":"https:\/\/redsemlac.com\/semmexico\/wp-json\/wp\/v2\/posts"}],"about":[{"href":"https:\/\/redsemlac.com\/semmexico\/wp-json\/wp\/v2\/types\/post"}],"author":[{"embeddable":true,"href":"https:\/\/redsemlac.com\/semmexico\/wp-json\/wp\/v2\/users\/3"}],"replies":[{"embeddable":true,"href":"https:\/\/redsemlac.com\/semmexico\/wp-json\/wp\/v2\/comments?post=29951"}],"version-history":[{"count":0,"href":"https:\/\/redsemlac.com\/semmexico\/wp-json\/wp\/v2\/posts\/29951\/revisions"}],"wp:featuredmedia":[{"embeddable":true,"href":"https:\/\/redsemlac.com\/semmexico\/wp-json\/wp\/v2\/media\/29952"}],"wp:attachment":[{"href":"https:\/\/redsemlac.com\/semmexico\/wp-json\/wp\/v2\/media?parent=29951"}],"wp:term":[{"taxonomy":"category","embeddable":true,"href":"https:\/\/redsemlac.com\/semmexico\/wp-json\/wp\/v2\/categories?post=29951"},{"taxonomy":"post_tag","embeddable":true,"href":"https:\/\/redsemlac.com\/semmexico\/wp-json\/wp\/v2\/tags?post=29951"}],"curies":[{"name":"wp","href":"https:\/\/api.w.org\/{rel}","templated":true}]}}