{"id":29948,"date":"2020-12-16T18:18:32","date_gmt":"2020-12-16T18:18:32","guid":{"rendered":"https:\/\/redsemlac.com\/semmexico\/?p=29948"},"modified":"2023-07-21T16:41:00","modified_gmt":"2023-07-21T21:41:00","slug":"candidos-o-desalmados-vinculos-perversos-cotidianos","status":"publish","type":"post","link":"https:\/\/redsemlac.com\/semmexico\/candidos-o-desalmados-vinculos-perversos-cotidianos\/","title":{"rendered":"C\u00e1ndidos o desalmados, v\u00ednculos perversos cotidianos"},"content":{"rendered":"\n<p class=\"wp-block-paragraph\"><strong>Norma G. Escamilla Barrientos<\/strong><\/p>\n\n\n\n<p class=\"wp-block-paragraph\">SemM\u00e9xico\/La Cadera de Eva, 16 de diciembre 2020.-En las relaciones de manipulaci\u00f3n se puede expresar \u201cpobre\u201d de la persona que \u201caguanta\u201d dichos tratos, \u00bfen realidad que complejidad hay detr\u00e1s de esta persona?<\/p>\n\n\n\n<p class=\"wp-block-paragraph\">La complejidad emocional y constitutiva del ser humano es muy compleja y fascinante cuando la vemos desplegarse en la cl\u00ednica. En la vida cotidiana, de pronto es dif\u00edcil entender que hace que las personas permanezcan en una relaci\u00f3n, en un v\u00ednculo, o en un ambiente laboral y hasta en una sociedad donde se le lastima, humilla, utiliza y maltrata. De alguna manera, en el efecto espejo el lugar donde permanecemos es el reflejo de lo que somos internamente.<\/p>\n\n\n\n<p class=\"wp-block-paragraph\">En este tipo de relaciones o v\u00ednculos, regularmente una puede expresar \u201cpobre\u201d de la persona que \u201caguanta\u201d dichos tratos. Sin embargo, en la cl\u00ednica podemos ver que detr\u00e1s de esa personalidad aparentemente subordinada, pasiva y \u201cvulnerable\u201d tambi\u00e9n hay ciertos rasgos perversos, y de pronto no es tan diferente a su perverso\/a. De hecho de alguna manera lo requiere para vivirse de esta forma, y de alg\u00fan modo encuentra un gozo y una ganancia inconsciente, por eso \u201cno puede irse\u201d y se engancha como decimos, algo similar a lo que vive un adicto\/a.<\/p>\n\n\n\n<h5 class=\"wp-block-heading\"><strong>Relaciones sadomasoquistas<\/strong><\/h5>\n\n\n\n<p class=\"wp-block-paragraph\">Es algo muy parecido a las relaciones sado-masoquistas, donde uno existe a partir del otro, coexistiendo ambos todo el tiempo. Si bien preexiste una predominancia en los roles de quien goza maltratar y quien goza sufrir, tambi\u00e9n se realiza el intercambio de estos roles dentro del v\u00ednculo. Y de ser agredida\/o, se pasa a ser agresor\/a con un monto de odio, frustraci\u00f3n y rabia por haber sido agredida y as\u00ed dial\u00e9cticamente hablando se alimentan y recriminan al mismo tiempo. En realidad esta es una relaci\u00f3n \u201cideal\u201d donde las partes se dan lo que necesita para estar \u201cbien\u201d claro, estamos en el plano de una relaci\u00f3n patol\u00f3gica pero funcional para este tipo de estructuras.<\/p>\n\n\n\n<p class=\"wp-block-paragraph\">Los motivos por los cuales se permanece en este tipo de relaciones, pueden ser diversos y tienen que ver con la estructura mental e historia de cada persona, sin embargo, podemos nombrar algunos como el masoquismo, el sadismo, la perversi\u00f3n, el narcisismo, la personalidad maquiav\u00e9lica, la baja autoestima, la autodestrucci\u00f3n, el no merecimiento, el castigarse, entre otras. &nbsp;&nbsp;<\/p>\n\n\n\n<h5 class=\"wp-block-heading\"><strong>Mecanismos de manipulaci\u00f3n<\/strong><\/h5>\n\n\n\n<p class=\"wp-block-paragraph\">Podemos identificar algunos mecanismos de manipulaci\u00f3n en este tipo de relaciones tales como la escisi\u00f3n de la mente, es decir, no integra la emoci\u00f3n y su racionalidad, niega todo el tiempo la realidad, en su comunicaci\u00f3n siempre confunde ya que no habr\u00e1 coherencia entre lo que dice y hace, proyecta todo el tiempo en los otros sus defectos, cubre su agresividad a trav\u00e9s del humor, y siempre culpara a los dem\u00e1s. Regularmente tienden a formar parejas clandestinas, ocultas, basadas en el enga\u00f1o, la mentira y la manipulaci\u00f3n. Esto mismo en el \u00e1mbito social lo podemos observar en algo que hemos naturalizado como la corrupci\u00f3n.<\/p>\n\n\n\n<p class=\"wp-block-paragraph\">En la vida cotidiana podemos observar muchos ejemplos, miremos primero a nuestro alrededor, a nuestra familia, amigas, amigos, v\u00ednculos laborales, de pareja,<\/p>\n\n\n\n<p class=\"wp-block-paragraph\">etc., \u00bfc\u00f3mo son estos v\u00ednculos?, \u00bfc\u00f3mo nos hacen sentir? \u00bfQu\u00e9 de esos otros comparto yo? De nuestros v\u00ednculos m\u00e1s cercanos \u00bfc\u00f3mo los miramos? Como gente creadora, creativa, abierta, ensimismada, melanc\u00f3lica, alegre, malhumorada, d\u00e9spota, que se protege todo el tiempo, omnipotente, mentiroso, desconfiada, obsesiva, tramposa, fiable o ap\u00e1tica. Ahora bien, miremos de todos estos v\u00ednculos cu\u00e1l lleva la batuta y pensemos en ello, qu\u00e9 tanto es el reflejo de m\u00ed y cu\u00e1l es mi ganancia inconscientemente hablando.<\/p>\n\n\n\n<h5 class=\"wp-block-heading\">C\u00f3mo es el personaje del perverso o perversa<\/h5>\n\n\n\n<p class=\"wp-block-paragraph\">Esto mismo, tambi\u00e9n lo podemos mirar desde un personaje ficticio, me encanto la triada principal puesta en <em>La incre\u00edble y triste historia de la c\u00e1ndida Er\u00e9ndira y de su abuela desalmada, d<\/em>el escritor Garc\u00eda M\u00e1rquez, m\u00e1s all\u00e1 de ser una obra premiada, la le\u00ed nuevamente intentando ubicar algunas caracter\u00edsticas perversas de los personajes, que son maravillosamente descritos por el autor, desde la literatura y su trama, no as\u00ed desde la cl\u00ednica claro.<\/p>\n\n\n\n<p class=\"wp-block-paragraph\">En dicha trama, el personaje de la abuela desalmada, quien encubierta bajo el velo de la bondad \u201ccuida\u201d a su \u00fanica nieta. Tiene el tinte de una mujer manipuladora, controladora, perversa, que sujeta, humilla y condiciona todo el tiempo a Er\u00e9ndira a quien utiliza y prostituye para obtener privilegios y dinero que ella misma no pod\u00eda proveerse.<\/p>\n\n\n\n<p class=\"wp-block-paragraph\">Er\u00e9ndira una ni\u00f1a de catorce a\u00f1os, l\u00e1nguida, delgada, y muy \u201cmansa\u201d, sin padres. La cual atiende a su abuela a cambio de que \u00e9sta se haga cargo de ella, estableciendo un v\u00ednculo de \u201csubordinaci\u00f3n\u201d total y \u201cagradecimiento\u201d, ambas eran lo \u00fanico que quedaba de su familia de origen, que por cierto se dedicaba al contrabando. Por otro lado, Ulises es el hijo de un contrabandista, adolescente, solitario, considerado un \u00e1ngel furtivo, quien se enamora de Er\u00e9ndira una vez que vive su primer experiencia sexuales con ella. A partir de ah\u00ed Ulises se convierte \u201cpor amor\u201d en el instrumento de Er\u00e9ndira para saldar y verter todo su odio, frustraci\u00f3n y rabia acumulada hacia su abuela. Su personaje tuvo varias posibilidades de irse y tener otra vida, sin embargo, siempre regresaba, de manera inconsciente ella gozaba y obten\u00eda una ganancia y desde ah\u00ed establece un v\u00ednculo perverso con su abuela. Antes de irse ten\u00eda que dar la estocada final sin \u201cmancharse\u201d las manos, usando a un tercero y poder seguir su camino. \u00bfLes suena esto familiar a alguna historia real en los diferentes \u00e1mbitos? Y t\u00fa, \u00bfqui\u00e9n podr\u00edas ser la abuela, Er\u00e9ndira o Ulises?&nbsp;<\/p>\n","protected":false},"excerpt":{"rendered":"<p>La complejidad emocional y constitutiva del ser humano es muy compleja y fascinante cuando la vemos desplegarse en la cl\u00ednica<\/p>\n","protected":false},"author":3,"featured_media":29949,"comment_status":"open","ping_status":"open","sticky":false,"template":"","format":"standard","meta":{"_monsterinsights_skip_tracking":false,"footnotes":""},"categories":[691,110,35],"tags":[],"class_list":["post-29948","post","type-post","status-publish","format-standard","has-post-thumbnail","category-691","category-la-opinion-columnas","category-opinion"],"_links":{"self":[{"href":"https:\/\/redsemlac.com\/semmexico\/wp-json\/wp\/v2\/posts\/29948","targetHints":{"allow":["GET"]}}],"collection":[{"href":"https:\/\/redsemlac.com\/semmexico\/wp-json\/wp\/v2\/posts"}],"about":[{"href":"https:\/\/redsemlac.com\/semmexico\/wp-json\/wp\/v2\/types\/post"}],"author":[{"embeddable":true,"href":"https:\/\/redsemlac.com\/semmexico\/wp-json\/wp\/v2\/users\/3"}],"replies":[{"embeddable":true,"href":"https:\/\/redsemlac.com\/semmexico\/wp-json\/wp\/v2\/comments?post=29948"}],"version-history":[{"count":0,"href":"https:\/\/redsemlac.com\/semmexico\/wp-json\/wp\/v2\/posts\/29948\/revisions"}],"wp:featuredmedia":[{"embeddable":true,"href":"https:\/\/redsemlac.com\/semmexico\/wp-json\/wp\/v2\/media\/29949"}],"wp:attachment":[{"href":"https:\/\/redsemlac.com\/semmexico\/wp-json\/wp\/v2\/media?parent=29948"}],"wp:term":[{"taxonomy":"category","embeddable":true,"href":"https:\/\/redsemlac.com\/semmexico\/wp-json\/wp\/v2\/categories?post=29948"},{"taxonomy":"post_tag","embeddable":true,"href":"https:\/\/redsemlac.com\/semmexico\/wp-json\/wp\/v2\/tags?post=29948"}],"curies":[{"name":"wp","href":"https:\/\/api.w.org\/{rel}","templated":true}]}}