{"id":29943,"date":"2020-12-16T16:28:53","date_gmt":"2020-12-16T16:28:53","guid":{"rendered":"https:\/\/redsemlac.com\/semmexico\/?p=29943"},"modified":"2023-07-21T16:41:00","modified_gmt":"2023-07-21T21:41:00","slug":"impunidad-en-mexico-a-10-anos-del-asesinato-de-marisela-escobedo","status":"publish","type":"post","link":"https:\/\/redsemlac.com\/semmexico\/impunidad-en-mexico-a-10-anos-del-asesinato-de-marisela-escobedo\/","title":{"rendered":"Impunidad en M\u00e9xico: A 10 a\u00f1os del asesinato de Marisela Escobedo"},"content":{"rendered":"\n<p class=\"wp-block-paragraph\"><strong>Redacci\u00f3n Subrayado.com.<\/strong><\/p>\n\n\n\n<p class=\"wp-block-paragraph\">SemM\u00e9xico\/Subrayado.com. Cd. de M\u00e9xico. 16 de diciembre 2020.- Este 2020 se cumple una d\u00e9cada desde el asesinato de\u00a0<strong>Marisela Escobedo,<\/strong>\u00a0una madre que buscaba justicia para su hija\u00a0<strong>Rub\u00ed Escobedo<\/strong>, quien fue v\u00edctima de\u00a0<strong>feminicidio.<\/strong><\/p>\n\n\n\n<p class=\"wp-block-paragraph\">Marisela Escobedo<strong>&nbsp;fue asesinada el 16 de diciembre de 2010<\/strong>, justo frente a las puertas del Palacio de Gobierno de Chihuahua mientras protestaba por el asesinato de su hija Rub\u00ed.<\/p>\n\n\n\n<h2 class=\"wp-block-heading\"><strong>La lucha de Marisela Escobedo<\/strong><\/h2>\n\n\n\n<p class=\"wp-block-paragraph\">En 2008, Rub\u00ed Marisol Escobedo de 16 a\u00f1os, fue asesinada en Ciudad Ju\u00e1rez, su pareja de ese entonces Sergio Barraza, fue se\u00f1alado como el principal sospechoso.<\/p>\n\n\n\n<p class=\"wp-block-paragraph\">Desde ese momento Marisela Escobedo emprendi\u00f3 una b\u00fasqueda para llevar a Barraza ante la justicia de Chihuahua, logrando localizarlo hasta el estado de Zacatecas en 2009.<\/p>\n\n\n\n<p class=\"wp-block-paragraph\">Gracias al trabajo de Marisela, Barraza logr\u00f3 ser encarcelado durante un a\u00f1o, luego de que se declarara culpable y confesara la ubicaci\u00f3n de los restos de Rub\u00ed.<\/p>\n\n\n\n<p class=\"wp-block-paragraph\">Sin embargo, la impunidad se present\u00f3 en el caso cuando en 2010 Barraza qued\u00f3 en libertad por supuestas faltas de pruebas, a\u00fan cuando \u00e9l hab\u00eda testificado lo contrario.<\/p>\n\n\n\n<p class=\"wp-block-paragraph\">Ante la presi\u00f3n medi\u00e1tica y las protestas por el dictamen, el tribunal superior cambi\u00f3 la sentencia, pero Sergio Barraza ya hab\u00eda huido del estado.<\/p>\n\n\n\n<figure class=\"wp-block-embed-youtube wp-block-embed is-type-video is-provider-youtube wp-embed-aspect-16-9 wp-has-aspect-ratio\"><div class=\"wp-block-embed__wrapper\">\n<iframe loading=\"lazy\" title=\"Las tres muertes de Marisela Escobedo | Tr\u00e1iler oficial | Netflix\" width=\"696\" height=\"392\" src=\"https:\/\/www.youtube.com\/embed\/2vsHHKwqPD8?feature=oembed&#038;enablejsapi=1\" frameborder=\"0\" allow=\"accelerometer; autoplay; clipboard-write; encrypted-media; gyroscope; picture-in-picture; web-share\" referrerpolicy=\"strict-origin-when-cross-origin\" allowfullscreen><\/iframe>\n<\/div><\/figure>\n\n\n\n<p class=\"wp-block-paragraph\"><\/p>\n\n\n\n<h3 class=\"wp-block-heading\">Un s\u00edmbolo del activismo y la voz de quien busca justicia<\/h3>\n\n\n\n<p class=\"wp-block-paragraph\">Luego de la liberaci\u00f3n de Barraza, la se\u00f1ora Escobedo se convirti\u00f3 en una activista, realizando una serie de protestas y manifestaciones exigiendo justicia para su hija Rub\u00ed.<\/p>\n\n\n\n<figure class=\"wp-block-image\"><img decoding=\"async\" src=\"https:\/\/subrayado.com.mx\/wp-content\/uploads\/2020\/12\/rubi-marisol-escobedo.png\" alt=\"\" class=\"wp-image-19898\"\/><\/figure>\n\n\n\n<p class=\"wp-block-paragraph\">Ante su incansable b\u00fasqueda y constantes muestras de los fallos del sistema judicial y pol\u00edtico en M\u00e9xico;&nbsp;<strong>el 16 de diciembre de 2010 fue asesinada.<\/strong><\/p>\n\n\n\n<p class=\"wp-block-paragraph\">Desde entonces, colectivos y familiares conmemoran esta fecha no s\u00f3lo como un aniversario luctuoso, sino como manera de mantener viva la memoria de Marisela Escobedo y su incansable lucha.<\/p>\n\n\n\n<p class=\"wp-block-paragraph\">Este 2020 se cumple una d\u00e9cada de su asesinato y como cada a\u00f1o, con velas y flores, agrupaciones acuden a la placa en su nombre para honrar su memoria.<\/p>\n\n\n\n<p class=\"wp-block-paragraph\">Este a\u00f1o, debido a la pandemia de Covid-19, diversas organizaciones llevaran a cabo un homenaje de manera virtual mediante la p\u00e1gina de Facebook\u00a0<a href=\"https:\/\/www.facebook.com\/JusticiaMarisela\">\u201cJusticia para Marisela Escobedo\u201d<\/a>.<\/p>\n\n\n\n<p class=\"wp-block-paragraph\"><\/p>\n","protected":false},"excerpt":{"rendered":"<p>ste 2020 se cumple una d\u00e9cada desde el asesinato de Marisela Escobedo, una madre que buscaba justicia para su hija Rub\u00ed Escobedo, quien fue v\u00edctima de feminicidio.<\/p>\n","protected":false},"author":3,"featured_media":0,"comment_status":"open","ping_status":"open","sticky":false,"template":"","format":"standard","meta":{"_monsterinsights_skip_tracking":false,"footnotes":""},"categories":[691,47,48],"tags":[],"class_list":["post-29943","post","type-post","status-publish","format-standard","category-691","category-no-mas-impunidad","category-no-mas-impunidad-no-mas-impunidad"],"_links":{"self":[{"href":"https:\/\/redsemlac.com\/semmexico\/wp-json\/wp\/v2\/posts\/29943","targetHints":{"allow":["GET"]}}],"collection":[{"href":"https:\/\/redsemlac.com\/semmexico\/wp-json\/wp\/v2\/posts"}],"about":[{"href":"https:\/\/redsemlac.com\/semmexico\/wp-json\/wp\/v2\/types\/post"}],"author":[{"embeddable":true,"href":"https:\/\/redsemlac.com\/semmexico\/wp-json\/wp\/v2\/users\/3"}],"replies":[{"embeddable":true,"href":"https:\/\/redsemlac.com\/semmexico\/wp-json\/wp\/v2\/comments?post=29943"}],"version-history":[{"count":0,"href":"https:\/\/redsemlac.com\/semmexico\/wp-json\/wp\/v2\/posts\/29943\/revisions"}],"wp:attachment":[{"href":"https:\/\/redsemlac.com\/semmexico\/wp-json\/wp\/v2\/media?parent=29943"}],"wp:term":[{"taxonomy":"category","embeddable":true,"href":"https:\/\/redsemlac.com\/semmexico\/wp-json\/wp\/v2\/categories?post=29943"},{"taxonomy":"post_tag","embeddable":true,"href":"https:\/\/redsemlac.com\/semmexico\/wp-json\/wp\/v2\/tags?post=29943"}],"curies":[{"name":"wp","href":"https:\/\/api.w.org\/{rel}","templated":true}]}}