{"id":29940,"date":"2020-12-16T16:14:02","date_gmt":"2020-12-16T16:14:02","guid":{"rendered":"https:\/\/redsemlac.com\/semmexico\/?p=29940"},"modified":"2023-07-21T16:41:01","modified_gmt":"2023-07-21T21:41:01","slug":"10-anos-del-asesinato-de-marisela-escobedo-las-razones-de-contar-su-historia","status":"publish","type":"post","link":"https:\/\/redsemlac.com\/semmexico\/10-anos-del-asesinato-de-marisela-escobedo-las-razones-de-contar-su-historia\/","title":{"rendered":"10 a\u00f1os del asesinato de Marisela Escobedo: las razones de contar su historia"},"content":{"rendered":"\n<p class=\"wp-block-paragraph\"><strong>Por: \u00a0Carlos P\u00e9rez Osorio,\u00a0Karla Casillas\u00a0and\u00a0Alejandro Melgoza<\/strong><\/p>\n\n\n\n<p class=\"wp-block-paragraph\">SemM\u00e9xico\/WashingtonPost. 16 de diciembre  2020.- Hace exactamente 10 a\u00f1os, el 16 de diciembre de 2010, Marisela Escobedo se manifestaba a las afueras del Palacio de Gobierno de la ciudad de Chihuahua, M\u00e9xico, para exigir justicia por el feminicidio de su hija\u00a0<a href=\"https:\/\/piedepagina.mx\/marisela-escobedo-el-crimen-contra-una-madre-que-buscaba-justicia\/\" target=\"_blank\" rel=\"noreferrer noopener\">Rub\u00ed<\/a>. Llevaba varios d\u00edas plantada frente a la sede del gobierno local. No se mover\u00eda de ah\u00ed hasta que el asesino de su hija estuviera en prisi\u00f3n. Esa noche, un hombre se baj\u00f3 de un auto, camin\u00f3 hacia ella y\u00a0<a href=\"https:\/\/www.jornada.com.mx\/2010\/12\/18\/politica\/012n1pol\" target=\"_blank\" rel=\"noreferrer noopener\">la mat\u00f3\u00a0<\/a>de un disparo a la cabeza.<\/p>\n\n\n\n<p class=\"wp-block-paragraph\">Escobedo fue una enfermera que tuvo que convertirse en activista e investigadora. Encontr\u00f3 al asesino de su hija pero las autoridades lo dejaron libre. Las desafi\u00f3, enfrent\u00f3 a grupos criminales, march\u00f3 desnuda solo cubierta con la foto de su hija para ser escuchada, recorri\u00f3 el pa\u00eds y nada la detuvo hasta el d\u00eda en que la asesinaron. Hasta hoy, el Estado mexicano no ha ofrecido a la familia de Escobedo \u2014que vive en el exilio\u2014 justicia, reparaci\u00f3n de da\u00f1os o disculpas. Pero su caso ya est\u00e1 en manos de la&nbsp;<a href=\"https:\/\/www.eleconomista.com.mx\/politica\/Homicidios-de-Marisela-Escobedo-y-de-su-hija-son-retomados-por-CIDH-20201103-0003.html\" target=\"_blank\" rel=\"noreferrer noopener\">Comisi\u00f3n Interamericana de Derechos Humanos<\/a>&nbsp;(CIDH) y tiene una \u00faltima oportunidad.<\/p>\n\n\n\n<p class=\"wp-block-paragraph\">El legado de Marisela nos acompa\u00f1a hasta hoy. Ella representa la lucha de las madres mexicanas, en un pa\u00eds donde\u00a0<a href=\"https:\/\/www.jornada.com.mx\/2020\/10\/26\/politica\/016n1pol\" target=\"_blank\" rel=\"noreferrer noopener\">cada d\u00eda 10 mujeres\u00a0<\/a>son asesinadas. Es una inspiraci\u00f3n para miles de mujeres que han levantado sus pu\u00f1os y su voz para manifestar su hartazgo. La admiraci\u00f3n que sentimos por ella es el resultado del documental\u00a0<a href=\"https:\/\/www.netflix.com\/mx\/title\/81002192#:~:text=Despu%C3%A9s%20de%20que%20el%20feminicidio,al%20sistema%20de%20justicia%20mexicano.\" target=\"_blank\" rel=\"noreferrer noopener\"><em>Las Tres Muertes de Marisela Escobedo<\/em><\/a>\u00a0producido por\u00a0<em>VICE<\/em>\u00a0y Scopio, y que se estren\u00f3 en Netflix.<\/p>\n\n\n\n<p class=\"wp-block-paragraph\"><strong>Aqu\u00ed queremos narrar el proceso que vivimos realizando este trabajo period\u00edstico.<\/strong><\/p>\n\n\n\n<h3 class=\"wp-block-heading\">Una nueva mirada feminista<\/h3>\n\n\n\n<h5 class=\"wp-block-heading\">Por Karla Casillas<\/h5>\n\n\n\n<p class=\"wp-block-paragraph\">\u201cLa vida no vuelve a ser la misma despu\u00e9s de ver el documental&nbsp;<em>Las tres muertes de Marisela Escobedo<\/em>\u201d,<a href=\"https:\/\/twitter.com\/Fermendozav_10\/status\/1322629538300514305?s=20\" target=\"_blank\" rel=\"noreferrer noopener\">&nbsp;tuite\u00f3 Fernanda<\/a>, una adolescente que suele retuitear alertas de j\u00f3venes y ni\u00f1as desaparecidas en M\u00e9xico. Y s\u00ed, ni la vida ni la forma en que ves cada detalle que afecta a las mujeres vuelven a ser las mismas. Mi mirada dio un paso agigantado despu\u00e9s de haber sido parte del engranaje que ayud\u00f3 a investigar y contar la historia de Rub\u00ed y Marisela.<\/p>\n\n\n\n<p class=\"wp-block-paragraph\">\u201cAcabo de terminar\u00a0<em>Las tres muertes de Marisela Escobedo<\/em>\u00a0y no puedo con la impotencia y desesperaci\u00f3n que te deja. V\u00e1yanse a la verga defendiendo sus monumentos y diciendo que \u2018esas no son formas\u2019\u201d,<a href=\"https:\/\/twitter.com\/alexacr30\/status\/1323410389128851457?s=20\" target=\"_blank\" rel=\"noreferrer noopener\">\u00a0escribi\u00f3 otra joven\u00a0<\/a>en Twitter.<\/p>\n\n\n\n<p class=\"wp-block-paragraph\">El documental se estren\u00f3 el 14 de octubre del 2020. Nunca lo voy a olvidar. Fue entregar al escrutinio de la gente algo que hab\u00eda sentido muy m\u00edo. Algo por lo que sent\u00eda un apego especial. Ten\u00eda miedo sobre c\u00f3mo iba a ser juzgado. Investigar esa historia me hab\u00eda roto en cachitos, que a lo largo del a\u00f1o posterior fui pegando poco a poco. Pero esa historia no era m\u00eda. Tampoco de Carlos, el director; ni de Laura, la productora; ni de Alex, mi compa\u00f1ero en la investigaci\u00f3n; ni de Cami, ni de Sara, ni de Ivonne, ni de las decenas de personas que participamos en el documental. A este equipo nos toc\u00f3 contarla para que toda la gente que la viera la hiciera suya.<\/p>\n\n\n\n<p class=\"wp-block-paragraph\">\u201c(Tras) Haber visto #MariselaEscobedo me dieron ganas de marchar con las feministas\u201d escribi\u00f3 el<a href=\"https:\/\/twitter.com\/91brenii\/status\/1333893401134161921?s=20\" target=\"_blank\" rel=\"noreferrer noopener\">&nbsp;1 de diciembre Breni<\/a>&nbsp;en Twitter.<\/p>\n\n\n\n<p class=\"wp-block-paragraph\">El 8 de marzo \u2014poco antes de la que pandemia por COVID-19 nos alcanzara en M\u00e9xico\u2014, cuando fui a la\u00a0<a href=\"https:\/\/luchadoras.mx\/8m-somos-historicas\/\" target=\"_blank\" rel=\"noreferrer noopener\">hist\u00f3rica marcha<\/a>\u00a0en contra de la violencia contra las mujeres, en una Ciudad de M\u00e9xico pintada de violeta, Rub\u00ed y Marisela ya formaban parte de m\u00ed. Grit\u00e9 con todas mis fuerzas y levant\u00e9 el pu\u00f1o con mi pulsera de trapo verde con un coraje que nunca antes hab\u00eda sentido en una protesta masiva. Mi madre, a mi lado, ve\u00eda con asombro y cierto temor c\u00f3mo grupos de mujeres vestidas de negro, algunas embozadas, martillaban vallas de metal, romp\u00edan vidrios, gritaban consignas, hac\u00edan pintas, e iban destruyendo mobiliario en su camino. Pero la rabia estaba, y est\u00e1, justificada.<\/p>\n\n\n\n<p class=\"wp-block-paragraph\">Hab\u00edan pasado ocho meses desde que arranc\u00f3 el Proyecto Luz, nombre clave con el que el equipo bautiz\u00f3 un documental que nadie sab\u00eda a\u00fan c\u00f3mo se llamar\u00eda. En la marcha, en la que unas\u00a0<a href=\"https:\/\/www.eluniversal.com.mx\/metropoli\/cdmx\/marcha-por-el-dia-de-la-mujer-en-cdmx-reporte-final-80-mil-asistentes-y-seis\" target=\"_blank\" rel=\"noreferrer noopener\">80,000\u00a0<\/a>mujeres caminamos juntas, se escuchaba de fondo la reci\u00e9n estrenada \u201c<a href=\"https:\/\/www.youtube.com\/watch?v=VLLyzqkH6cs\" target=\"_blank\" rel=\"noreferrer noopener\">Canci\u00f3n sin miedo<\/a>\u201d. Y las mujeres del Proyecto Luz que est\u00e1bamos ah\u00ed participando, viviendo y filmando, tampoco imagin\u00e1bamos que esa canci\u00f3n \u2014hoy convertida en un himno contra los feminicidios\u2014 ser\u00eda el cierre del documental que se estrenar\u00eda siete meses m\u00e1s adelante. En total, fueron un a\u00f1o y tres meses de trabajo.<\/p>\n\n\n\n<p class=\"wp-block-paragraph\">Investigar la historia de Rub\u00ed y Marisela tuvo implicaciones emocionales brutales en nuestras vidas. Cada uno a su manera las sorte\u00f3 como pudo, a veces en soledad, a veces colectivamente.<\/p>\n\n\n\n<p class=\"wp-block-paragraph\">Cuando nos preguntan sobre el impacto que tuvo este trabajo en nuestras vidas, cada quien cuenta un poco de lo que vivimos. Me parece una pregunta importante y pertinente. De hecho, celebro que casi siempre la hagan, porque es un tema tab\u00fa, que en las redacciones de medios casi nunca se toca, por miedo o por verg\u00fcenza. Se asume que los reporteros no sienten, que son como el hombre de hojalata del Mago de Oz. Y de las reporteras, en cambio, dicen que somos muy sentimentales y que es mejor no mandarnos a coberturas fuertes.<\/p>\n\n\n\n<p class=\"wp-block-paragraph\">Nosotres habl\u00e1bamos mucho, en una especie de ejercicio cat\u00e1rtico, casi sin propon\u00e9rnoslo. Nos cont\u00e1bamos, por ejemplo, cuando so\u00f1\u00e1bamos con Marisela o con la l\u00ednea de tiempo que est\u00e1bamos construyendo en las paredes encorchadas de la oficina donde trabaj\u00e1bamos. O en mi caso, cuando mi mente hac\u00eda que viera a Marisela en el rostro de cualquier mujer con rasgos parecidos a los de ella, ya fuera caminando o en el transporte p\u00fablico.<\/p>\n\n\n\n<p class=\"wp-block-paragraph\">Hoy me doy cuenta que la l\u00ednea de tiempo que colocamos en corchos, salpicada de m\u00e1s de 340 tarjetas bibliogr\u00e1ficas de colores, y que describ\u00eda cada hecho de la historia que est\u00e1bamos reconstruyendo, no era m\u00e1s que una met\u00e1fora de nuestras emociones. Imprimimos el dibujo de una bomba con la mecha encendida para se\u00f1alar los momentos en que la indignaci\u00f3n nos rebasaba. Y hubo veces en las que en juntas, mientras expon\u00edamos esa l\u00ednea de tiempo, not\u00e1bamos una mezcla de incredulidad y enojo en nuestras colegas. Pero tambi\u00e9n en esa l\u00ednea de tiempo los rostros de Rub\u00ed, de Marisela y de Juan Manuel \u2014su hermano e hijo\u2014 estaban ah\u00ed para recordarnos nuestro compromiso por contar su historia con sensibilidad, respeto y sin revictimizaci\u00f3n.<\/p>\n\n\n\n<p class=\"wp-block-paragraph\">A veces, mientras pas\u00e1bamos horas viendo y escuchando el juicio oral del asesino de Rub\u00ed, o revisando documentos, era inevitable que las emociones saltaran. \u00bfC\u00f3mo no sentir dolor ante un testimonio tan duro como el de Marisela? \u00bfC\u00f3mo no empatizar con su tono de voz y su infinita terquedad en la exigencia de justicia? \u00bfC\u00f3mo no sentir que la sangre te hierve cuando ves fotograf\u00edas, que nunca habr\u00edas querido ver, de los cuerpos violentados de una hija y una madre que ya sientes familiares? \u00bfC\u00f3mo no sentir una rabia incontenible cuando te das cuenta que los funcionarios de la Fiscal\u00eda General de Chihuahua maltrataron, humillaron, e incluso culparon a Marisela del feminicidio de su hija? \u00bfPor qu\u00e9 a nadie le import\u00f3 detener a un hombre que confes\u00f3 que mat\u00f3, quem\u00f3 y tir\u00f3 en un lugar de desperdicios de animales a su pareja de 16 a\u00f1os? \u00bfC\u00f3mo no enojarse con los polic\u00edas que, de haber puesto el m\u00ednimo de dedicaci\u00f3n a su trabajo, hubiesen evitado una tragedia familiar que acab\u00f3 con ocho asesinatos m\u00e1s? \u00bfC\u00f3mo no sentir una indignaci\u00f3n tremenda cuando descubres que las autoridades son capaces de fabricar lo que sea para que todo encaje en su burda historia de culpables? \u00bfC\u00f3mo no sentir que no puedes m\u00e1s de dolor cuando ves a Juan Manuel pedir un aplauso para su mam\u00e1, que est\u00e1 en un ata\u00fad? \u00bfC\u00f3mo no despertar una madrugada cualquiera con el coraz\u00f3n tan sobresaltado que acabas en un hospital? Y, a partir de ello, aceptar que esta historia fue la gota que derram\u00f3 tu vaso. Que te ense\u00f1\u00f3 a entender y a encajar los ataques de p\u00e1nico que sufriste, y que finalmente te ayud\u00f3 a ser lo que eres hoy.<\/p>\n\n\n\n<p class=\"wp-block-paragraph\">Y despu\u00e9s de todo, c\u00f3mo no sentir una especie de regalo cuando lees el tuit de un joven oaxaque\u00f1o llamado<a href=\"https:\/\/twitter.com\/marco_de_nieto\/status\/1316454330078298116?s=20\" target=\"_blank\" rel=\"noreferrer noopener\">\u00a0Marco Nieto<\/a>\u00a0que escribe: \u201cPara quienes no pueden entender por qu\u00e9 las mujeres est\u00e1n rompiendo todo, pintando hemiciclos, gritando fuerte\u2026 que nunca una madre tenga que ser asesinada por pedir justicia #MariselaEscobedo #RubiFraire\u201d.<\/p>\n\n\n\n<p class=\"wp-block-paragraph\">Palabras como esas me dan la certeza de que la mirada feminista en\u00a0<em>Las tres muertes de Marisela Escobedo\u00a0<\/em>est\u00e1 ah\u00ed. Una mirada construida, en gran parte, por las mujeres del proyecto. Una mirada que a golpe de observar, reflexionar y discutir, fuimos afinando. Decidir, por ejemplo, que no se colara por ning\u00fan lado el argumento machista, equivocado y grosero de que quien mat\u00f3 a Rub\u00ed lo hizo \u201cporque estaba con otro bato (hombre)\u201d. Evitar, a toda costa, que Marisela pareciera culpable de algo de lo que solo es culpable la estructura patriarcal.<\/p>\n\n\n\n<p class=\"wp-block-paragraph\">Durante un tiempo dud\u00e9 si el asesinato de Marisela era un feminicidio. Pero hoy tengo la certeza de que s\u00ed lo fue, porque su activismo en contra de la violencia feminicida no se puede desligar de su asesinato. Su cuerpo expuesto, violentado y sangrante, enfrente del Palacio de Gobierno de Chihuahua, fue una brutal amenaza del machismo: \u201cMujer, no te atrevas a tomar las plazas. No te atrevas a tomar las calles, ni las carreteras. Tampoco los medios. Menos te atrevas a exigir justicia, a alzar la voz, a gritarle en la cara al poder, a avergonzar a tu aparato de \u2018justicia\u2019. No te atrevas a enfrentar a los criminales\u201d.<\/p>\n\n\n\n<p class=\"wp-block-paragraph\">Pienso que reclasificar el asesinato de Marisela como un feminicidio, aprovechando que la Corte Interamericana de Derechos Humanos tiene el caso en sus manos, es importante y es pol\u00edtico. Porque al haber omisi\u00f3n, negligencia y colusi\u00f3n por parte de las autoridades, el Estado es claramente parte de la violencia feminicida. A Marisela la mataron por ser la mujer que fue. Y la mat\u00f3 el machismo estructural, pol\u00edtico y criminal.<\/p>\n\n\n\n<p class=\"wp-block-paragraph\">Gracias a este proyecto hoy, a veces, me miro a m\u00ed misma en el pasado y me recuerdo con una mezcla de l\u00e1stima e indulgencia; sobre todo cuando no hace mucho \u2014quiz\u00e1 unos seis a\u00f1os\u2014 todav\u00eda me ufanaba de nunca haber sufrido violencia machista alguna. Gracias a este proceso logr\u00e9 desbloquear el recuerdo de la ni\u00f1a de cinco a\u00f1os que fui, cuya mente no supo entender qu\u00e9 suced\u00eda cuando un se\u00f1or se frotaba con lascivia en ese uniforme de k\u00ednder en el rellano de su edificio, y que fue salvada por Do\u00f1a Esther, la portera.<\/p>\n\n\n\n<p class=\"wp-block-paragraph\">\u201cAyer en la noche vi el documental sobre #MariselaEscobedo\u2026 lloraba de miedo, o mejor dicho de terror, que me provoca saber que a ese mundo saldr\u00e1 mi hija, y que no podr\u00e9 estar a su lado para protegerla siempre\u2026 segu\u00ed llorando enfrente de su cuna, hasta que me venci\u00f3 el sue\u00f1o&#8230;\u201d,&nbsp;<a href=\"https:\/\/twitter.com\/PorAmorAlCaos\/status\/1316971024257265665?s=20\" target=\"_blank\" rel=\"noreferrer noopener\">escribi\u00f3 The Queen of Bumptiousness<\/a>, una joven y hermosa \u201cmam\u00e1 gallina, norte\u00f1a hasta el tope, ranchera en tacones y del meritito Chihuahua\u201d.<\/p>\n\n\n\n<h3 class=\"wp-block-heading\">Lo que Marisela no pudo decir<\/h3>\n\n\n\n<h5 class=\"wp-block-heading\">Por Carlos P\u00e9rez Osorio<\/h5>\n\n\n\n<p class=\"wp-block-paragraph\">En la casa de Marisela Escobedo, en Ciudad Ju\u00e1rez, Chihuahua, nada se ha movido desde hace 10 a\u00f1os, cuando toda la familia tuvo que\u00a0<a href=\"https:\/\/www.proceso.com.mx\/nacional\/2010\/12\/27\/familia-de-marisela-escobedo-huye-eu-por-amenazas-82096.html\" target=\"_blank\" rel=\"noreferrer noopener\">salir huyendo\u00a0<\/a>hacia Estados Unidos a pedir refugio. Un recibo de luz colgado de la puerta anuncia una deuda de miles de pesos, la humedad ha hecho estragos en las paredes y techos, y cada habitaci\u00f3n est\u00e1 llena de art\u00edculos personales: fotograf\u00edas, CDs de m\u00fasica y mucha ropa. En el cuarto de Marisela est\u00e1n sus vestidos, sus zapatos y el traje que usaba cuando iba a montar cuatrimotos a las dunas de Samalayuca, en Chihuahua.<\/p>\n\n\n\n<p class=\"wp-block-paragraph\">Su hijo Juan Manuel nos entreg\u00f3 las llaves de la casa para hacer algunas tomas. Pero la meta principal era encontrar alg\u00fan registro de video que nos devolviera las memorias olvidadas de la familia. Juan Manuel me dijo que Paul, su hermano menor, hab\u00eda hecho muchas grabaciones en VHS. En su cuarto, muebles y pedazos de madera bloqueaban el acceso, pero despu\u00e9s de remover todo vi en un mueble decenas de cassettes de pel\u00edculas, algunas de ellas sin etiquetar. Resultaron ser lo que pensaba: unas joyas que guardaban los d\u00edas m\u00e1s felices de Marisela con su hija Rub\u00ed y sus hermanos.<\/p>\n\n\n\n<p class=\"wp-block-paragraph\">Un elemento crucial para la narrativa de&nbsp;<em>Las tres muertes de Marisela Escobedo&nbsp;<\/em>fue presentar a la familia en su cotidianidad, en los momentos en los que todos nos podemos reflejar, en su vida antes de la tragedia. No ser\u00eda una tarea f\u00e1cil, ya que la familia completa sali\u00f3 huyendo unos d\u00edas despu\u00e9s del asesinato de Marisela. Las amenazas eran muchas y el asesinato de&nbsp;<a href=\"https:\/\/www.animalpolitico.com\/2010\/12\/asesinan-al-cunado-de-marisela-escobedo\/\" target=\"_blank\" rel=\"noreferrer noopener\">Manuel Monge<\/a>, hermano de la pareja de Marisela, el 19 de diciembre, les hizo entender que un d\u00eda m\u00e1s en Ciudad Ju\u00e1rez podr\u00eda ser fatal. Dejaron todo lo que ten\u00edan y conoc\u00edan, y cruzaron la frontera para pedir asilo pol\u00edtico.<\/p>\n\n\n\n<p class=\"wp-block-paragraph\">La historia de la familia se cuenta en tres actos en el documental. Parece una estructura simple, cronol\u00f3gica: un recuento de los hechos que, por s\u00ed mismos, llevan de la mano a la audiencia, pero hab\u00eda muchas decisiones que hacer. La historia de Marisela es muy compleja y no cabe en un documental de poco menos de dos horas. As\u00ed que nos dimos a la tarea de juntar exhaustivamente todas las piezas para poder tomar las decisiones correctas. El primer reto fue entender que la narrativa sobre el feminicidio en M\u00e9xico, contado de miles de formas distintas en la \u00faltima d\u00e9cada, ten\u00eda que adoptar una forma diferente, que no incurriera en la revictimizaci\u00f3n y que resultara en una historia inspiradora en la cual una mujer rechaz\u00f3 ser solo una v\u00edctima y se adue\u00f1\u00f3 de su destino.<\/p>\n\n\n\n<p class=\"wp-block-paragraph\">En este camino Juan Manuel, su primer hijo, fue una pieza fundamental: amigo, c\u00f3mplice y aliado. \u00c9l fue el primero en darnos su permiso para contar la historia, en 2016. Cuatro a\u00f1os despu\u00e9s, cuando \u00e9l y yo a solas terminamos de ver la pel\u00edcula sobre su madre, ambos llorando, me dijo: \u201cSi algo le falt\u00f3 decir a mi mam\u00e1, lo dijo con este documental\u201d.<\/p>\n\n\n\n<p class=\"wp-block-paragraph\">Entr\u00e9 a esta historia a principios de 2015, cuando comenc\u00e9 mi relaci\u00f3n con el Centro de Derechos Humanos de las Mujeres en Chihuahua (CEDEHM). Por diferentes proyectos conoc\u00ed decenas de historias de madres buscando justicia para sus hijas. Las vi en camiones viajando por horas, en largas caminatas bajo el sol, en protestas. Com\u00ed en sus mesas y pas\u00e9 una Navidad con una familia. Despu\u00e9s de ver tan cerca el dolor que provocan la desaparici\u00f3n forzada y el feminicidio, de escuchar relatos desgarradores, entend\u00ed la tremenda urgencia de contar estas historias desde un \u00e1ngulo distinto.<\/p>\n\n\n\n<p class=\"wp-block-paragraph\">Una de las historias m\u00e1s emblem\u00e1ticas de la lucha contra el feminicidio en Ciudad Ju\u00e1rez es la de Marisela. Si bien en Chihuahua existen muchos casos de mujeres inspiradoras que lucharon contra la impunidad e inoperancia del Estado, el de ella tambi\u00e9n era el m\u00e1s cercano a m\u00ed. Mucha gente a mi alrededor conoci\u00f3 a Marisela y Ruth Fierro, amiga m\u00eda y representante legal de la familia Escobedo, me cont\u00f3 todo lo que estudi\u00f3 del expediente judicial y me motiv\u00f3 a hacer el documental.<\/p>\n\n\n\n<p class=\"wp-block-paragraph\">En la casa de Alma y Gabino G\u00f3mez, activistas y defensores de derechos humanos del CEDEHM, vi por primera vez el video de la ejecuci\u00f3n de Marisela. No soy ajeno a temas de violencia, forman parte de mi trabajo, pero jam\u00e1s hab\u00eda visto algo as\u00ed. La imagen se me encaj\u00f3 en la cabeza y al d\u00eda siguiente me levant\u00e9 convencido de que quer\u00eda hacer este documental. Pero, \u00bfpor d\u00f3nde carajos se empieza algo as\u00ed?<\/p>\n\n\n\n<p class=\"wp-block-paragraph\">Lo primero era acudir con la familia. Sab\u00eda que la historia no se pod\u00eda contar sin ellos, as\u00ed que por medio de Gabino localic\u00e9 a Juan Manuel. Vol\u00e9 a Estados Unidos para obtener el permiso de la familia de contar la historia de su madre y hermana. Mucha gente los hab\u00eda buscado para entrevistas, pero hab\u00edan decidido no hablar m\u00e1s del asunto con los medios. Hablar de ello significaba revivirlo, darle otra vuelta al infierno. Yo desde el inicio pens\u00e9 en esta historia como una especie de tributo.<\/p>\n\n\n\n<p class=\"wp-block-paragraph\">Juan nos autoriz\u00f3 el acceso a los expedientes judiciales, y a sus diarios personales y los de su madre, en donde hab\u00edan escrito meticulosamente cada paso que daban durante su propia investigaci\u00f3n. En estos diarios encontramos algunas de las piezas m\u00e1s importantes del rompecabezas de la historia, y ayudaron a poder grabarla en donde ocurrieron los hechos. Junto con los videos personales, las entrevistas y las audiencias grabadas, nos ayudaron a reconstruir a Marisela. Quer\u00edamos que la audiencia pudiera ponerse en su piel, sentir su dolor y gritar con ella cuando los tres jueces absuelven al asesino de su hija. Que ese grito nos sacudiera la indiferencia.<\/p>\n\n\n\n<p class=\"wp-block-paragraph\">Cuando habl\u00e9 con Juan Manuel para darle la noticia de que Netflix ser\u00eda la plataforma de estreno, y que eso cambiaba las cosas pues significaba abrir su historia para millones de personas, me dijo: \u201cVamos, sin miedo\u201d. Fue su valor el que siempre me motiv\u00f3 a seguir adelante.<\/p>\n\n\n\n<p class=\"wp-block-paragraph\">Pero entre m\u00e1s avanz\u00e1bamos, m\u00e1s nervioso me sent\u00eda. Me preguntaba por el impacto que podr\u00eda tener en la familia y si les pondr\u00eda de nuevo en riesgo.<\/p>\n\n\n\n<p class=\"wp-block-paragraph\">A lo largo del proceso se tomaron muchas decisiones sobre c\u00f3mo contar la historia, una de las m\u00e1s importantes fue el no profundizar en la vida del feminicida de Rub\u00ed,&nbsp;<a href=\"https:\/\/aristeguinoticias.com\/2211\/mexico\/abaten-al-presunto-asesino-de-ruby-frayre-en-zacatecas\/\" target=\"_blank\" rel=\"noreferrer noopener\">Sergio Rafael Barraza Bocanegra.<\/a><\/p>\n\n\n\n<p class=\"wp-block-paragraph\">Nuestra investigaci\u00f3n hizo un seguimiento de sus pasos y de sus pensamientos, por medio de cartas y canciones que escribi\u00f3 y que estaban en los expedientes. Todo ello nos daba pistas de qui\u00e9n fue su jefe en la organizaci\u00f3n criminal de Los Zetas y c\u00f3mo operaba. Mediante la entrevista con su hermano, Andy Barraza, pudimos corroborar datos y entender mejor su expediente criminal. De hecho, en la preproducci\u00f3n seguimos su rastro por el estado de Zacatecas, el mismo que siguieron Marisela y Juan Manuel cuando investigaban su paradero. En un pueblo llamado Valpara\u00edso encontramos a \u201cEl Toro\u201d, un personaje que muy probablemente fue el punto de entrada de Sergio a la organizaci\u00f3n criminal, y a quien se se\u00f1alaba en los diarios de Juan y Marisela como alguien que los hab\u00eda amenazado.<\/p>\n\n\n\n<p class=\"wp-block-paragraph\">Tenemos mucha informaci\u00f3n de la historia de Sergio, que podr\u00eda resultar muy atractiva para un p\u00fablico que est\u00e1 acostumbrado a ver series de asesinos seriales y narcos, pero desde el inicio ten\u00edamos claro que no \u00edbamos a contribuir a la glorificaci\u00f3n de un hombre que le arrebat\u00f3 la vida a una ni\u00f1a y a su madre. La historia es la de Rub\u00ed y de Marisela, y la narrativa ten\u00eda que ir de su mano y de su memoria. Sergio Barraza es un nombre que deber\u00eda ser olvidado.<\/p>\n\n\n\n<p class=\"wp-block-paragraph\">Otra decisi\u00f3n fue dejar fuera el nombre de la hija de Rub\u00ed, la nieta de Marisela. Ella ha sido la m\u00e1s afectada por esta tragedia y no solo se qued\u00f3 sin su madre y su abuela, sino que estuvo presente en ambos asesinatos. Creemos que existe un derecho al anonimato, a que ella pueda decidir lo que define su vida. Los colegas periodistas deber\u00edan abrir una reflexi\u00f3n de c\u00f3mo es que la cobertura de historias similares impactan la vida de sus protagonistas. Los estigmas sociales alrededor de los feminicidios son muchos.<\/p>\n\n\n\n<p class=\"wp-block-paragraph\">Este documental es, tambi\u00e9n, un reconocimiento al trabajo de todos los grupos de defensorxs de derechos humanos que caminan junto a las v\u00edctimas y que nunca las dejan solas, como Ruth, Lucha, Gabino y Alma G\u00f3mez, quienes nunca flaquean en su compromiso y que representan lo m\u00e1s brillante de M\u00e9xico.<\/p>\n\n\n\n<p class=\"wp-block-paragraph\">Todas las personas que trabajamos en esta pel\u00edcula esperamos que la gente pueda conmoverse e indignarse, entristecerse y maravillarse con la incansable lucha que Marisela y su familia siguen dando. Si bien es una historia tr\u00e1gica, llena de momentos profundamente dolorosos, confiamos en que encontrar\u00e1n inspiraci\u00f3n y el deseo de actuar, de sumarse a la exigencia de miles de madres que todos los d\u00edas piden justicia por sus mujeres asesinadas en todo el pa\u00eds. Porque en este pa\u00eds hay m\u00e1s Mariselas que Sergios.<\/p>\n\n\n\n<h3 class=\"wp-block-heading\">Las deudas del Estado<\/h3>\n\n\n\n<h5 class=\"wp-block-heading\">Por Alejandro Melgoza<\/h5>\n\n\n\n<p class=\"wp-block-paragraph\">Cuando comenzamos a revisar los documentos y videos del caso Marisela Escobedo, en el equipo de investigaci\u00f3n intu\u00edamos que escond\u00edan un entramado judicial de 10 a\u00f1os que las autoridades hab\u00edan sepultado. Tambi\u00e9n sab\u00edamos que aparecer\u00edan los nombres y apellidos de los funcionarios que obstaculizaron la justicia en los feminicidios de Rub\u00ed y Marisela. Pero nunca imaginamos la magnitud de la corrupci\u00f3n en el sistema de justicia que encontramos.<\/p>\n\n\n\n<p class=\"wp-block-paragraph\">Durante meses nos adentramos en miles de fojas, libros, diarios, registros hemerogr\u00e1ficos y videos. En la l\u00ednea de tiempo que creamos hab\u00eda 342 sucesos, esquemas de servidores p\u00fablicos, \u00e1rboles geneal\u00f3gicos y direcciones. Eran el reflejo de un sistema en el que ni la Polic\u00eda, ni el Ministerio P\u00fablico, ni los poderes Judicial y Ejecutivo estatal y federal, actuaron del lado de Marisela y su familia.<\/p>\n\n\n\n<p class=\"wp-block-paragraph\">Cada uno de los documentos que le\u00edamos ten\u00eda una historia detr\u00e1s. Por ejemplo, obtener el acta oficial de desaparici\u00f3n de Rub\u00ed hab\u00eda significado para Marisela sufrir maltrato por parte de los funcionarios que la atendieron. Pensaba entonces en la desesperaci\u00f3n que debe sentir una madre al no poder oficializar inmediatamente la b\u00fasqueda de su hija.<\/p>\n\n\n\n<p class=\"wp-block-paragraph\">Esas reflexiones se fueron acumulando hasta que dej\u00e9 de ver ese gran legajo de expedientes \u00fanicamente como pruebas. Entend\u00ed que a menudo en la prensa mexicana, sobre todo en la fuente judicial, los reporteros centramos nuestra tarea en una especie de automatismo que implica ver carpetas como si en ellas no hubiese personas detr\u00e1s. Pero uno debe aprender que los archivos se nutren, b\u00e1sicamente, de datos y pruebas gracias a las miles de familias que no permiten que el Estado sepulte sus casos.<\/p>\n\n\n\n<p class=\"wp-block-paragraph\">Marisela fue una de ellas. No le ten\u00eda miedo al feminicida ni a ninguna autoridad,&nbsp;<a href=\"https:\/\/elpais.com\/internacional\/2010\/12\/19\/actualidad\/1292713227_850215.html\" target=\"_blank\" rel=\"noreferrer noopener\">y los ret\u00f3&nbsp;<\/a>una semana antes de ser asesinada: \u201cNo me voy a esconder. Si me van a venir a asesinar, tendr\u00e1n que venir a asesinarme aqu\u00ed, para verg\u00fcenza del gobierno\u201d.<\/p>\n\n\n\n<p class=\"wp-block-paragraph\">Ante sus exigencias, manifestaciones y una caravana que recorri\u00f3 la mitad del pa\u00eds, la respuesta mezquina de los gobiernos estatal y federal&nbsp;<a href=\"https:\/\/www.eleconomista.com.mx\/politica\/Calderon-se-nego-a-recibir-a-Marisela-20101220-0015.html\" target=\"_blank\" rel=\"noreferrer noopener\">fue darle la espalda<\/a>. Ese desinter\u00e9s y negligencia, primero con ella y luego con su familia, hizo evidente que la violencia de g\u00e9nero no era una prioridad \u2014y sigue sin serlo\u2014 para fiscales, gobernadores y el presidente.<\/p>\n\n\n\n<p class=\"wp-block-paragraph\">Pero si a Marisela le cerraban una puerta, ella abr\u00eda otras. Con ello, desnudaba y ridiculizaba al sistema. Con sus actos evidenciaba la crisis de los feminicidios sist\u00e9micos en el pa\u00eds.<\/p>\n\n\n\n<p class=\"wp-block-paragraph\">Antes de la lucha de Marisela, ya exist\u00edan casos medi\u00e1ticos que hab\u00edan alertado de la situaci\u00f3n en Chihuahua. En los a\u00f1os 90, los casos de las \u2014mal llamadas\u2014 \u201cmuertas de Ju\u00e1rez\u201d; a inicios de los 2000, las ocho mujeres asesinadas en el caso Campo Algodonero. Tanto el caso Campo Algodonero \u2014<a href=\"https:\/\/www.sev.gob.mx\/unidad-genero\/files\/2020\/02\/Resumen-Sentencia-Campo-Algodonero.pdf\" target=\"_blank\" rel=\"noreferrer noopener\">ya con una sentencia hist\u00f3rica<\/a>\u2014 como el de Marisela han llegado hasta la CIDH. Con ello, una vez m\u00e1s, el Estado mexicano est\u00e1 en el banquillo internacional por su vergonzosa actuaci\u00f3n ante las v\u00edctimas. Hoy, las cifras de impunidad a nivel nacional&nbsp;<a href=\"https:\/\/www.efe.com\/efe\/america\/sociedad\/ong-revela-impunidad-de-97-y-subregistro-46-en-feminicidios-mexico\/20000013-4189275\" target=\"_blank\" rel=\"noreferrer noopener\">alcanzan 97%<\/a>.<\/p>\n\n\n\n<p class=\"wp-block-paragraph\">La Comisi\u00f3n Nacional de Derechos Humanos (CNDH) tambi\u00e9n&nbsp;<a href=\"https:\/\/www.cndh.org.mx\/documento\/recomendacion-442013\" target=\"_blank\" rel=\"noreferrer noopener\">document\u00f3<\/a>&nbsp;que en el caso de Marisela se violaron el acceso a la justicia, a la legalidad, a la seguridad jur\u00eddica, al trato digno, a la debida procuraci\u00f3n de justicia y a la verdad.<\/p>\n\n\n\n<p class=\"wp-block-paragraph\">Pero a pesar de esta recomendaci\u00f3n, dirigida al entonces gobernador de Chihuahua C\u00e9sar Duarte (2010-2016), continu\u00f3 el empantanamiento del caso. Incluso, se fabricaron dos casos de supuestos responsables del crimen de Marisela, que terminaron&nbsp;<a href=\"https:\/\/www.excelsior.com.mx\/2012\/10\/11\/nacional\/863647\" target=\"_blank\" rel=\"noreferrer noopener\">siendo chivos expiatorios<\/a>, pues no se pudo acreditar su culpabilidad con ninguna prueba cient\u00edfica. Ambos supuestos culpables&nbsp;<a href=\"https:\/\/www.animalpolitico.com\/2014\/12\/muere-el-presunto-asesino-de-la-activista-marisela-escobedo\/\" target=\"_blank\" rel=\"noreferrer noopener\">fueron asesinados&nbsp;<\/a>en condiciones sospechosas.<\/p>\n\n\n\n<p class=\"wp-block-paragraph\">La Fiscal\u00eda de Chihuahua invent\u00f3 una historia que se desmoron\u00f3 en segundos. Su caso no ten\u00eda ni pies ni cabeza. Al investigarlo, entendimos que para el gobierno estatal era m\u00e1s f\u00e1cil seguir atropellando los derechos de la familia Escobedo que garantizar justicia y reparar los da\u00f1os.<\/p>\n\n\n\n<p class=\"wp-block-paragraph\">Por eso es que el documental no solo pretende contar la historia de amor de una madre hacia su hija, sino la de un Estado indolente.&nbsp;<em>Las tres muertes de Marisela Escobedo&nbsp;<\/em>es un comienzo para presentar ante la opini\u00f3n p\u00fablica las caras y los nombres de los funcionarios responsables.<\/p>\n\n\n\n<p class=\"wp-block-paragraph\">Tambi\u00e9n, para se\u00f1alar que no solo son los servidores p\u00fablicos de ese entonces quienes han sido negligentes, sino tambi\u00e9n quienes actualmente est\u00e1n al frente del gobierno en Chihuahua, como el gobernador Javier Corral y su gabinete.<\/p>\n\n\n\n<p class=\"wp-block-paragraph\">De la voluntad pol\u00edtica tambi\u00e9n dependen los esclarecimientos del pasado. \u00bfEs tan dif\u00edcil que del actual gobernador nazcan unas palabras a una d\u00e9cada del caso? Antes de llegar a la gubernatura se&nbsp;<a href=\"http:\/\/www.javiercorral.org\/?p=27578\" target=\"_blank\" rel=\"noreferrer noopener\">hab\u00eda pronunciado al respecto<\/a>. Pero las palabras del pasado se caen frente a la incongruencia del presente.<\/p>\n\n\n\n<p class=\"wp-block-paragraph\">Tambi\u00e9n se necesita que el actual gobierno federal act\u00fae. El 3 de noviembre fue notificado por la CIDH que, en este caso, tienen tres meses para responder sobre las posibles violaciones a derechos humanos. La fecha l\u00edmite es el pr\u00f3ximo 3 de febrero. El presidente Andr\u00e9s Manuel L\u00f3pez Obrador ya instruy\u00f3, tambi\u00e9n, a la Secretar\u00eda de Gobernaci\u00f3n a responder sobre el caso&nbsp;<a href=\"https:\/\/aristeguinoticias.com\/0511\/aristegui-en-vivo\/enterate\/dara-encinas-seguimiento-a-caso-de-marisela-escobedo-afirma-amlo-enterate\/\" target=\"_blank\" rel=\"noreferrer noopener\">desde el 5 de noviembre<\/a>. Pero el tiempo sigue corriendo y no hay avances ni declaraciones claras del gobierno estatal o federal. Solo la titular de la CNDH se ha pronunciado. Nos dijo que su equipo revisa nuevamente la recomendaci\u00f3n para saber si se cumpli\u00f3 y, en caso de ser necesario, reabrirla.<\/p>\n\n\n\n<p class=\"wp-block-paragraph\">Este deber\u00eda ser un nuevo comienzo, una oportunidad para castigar a los culpables por acci\u00f3n y omisi\u00f3n, reparar los da\u00f1os psicol\u00f3gicos y materiales, y ofrecer una disculpa p\u00fablica con la garant\u00eda de que esto ya no le suceda a otra mujer. Porque no puede haber ninguna Rub\u00ed ni Marisela m\u00e1s.<\/p>\n","protected":false},"excerpt":{"rendered":"<p>Hace exactamente 10 a\u00f1os, el 16 de diciembre de 2010, Marisela Escobedo se manifestaba a las afueras del Palacio de Gobierno de la ciudad de Chihuahua, M\u00e9xico, para exigir justicia por el feminicidio de su hija Rub\u00ed. Esa noche, un hombre se baj\u00f3 de un auto, camin\u00f3 hacia ella y la mat\u00f3 de un disparo a la cabeza.<\/p>\n","protected":false},"author":3,"featured_media":29941,"comment_status":"open","ping_status":"open","sticky":false,"template":"","format":"standard","meta":{"_monsterinsights_skip_tracking":false,"footnotes":""},"categories":[691,47,48],"tags":[],"class_list":["post-29940","post","type-post","status-publish","format-standard","has-post-thumbnail","category-691","category-no-mas-impunidad","category-no-mas-impunidad-no-mas-impunidad"],"_links":{"self":[{"href":"https:\/\/redsemlac.com\/semmexico\/wp-json\/wp\/v2\/posts\/29940","targetHints":{"allow":["GET"]}}],"collection":[{"href":"https:\/\/redsemlac.com\/semmexico\/wp-json\/wp\/v2\/posts"}],"about":[{"href":"https:\/\/redsemlac.com\/semmexico\/wp-json\/wp\/v2\/types\/post"}],"author":[{"embeddable":true,"href":"https:\/\/redsemlac.com\/semmexico\/wp-json\/wp\/v2\/users\/3"}],"replies":[{"embeddable":true,"href":"https:\/\/redsemlac.com\/semmexico\/wp-json\/wp\/v2\/comments?post=29940"}],"version-history":[{"count":0,"href":"https:\/\/redsemlac.com\/semmexico\/wp-json\/wp\/v2\/posts\/29940\/revisions"}],"wp:featuredmedia":[{"embeddable":true,"href":"https:\/\/redsemlac.com\/semmexico\/wp-json\/wp\/v2\/media\/29941"}],"wp:attachment":[{"href":"https:\/\/redsemlac.com\/semmexico\/wp-json\/wp\/v2\/media?parent=29940"}],"wp:term":[{"taxonomy":"category","embeddable":true,"href":"https:\/\/redsemlac.com\/semmexico\/wp-json\/wp\/v2\/categories?post=29940"},{"taxonomy":"post_tag","embeddable":true,"href":"https:\/\/redsemlac.com\/semmexico\/wp-json\/wp\/v2\/tags?post=29940"}],"curies":[{"name":"wp","href":"https:\/\/api.w.org\/{rel}","templated":true}]}}