{"id":29937,"date":"2020-12-16T16:04:26","date_gmt":"2020-12-16T16:04:26","guid":{"rendered":"https:\/\/redsemlac.com\/semmexico\/?p=29937"},"modified":"2023-07-21T16:41:01","modified_gmt":"2023-07-21T21:41:01","slug":"marisela-escobedo-a-diez-anos-de-la-tragedia","status":"publish","type":"post","link":"https:\/\/redsemlac.com\/semmexico\/marisela-escobedo-a-diez-anos-de-la-tragedia\/","title":{"rendered":"Marisela Escobedo. A diez a\u00f1os de la tragedia"},"content":{"rendered":"\n<p class=\"wp-block-paragraph\"><strong>Por\u00a0Samuel Schmidt<\/strong><\/p>\n\n\n\n<p class=\"wp-block-paragraph\">SemM\u00e9xico\/Diario Judio.com. Cd. de M\u00e9xico. 16 de diciembre 2020.- \u201cTe vamos a matar y a toda tu familia\u201d, le sentenci\u00f3 Andy Barraza a Juan Fraire, el hijo de Marisela Escobedo en la puerta de la tienda Wal-Mart en El Paso, Texas. Juan ha logrado protecci\u00f3n del gobierno de Estados Unidos y Andy que goza de doble nacionalidad, se esconde en Estados Unidos de sus cr\u00edmenes en M\u00e9xico aunque entra y sale de la c\u00e1rcel por otros motivos, ahora est\u00e1 encarcelado por robo. Juan se fue de El Paso para protegerse.<\/p>\n\n\n\n<p class=\"wp-block-paragraph\">La familia Fraire Escobedo ha declarado que el detenido y posteriormente asesinado supuesto culpable del asesinato de Marisela no lo era, Ricardo el hermano de Marisela, es testigo presencial del crimen y le declar\u00f3 la identidad del asesino a los funcionarios de la fiscal\u00eda del Estado de Chihuahua, sin embargo, la Fiscal\u00eda se niega a continuar con la investigaci\u00f3n.<\/p>\n\n\n\n<p class=\"wp-block-paragraph\">El caso de Marisela Escobedo es ic\u00f3nico aunque no \u00fanico a nivel nacional por varias razones: Es uno m\u00e1s de los casos de mujeres forzadas a convertirse en activistas para lograr justicia por el asesinato o desaparici\u00f3n de sus hijas. Es un caso flagrante de violencia en contra de las mujeres, uno m\u00e1s de los feminicidios que asolan M\u00e9xico. Es un caso claro de&nbsp;<em>crimen autorizado<\/em>, d\u00f3nde el gobierno cae en negligencia intencional e inclusive voltea la mirada ante los cr\u00edmenes tratando de evadir su responsabilidad.<\/p>\n\n\n\n<p class=\"wp-block-paragraph\"><strong>Diario Jud\u00edo M\u00e9xico &#8211;<\/strong><img decoding=\"async\" src=\"https:\/\/q5y4k4z9.rocketcdn.me\/files\/2020\/12\/La20historia20de20Marisela20Escobedo20sigue20estremeciendo20a20MC3A9xico.jpg\" alt=\"La historia de Marisela Escobedo sigue estremeciendo a M\u00e9xico | Diario de  Morelos\"><\/p>\n\n\n\n<p class=\"wp-block-paragraph\">M\u00e9xico es un pa\u00eds organizado para no funcionar. Marisela Escobedo, ante la negligencia de las autoridades, tuvo que investigar la desaparici\u00f3n de su hija hasta encontrar en dos ocasiones al que result\u00f3 ser el asesino quien acept\u00f3 su responsabilidad ante tres jueces que lo declararon inocente, una corte de circuito anul\u00f3 la sentencia ordenando su encarcelamiento pero ya hab\u00eda huido.<\/p>\n\n\n\n<p class=\"wp-block-paragraph\">Marisela pas\u00f3 de ser una empresaria a convertirse en una investigadora forense m\u00e1s efectiva que las polic\u00edas de Chihuahua, pero se top\u00f3 con la asociaci\u00f3n del criminal con un cartel, y la aquiescencia del gobierno con los criminales absteni\u00e9ndose de actuar.<\/p>\n\n\n\n<p class=\"wp-block-paragraph\">Los 3 jueces que declararon inocente a Sergio Barraza basados en que aceptar la culpabilidad era inadmisible porque en el pasado esas declaraciones se arrancaban con tortura, no averiguaron si hab\u00eda sido torturado e ignoraron su aceptaci\u00f3n del caso frente a ellos, ellos fueron despedidos e indemnizados y la juez recontratada en el gobierno.<\/p>\n\n\n\n<p class=\"wp-block-paragraph\">El gobierno fue incapaz o decidi\u00f3 no proteger a Marisela Escobedo que fue asesinada en la misma puerta del Palacio de Gobierno en Chihuahua. Y no obstante existir un acta prolici\u00e1ca denunciando la amenaza de muerte contra Marisela, el gobierno no la protegi\u00f3. De aqu\u00ed se derivan varias preguntas: \u00bfPor qu\u00e9 no hubo protocolo de protecci\u00f3n a una v\u00edctima?, \u00bfpor qu\u00e9 la fiscal\u00eda no ha investigado y actuado frente a las denuncias de Juan Fraire y de Ricardo Escobedo?<\/p>\n\n\n\n<figure class=\"wp-block-image\"><img decoding=\"async\" src=\"https:\/\/q5y4k4z9.rocketcdn.me\/files\/2020\/12\/IMG_9748.jpg\" alt=\"Si t\u00fa no buscas a tu hija, nadie lo har\u00e1. Las autoridades no sirven para  nada\u201d: Marisela Escobedo \"\/><\/figure>\n\n\n\n<p class=\"wp-block-paragraph\">Cu\u00e1ndo el personaje acusado amenaz\u00f3 al hijo de Marisela en El Paso fue encarcelado con seis meses de c\u00e1rcel bajo el cargo de amenaza terrorista, cargo por cierto muy ligero para la preocupaci\u00f3n estadounidense ante las acusaciones de terrorismo.<\/p>\n\n\n\n<p class=\"wp-block-paragraph\">El gobierno detuvo a Jos\u00e9 Enr\u00edquez Jim\u00e9nez Zavala, supuestamente un sicario de los Aztecas y lo acus\u00f3 de asesinar a Marisela, el se desdijo en la c\u00e1rcel, tras lo cual unos d\u00edas despu\u00e9s fue asesinado, esto lo anunci\u00f3 el gobernador C\u00e9sar Duarte qui\u00e9n dijo que ante la muerte de Jim\u00e9nez el caso estaba cerrado (<a href=\"https:\/\/www.radiotimes.com\/news\/tv\/documentaries\/true-crime\/2020-10-14\/three-deaths-of-marisela-escobedo-true-story-netflix\/\">https:\/\/www.radiotimes.com\/news\/tv\/documentaries\/true-crime\/2020-10-14\/three-deaths-of-marisela-escobedo-true-story-netflix\/<\/a>).<\/p>\n\n\n\n<figure class=\"wp-block-image\"><img decoding=\"async\" src=\"https:\/\/q5y4k4z9.rocketcdn.me\/files\/2020\/12\/1u435PJuRxU7iuKesYQCUtw.jpg\" alt=\"Las tres muertes de Marisela Escobedo | by Daniel Cant\u00fa Gonz\u00e1lez | Medium\"\/><\/figure>\n\n\n\n<p class=\"wp-block-paragraph\">Es&nbsp;<em>crimen autorizado<\/em>&nbsp;cuando un gobierno simula la justicia, asesina inocentes para cancelar casos \u201cproblem\u00e1ticos\u201d que le causan molestias pol\u00edticas y permite con sus actos que se reproduzca la impunidad. El hecho de que los hermanos Barraza est\u00e9n asociados con un cartel refuerza la noci\u00f3n de que los gobiernos criminalizan la justicia y posiblemente por eso se niegan a continuar las investigaciones.<\/p>\n\n\n\n<p class=\"wp-block-paragraph\">En este terreno es problem\u00e1tico que el gobierno actual de Chihuahua, se niegue a que entre en vigor la ley que declara imprescriptible el feminicidio y que debe aplicarse antes que nada en el caso del asesinato de Marisela Escobedo. Pero antes que nada, aunque sea para honrar el d\u00e9cimo aniversario del asesinato de Marisela, la Fiscal\u00eda General del Estado de Chihuahua, debe dejar su abulia y realizar las investigaciones pertinentes para producir aunque sea un poco de justicia.<\/p>\n","protected":false},"excerpt":{"rendered":"<p>La familia Fraire Escobedo ha declarado que el detenido y posteriormente asesinado supuesto culpable del asesinato de Marisela no lo era<\/p>\n","protected":false},"author":3,"featured_media":29938,"comment_status":"open","ping_status":"open","sticky":false,"template":"","format":"standard","meta":{"_monsterinsights_skip_tracking":false,"footnotes":""},"categories":[691,47,110,48],"tags":[],"class_list":["post-29937","post","type-post","status-publish","format-standard","has-post-thumbnail","category-691","category-no-mas-impunidad","category-la-opinion-columnas","category-no-mas-impunidad-no-mas-impunidad"],"_links":{"self":[{"href":"https:\/\/redsemlac.com\/semmexico\/wp-json\/wp\/v2\/posts\/29937","targetHints":{"allow":["GET"]}}],"collection":[{"href":"https:\/\/redsemlac.com\/semmexico\/wp-json\/wp\/v2\/posts"}],"about":[{"href":"https:\/\/redsemlac.com\/semmexico\/wp-json\/wp\/v2\/types\/post"}],"author":[{"embeddable":true,"href":"https:\/\/redsemlac.com\/semmexico\/wp-json\/wp\/v2\/users\/3"}],"replies":[{"embeddable":true,"href":"https:\/\/redsemlac.com\/semmexico\/wp-json\/wp\/v2\/comments?post=29937"}],"version-history":[{"count":0,"href":"https:\/\/redsemlac.com\/semmexico\/wp-json\/wp\/v2\/posts\/29937\/revisions"}],"wp:featuredmedia":[{"embeddable":true,"href":"https:\/\/redsemlac.com\/semmexico\/wp-json\/wp\/v2\/media\/29938"}],"wp:attachment":[{"href":"https:\/\/redsemlac.com\/semmexico\/wp-json\/wp\/v2\/media?parent=29937"}],"wp:term":[{"taxonomy":"category","embeddable":true,"href":"https:\/\/redsemlac.com\/semmexico\/wp-json\/wp\/v2\/categories?post=29937"},{"taxonomy":"post_tag","embeddable":true,"href":"https:\/\/redsemlac.com\/semmexico\/wp-json\/wp\/v2\/tags?post=29937"}],"curies":[{"name":"wp","href":"https:\/\/api.w.org\/{rel}","templated":true}]}}