{"id":29859,"date":"2020-12-14T17:01:47","date_gmt":"2020-12-14T17:01:47","guid":{"rendered":"https:\/\/redsemlac.com\/semmexico\/?p=29859"},"modified":"2023-07-21T16:41:04","modified_gmt":"2023-07-21T21:41:04","slug":"noemi-ramirez-lider-del-sindicato-de-la-construccion-obrero-con-muchas-mujeres","status":"publish","type":"post","link":"https:\/\/redsemlac.com\/semmexico\/noemi-ramirez-lider-del-sindicato-de-la-construccion-obrero-con-muchas-mujeres\/","title":{"rendered":"Noem\u00ed Ram\u00edrez, l\u00edder del sindicato de la construcci\u00f3n obrero con muchas mujeres"},"content":{"rendered":"\n<ul class=\"wp-block-list\"><li><strong>Anteriormente era impensable un grupo femenino &nbsp;en esta industria, como en la miner\u00eda o en &nbsp;trabajos considerados s\u00f3lo para hombres<\/strong><\/li><li><strong>La dirigente, oaxaque\u00f1a, &nbsp;explica que ya &nbsp;cambi\u00f3 la mirada y ser\u00e1 imparable la llegada femenina en el transporte y manejo de retroexcavadoras<\/strong><\/li><\/ul>\n\n\n\n<p class=\"wp-block-paragraph\"><strong>Bertha Becerra<\/strong><\/p>\n\n\n\n<p class=\"wp-block-paragraph\">SemM\u00e9xico\/ El Sol de M\u00e9xico, 14 de diciembre 2020.-&nbsp; El manejo de maquinaria pesada y camiones dej\u00f3 de ser una actividad exclusiva para los hombres, se\u00f1ala Ya no hay terrenos de trabajo vedados para las mujeres desde pilotas aviadoras, conductoras de camiones de carga y su incursi\u00f3n en labores pesadas como la industria de la construcci\u00f3n en la que ya no solo son obreras o t\u00e9cnicas sino que ya ocupan puestos de l\u00edderes en los sindicatos.<\/p>\n\n\n\n<p class=\"wp-block-paragraph\">La llamada \u201cfragilidad femenina\u00bb es cosa del pasado. La maternidad quiz\u00e1s todav\u00eda un poco las frena; pero ya es una realidad la presencia de la mano de obra femenina en sectores como la construcci\u00f3n y el transporte.<\/p>\n\n\n\n<p class=\"wp-block-paragraph\">Es el caso de la contadora Noem\u00ed Ram\u00edrez Garc\u00eda, secretaria general del Sindicato Nacional Liberal Cardenista de Trabajadores de la Construcci\u00f3n, Transportes y Servicio de Personal de M\u00e9xico. Tiene el registro 2 mil 373 de la Secretar\u00eda del Trabajo y Previsi\u00f3n Social (STPS).<\/p>\n\n\n\n<p class=\"wp-block-paragraph\">Sus ra\u00edces se encuentran en Oaxaca. Y se suman trabajadoras y trabajadores de Jalisco, Michoac\u00e1n y Ciudad de M\u00e9xico.<\/p>\n\n\n\n<p class=\"wp-block-paragraph\"><strong>\u2014\u00bfEs la primera mujer que encabeza un sindicato de la construcci\u00f3n en el pa\u00eds?<\/strong><\/p>\n\n\n\n<p class=\"wp-block-paragraph\">-A s\u00ed parece. Me siento muy orgullosa de eso. Estoy feliz que se me diera esta oportunidad. Espero tener la fortaleza de sacarlo adelante.<\/p>\n\n\n\n<p class=\"wp-block-paragraph\"><strong>\u2014\u00bfCu\u00e1ntas mujeres trabajan en la industria de la construcci\u00f3n como obreras?<\/strong><\/p>\n\n\n\n<p class=\"wp-block-paragraph\">-Afortunadamente cada vez somos m\u00e1s y m\u00e1s mujeres que dejamos atr\u00e1s ese miedo de que nos digan: \u00a1T\u00fa no puedes!<\/p>\n\n\n\n<p class=\"wp-block-paragraph\">\u00a1Esto no es para ti!<\/p>\n\n\n\n<p class=\"wp-block-paragraph\">Tenemos la fortuna de contar con mujeres que manejan maquinaria pesada, aunque no todas lo hacen, pero s\u00ed en el \u00e1rea de construcci\u00f3n, en el \u00e1mbito que casi no se hace.<\/p>\n\n\n\n<p class=\"wp-block-paragraph\"><strong>\u2014\u00bfM\u00e1quinas de qu\u00e9 tipo?<\/strong><\/p>\n\n\n\n<p class=\"wp-block-paragraph\">-Retroexcavadoras, cargadoras. Maquinaria pesada en general. Tambi\u00e9n que conducen camiones volteos, que s\u00ed se ha visto, pero ahora m\u00e1s se ha observado.<\/p>\n\n\n\n<p class=\"wp-block-paragraph\">Y hay mujeres que por el hecho de ver a otra compa\u00f1era arriba de un cami\u00f3n volteo o una gran m\u00e1quina o capacit\u00e1ndose para el manejo de equipo pesado, se motivan y entran a ese tipo de capacitaci\u00f3n o por lo menos, lo intentan.<\/p>\n\n\n\n<p class=\"wp-block-paragraph\"><strong>\u2014\u00bfSe contagian en buena manera?<\/strong><\/p>\n\n\n\n<p class=\"wp-block-paragraph\">-S\u00ed, se contagian de buena manera.<\/p>\n\n\n\n<p class=\"wp-block-paragraph\"><strong>CRECE EL NUMERO DE MUJERES EN TRABAJOS RUDOS<\/strong><\/p>\n\n\n\n<p class=\"wp-block-paragraph\"><strong>\u2014\u00bfQu\u00e9 n\u00famero de mujeres est\u00e1n afiliadas a su sindicato?<\/strong><\/p>\n\n\n\n<p class=\"wp-block-paragraph\">-Somos como 50 mujeres. Anteriormente ten\u00edamos un poco m\u00e1s. Hubo una racha en la cual hab\u00eda m\u00e1s mujeres; sin embargo, una hermosa epidemia de embarazos, disminuy\u00f3 su n\u00famero. Ahora nuevamente vuelve a impulsarse.<\/p>\n\n\n\n<p class=\"wp-block-paragraph\"><strong>\u2014\u00bfSu sindicato no solo representa a mujeres?<\/strong><\/p>\n\n\n\n<p class=\"wp-block-paragraph\">-No solo represento al sector femenino sino tambi\u00e9n al masculino, es un sindicato como cualquier otro. Solo que soy la secretaria general.<\/p>\n\n\n\n<p class=\"wp-block-paragraph\"><strong>\u2014\u00bfEn la industria de la construcci\u00f3n, las mujeres no laboraban? Y ahora, \u00bfel hecho de que una mujer est\u00e9 al frente de este sindicato, es novedoso?<\/strong><\/p>\n\n\n\n<p class=\"wp-block-paragraph\">-Por supuesto. Efectivamente. Anteriormente era m\u00e1s dif\u00edcil ver mujeres en la industria de la construcci\u00f3n y tambi\u00e9n en la miner\u00eda, en trabajos que se consideraban solo para el sexo masculino.<\/p>\n\n\n\n<p class=\"wp-block-paragraph\">Ahora es m\u00e1s motivado. Y tan es as\u00ed, femenino sino tambi\u00e9n al masculino que tengo la responsabilidad de encabezar un sindicato a nivel nacional.<\/p>\n\n\n\n<p class=\"wp-block-paragraph\"><strong>-\u00bfCu\u00e1ntos afiliados tiene?<\/strong><\/p>\n\n\n\n<p class=\"wp-block-paragraph\">-Estamos en recuento. Tenemos 350 personas solo en Oaxaca. Nos ampliamos cada vez m\u00e1s. Y s\u00ed hago un conteo r\u00e1pido, llegamos a 2 mil personas a nivel nacional. Somos pocas personas, s\u00ed, pero se trata de aumentar cada d\u00eda m\u00e1s. Somos sindicatos de hermandad. Somos un equipo que se form\u00f3 desde mucho tiempo atr\u00e1s. Puedo decir que agradezco a las bases Cardenistas de la Cuarta Transformaci\u00f3n.<\/p>\n\n\n\n<p class=\"wp-block-paragraph\">En lo personal un enorme agradecimiento a las personas que me han formado en este \u00e1mbito y me dejaron este legado sindical: el ingeniero Luis D\u00edaz Pantoja y Marco Antonio S\u00e1nchez. Son los pioneros en el sindicalismo. Son l\u00edderes del transporte en Oaxaca.<\/p>\n\n\n\n<p class=\"wp-block-paragraph\">Fui muy motivada y apoyada, me dieron la confianza que anteriormente no se ten\u00eda para las mujeres, no se nos brindaba esa posibilidad de decir: \u201ct\u00fa puedes\u201d. Ellos fueron las personas que me hicieron decir: \u201c\u00a1T\u00fa puedes!\u00bb<\/p>\n\n\n\n<p class=\"wp-block-paragraph\"><strong>-\u00bfEn el caso del transporte, es m\u00e1s com\u00fan ver a mujeres en las carreteras conduciendo camiones de carga, aument\u00f3 su n\u00famero o ha bajado?<\/strong><\/p>\n\n\n\n<p class=\"wp-block-paragraph\">-Hubo un momento en que disminuyo y ahora cada vez hay m\u00e1s, como en el sector de la construcci\u00f3n, y ya no se va a frenar. En todos los sectores donde no se ve\u00eda mujeres y eran solo de hombres hay cada vez m\u00e1s presencia femenina.<\/p>\n\n\n\n<p class=\"wp-block-paragraph\">Antes ocup\u00e1bamos m\u00e1s el escritorio en el \u00e1rea de construcci\u00f3n, que en trabajos pesados. Actualmente, somos m\u00e1s mujeres que hacemos esos trabajos pesados.<\/p>\n\n\n\n<p class=\"wp-block-paragraph\"><strong>\u2014\u00bfY de que edades son; j\u00f3venes o &nbsp;mayores?<\/strong><\/p>\n\n\n\n<p class=\"wp-block-paragraph\">-Hay de todas las edades. De algunos pueblos de Oaxaca es m\u00e1s la juventud, por sus necesidades de apartarse del estudio, entran a trabajar a muy corta edad.<\/p>\n\n\n\n<p class=\"wp-block-paragraph\">Hablamos de j\u00f3venes de 18 e incluso de 15 a\u00f1os, de 20 a\u00f1os. Y var\u00eda mucho dependiendo del \u00e1rea donde trabajen.<\/p>\n\n\n\n<p class=\"wp-block-paragraph\"><strong>-\u00bfLa presencia de mujeres en este tipo de trabajo, ayudar\u00e1 mucho a los pueblos en Oaxaca?<\/strong><\/p>\n\n\n\n<p class=\"wp-block-paragraph\">-Por supuesto. Y no solo en Oaxaca sino en todo el pa\u00eds, gracias a las bases del Cardenismo, vamos a impulsarlo en todas partes. Y el sector de la construcci\u00f3n y el transporte, generan empleo y riqueza, especialmente en Oaxaca nos hemos visto beneficiados cada que hay una obra.<\/p>\n","protected":false},"excerpt":{"rendered":"<p>La dirigente, oaxaque\u00f1a,  explica que ya  cambi\u00f3 la mirada y ser\u00e1 imparable la llegada femenina en el transporte y manejo de retroexcavadoras<\/p>\n","protected":false},"author":3,"featured_media":29860,"comment_status":"open","ping_status":"open","sticky":false,"template":"","format":"standard","meta":{"_monsterinsights_skip_tracking":false,"footnotes":""},"categories":[691,54],"tags":[],"class_list":["post-29859","post","type-post","status-publish","format-standard","has-post-thumbnail","category-691","category-mujeres"],"_links":{"self":[{"href":"https:\/\/redsemlac.com\/semmexico\/wp-json\/wp\/v2\/posts\/29859","targetHints":{"allow":["GET"]}}],"collection":[{"href":"https:\/\/redsemlac.com\/semmexico\/wp-json\/wp\/v2\/posts"}],"about":[{"href":"https:\/\/redsemlac.com\/semmexico\/wp-json\/wp\/v2\/types\/post"}],"author":[{"embeddable":true,"href":"https:\/\/redsemlac.com\/semmexico\/wp-json\/wp\/v2\/users\/3"}],"replies":[{"embeddable":true,"href":"https:\/\/redsemlac.com\/semmexico\/wp-json\/wp\/v2\/comments?post=29859"}],"version-history":[{"count":0,"href":"https:\/\/redsemlac.com\/semmexico\/wp-json\/wp\/v2\/posts\/29859\/revisions"}],"wp:featuredmedia":[{"embeddable":true,"href":"https:\/\/redsemlac.com\/semmexico\/wp-json\/wp\/v2\/media\/29860"}],"wp:attachment":[{"href":"https:\/\/redsemlac.com\/semmexico\/wp-json\/wp\/v2\/media?parent=29859"}],"wp:term":[{"taxonomy":"category","embeddable":true,"href":"https:\/\/redsemlac.com\/semmexico\/wp-json\/wp\/v2\/categories?post=29859"},{"taxonomy":"post_tag","embeddable":true,"href":"https:\/\/redsemlac.com\/semmexico\/wp-json\/wp\/v2\/tags?post=29859"}],"curies":[{"name":"wp","href":"https:\/\/api.w.org\/{rel}","templated":true}]}}