{"id":29788,"date":"2020-12-11T20:07:50","date_gmt":"2020-12-11T20:07:50","guid":{"rendered":"https:\/\/redsemlac.com\/semmexico\/?p=29788"},"modified":"2023-07-21T16:41:05","modified_gmt":"2023-07-21T21:41:05","slug":"beatriz-mojica","status":"publish","type":"post","link":"https:\/\/redsemlac.com\/semmexico\/beatriz-mojica\/","title":{"rendered":"Decisi\u00f3n de Beatriz Mojica si participa en encuesta para definir candidatura a la gubernatura de guerrero: Mario Delgado"},"content":{"rendered":"\n<ul class=\"wp-block-list\"><li><strong>Mujeres Guerrerenses piden al IEPC-GRO no dar registro a F\u00e9lix Salgado Macedonio<\/strong><\/li><\/ul>\n\n\n\n<p class=\"wp-block-paragraph\"><strong>Redacci\u00f3n<\/strong><\/p>\n\n\n\n<p class=\"wp-block-paragraph\">SemM\u00e9xico\/ Ceprovysa.com. Chilpancingo, Guerrero. 11 de diciembre 2020. \u00abSi Beatriz Mojica nos pide no participar, nosotros no la medir\u00edamos, dijo Mario Delgado Carrillo Dirigente Nacional de MORENA.&nbsp;<\/p>\n\n\n\n<p class=\"wp-block-paragraph\">Luego de anunciar que se form\u00f3 &nbsp;la Coalici\u00f3n Juntos Haremos Historia que registraron, con el Partido del Trabajo PT y &nbsp;el Partido Verde Ecologista de M\u00e9xico PVEM, el 10 de noviembre ante el Instituto Electoral y de Participaci\u00f3n Ciudadana de Guerrero,&nbsp;el dirigente de Morena fue &nbsp;cuestionado sobre la situaci\u00f3n que tendr\u00edan candidatas, como la petista Beatriz Mojica Murga;, el dirigente&nbsp; de MORENA se\u00f1al\u00f3 \u00abella estuvo aqu\u00ed con nosotros, solicit\u00f3 participar para ser considerada en la encuesta y se comprometi\u00f3 a respetar los resultados, si ella nos pide no participar lo vamos a considerar\u00bb dijo.&nbsp;<\/p>\n\n\n\n<p class=\"wp-block-paragraph\">En conferencia de prensa, fue cuestionado sobre la iniciativa &nbsp;3 de 3 contra la violencia que se infringe a las mujeres.<\/p>\n\n\n\n<p class=\"wp-block-paragraph\">&nbsp;Delgado Carrillo se\u00f1al\u00f3 que \u00aben el caso de Guerrero y en todos los aspirantes, nos comprometemos a no tener ning\u00fan candidato que tenga antecedentes probados de violencia de g\u00e9nero\u00bb y subray\u00f3 que en ese sentido \u00abser\u00e1n muy estrictos\u00bb.<\/p>\n\n\n\n<p class=\"wp-block-paragraph\"><strong>Que har\u00e1 Morena<\/strong><\/p>\n\n\n\n<p class=\"wp-block-paragraph\">Sin&nbsp; embargo Mujeres Guerrerenses pidieron en al Instituto Electoral y de Participaci\u00f3n Ciudadana de Guerrero, no dar registro a F\u00e9lix Salgado Macedonio, en caso de resultar electo candidato a la gubernatura de Guerrero.&nbsp;<\/p>\n\n\n\n<p class=\"wp-block-paragraph\">Mujeres Guerrerenses y Colectivas Feministas sustentan su petici\u00f3n \u00aba que &#8211; F\u00e9lix Salgado Macedonio- cuenta con una denuncia ratificada por el delito de violaci\u00f3n\u00bb.<\/p>\n\n\n\n<p class=\"wp-block-paragraph\">En un documento se\u00f1alan que \u00abAnte la ley nadie por encima de ella y la impunidad no puede revestir a un aspirante que se sabe siempre ha vivido bajo la protecci\u00f3n del fuero del poder\u00bb.&nbsp;<\/p>\n\n\n\n<p class=\"wp-block-paragraph\">El documento fue turnado, con \u00e9sta fecha, por el Secretariado Ejecutivo del IEPC-GRO, Pedro Pablo Mart\u00ednez, a la Jefa de la Unidad T\u00e9cnica de Igualdad de G\u00e9nero y No Discriminaci\u00f3n.<\/p>\n","protected":false},"excerpt":{"rendered":"<p>Mujeres Guerrerenses piden al IEPC-GRO no dar registro a F\u00e9lix Salgado Macedonio<\/p>\n","protected":false},"author":3,"featured_media":29789,"comment_status":"open","ping_status":"open","sticky":false,"template":"","format":"standard","meta":{"_monsterinsights_skip_tracking":false,"footnotes":""},"categories":[691,141],"tags":[],"class_list":["post-29788","post","type-post","status-publish","format-standard","has-post-thumbnail","category-691","category-elecciones-2020-2021"],"_links":{"self":[{"href":"https:\/\/redsemlac.com\/semmexico\/wp-json\/wp\/v2\/posts\/29788","targetHints":{"allow":["GET"]}}],"collection":[{"href":"https:\/\/redsemlac.com\/semmexico\/wp-json\/wp\/v2\/posts"}],"about":[{"href":"https:\/\/redsemlac.com\/semmexico\/wp-json\/wp\/v2\/types\/post"}],"author":[{"embeddable":true,"href":"https:\/\/redsemlac.com\/semmexico\/wp-json\/wp\/v2\/users\/3"}],"replies":[{"embeddable":true,"href":"https:\/\/redsemlac.com\/semmexico\/wp-json\/wp\/v2\/comments?post=29788"}],"version-history":[{"count":0,"href":"https:\/\/redsemlac.com\/semmexico\/wp-json\/wp\/v2\/posts\/29788\/revisions"}],"wp:featuredmedia":[{"embeddable":true,"href":"https:\/\/redsemlac.com\/semmexico\/wp-json\/wp\/v2\/media\/29789"}],"wp:attachment":[{"href":"https:\/\/redsemlac.com\/semmexico\/wp-json\/wp\/v2\/media?parent=29788"}],"wp:term":[{"taxonomy":"category","embeddable":true,"href":"https:\/\/redsemlac.com\/semmexico\/wp-json\/wp\/v2\/categories?post=29788"},{"taxonomy":"post_tag","embeddable":true,"href":"https:\/\/redsemlac.com\/semmexico\/wp-json\/wp\/v2\/tags?post=29788"}],"curies":[{"name":"wp","href":"https:\/\/api.w.org\/{rel}","templated":true}]}}