{"id":29785,"date":"2020-12-11T20:02:40","date_gmt":"2020-12-11T20:02:40","guid":{"rendered":"https:\/\/redsemlac.com\/semmexico\/?p=29785"},"modified":"2023-07-21T16:41:05","modified_gmt":"2023-07-21T21:41:05","slug":"el-estado-mexicano-incumple-con-la-corte-interamericana-simula-formacion-en-derechos-humanos-a-las-fuerzas-armadas","status":"publish","type":"post","link":"https:\/\/redsemlac.com\/semmexico\/el-estado-mexicano-incumple-con-la-corte-interamericana-simula-formacion-en-derechos-humanos-a-las-fuerzas-armadas\/","title":{"rendered":"El Estado mexicano incumple con la Corte Interamericana, simula formaci\u00f3n en derechos humanos a las fuerzas armadas"},"content":{"rendered":"\n<ul class=\"wp-block-list\"><li><strong>Entre 2010 y 2019 \u00a04 mil elementos \u00a0de la ahora Guardia Nacional, fueron sensibilizados v\u00eda internet, presentan informe opaco y contradictorio: argumentan seguridad nacional<\/strong>.<\/li><\/ul>\n\n\n\n<ul class=\"wp-block-list\"><li><strong>Informe <\/strong><strong>\u201cFalsa Salvaguarda: Las Capacitaciones de las&nbsp;<\/strong><strong>Fuerzas Armadas<\/strong><strong>&nbsp;2010-2019\u201d de Equis Justicia para las Mujeres y el Centro de Derechos Humanos&nbsp; de la Monta\u00f1a <\/strong><strong>Tlachinollan<\/strong><strong><\/strong><\/li><\/ul>\n\n\n\n<p class=\"wp-block-paragraph\"><strong>Elda Montiel<\/strong><\/p>\n\n\n\n<p class=\"wp-block-paragraph\">SemM\u00e9xico. Cd. de M\u00e9xico. 11 de diciembre 2020.- Pese a la falta de evidencia en la capacitaci\u00f3n sobre derechos humanos y g\u00e9nero, las violaciones y abusos en operativos donde intervienen elementos de las fuerzas armadas y la Guardia Nacional van al alza y el Estado Mexicano se niega a transparentar la informaci\u00f3n con el pretexto de que se trata de asuntos de seguridad nacional, advirti\u00f3 la diputada Martha Tagle Mart\u00ednez.<\/p>\n\n\n\n<p class=\"wp-block-paragraph\">As\u00ed lo dijo al participar en la presentaci\u00f3n del informe \u201cFalsa Salvaguarda: Las Capacitaciones de las&nbsp;<strong>Fuerzas Armadas<\/strong>&nbsp;2010-2019\u201d, presentado de manera conjunta por varias&nbsp; organizaciones&nbsp; civiles<\/p>\n\n\n\n<p class=\"wp-block-paragraph\">El informe detalla que los integrantes del ej\u00e9rcito no fueron capacitados por &nbsp;las secretar\u00edas competentes &nbsp;a pesar de un &nbsp;mandato de la Corte Interamericana de Derechos Humanos, de hace 10 a\u00f1os, lo que no garantiza que se parar\u00e1n la tortura y las violaciones sexuales, porque no han aprendido, ya ahora, est\u00e1n en todo el pa\u00eds, reiter\u00f3 &nbsp;la diputada&nbsp; Tagle Mart\u00ednez.<\/p>\n\n\n\n<p class=\"wp-block-paragraph\">Las organizaciones sostienen&nbsp; que desde hace 10 a\u00f1os la CIDH sentenci\u00f3 al Estado Mexicano a capacitar a las fuerzas armadas y a comprometerse a no repetir actos de tortura y violaci\u00f3n sexual.&nbsp; Sin embargo no s\u00f3lo no cumpli\u00f3, sino que entreg\u00f3 un informe que no tiene evidencias suficientes para pensar que hubo capacitaci\u00f3n en g\u00e9nero y derechos humanos, m\u00e1s bien se trata de un \u201cinforme\u201d opaco y poco transparente.<\/p>\n\n\n\n<p class=\"wp-block-paragraph\">En foro virtual, 4 organizaciones responsables de la observaci\u00f3n del acatamiento de la sentencia, &nbsp;recordaron que esa surgi\u00f3 y oblig\u00f3 &nbsp;al Estado de Mexicano &nbsp;&nbsp;como resultado de&nbsp; &nbsp;los agravios contra &nbsp;In\u00e9s Fern\u00e1ndez Ortega y Valentina Rosendo Cant\u00fa, quienes fueron violadas por varios &nbsp;soldados, hace 10 a\u00f1os, en la monta\u00f1a de Guerrero, en la zona &nbsp;conocida como Barranca de Bejuco, asunto que, no obstante que &nbsp;este gobierno les pidi\u00f3 perd\u00f3n, sigue en litigio.<\/p>\n\n\n\n<p class=\"wp-block-paragraph\">Quienes deb\u00edan capacitar y formar a&nbsp; soldados&nbsp; entre 2010 y 2019, &nbsp;son la &nbsp;Secretaria de la Defensa Nacional, la Secretar\u00eda de Marina y la Guardia Nacional, pero aseguraron las organizaciones que &nbsp;no cumplen con esa obligaci\u00f3n. Dijeron &nbsp;que esas dependencias entregaron un informe, que adem\u00e1s de no tener evidencia, est\u00e1 lleno de contradicciones, con supuesta informaci\u00f3n de programas de capacitaci\u00f3n, poco claros.<\/p>\n\n\n\n<p class=\"wp-block-paragraph\">En el Foro, hicieron estos planteamientos&nbsp; las organizaciones, Equis Justicia para las Mujeres, Data C\u00edvica, el Centro de Derechos Humanos de la Monta\u00f1a Tlachinollan y Centro de Derechos Humanos Agust\u00edn Pro &nbsp;responsables del informe&nbsp; Falsa Salvaguarda: Las Capacitaciones de las&nbsp;Fuerzas Armadas&nbsp;2010-2019\u201d, donde se\u00f1alan que no se ofreci\u00f3 &nbsp;informaci\u00f3n suficiente para asegurar que las capacitaciones&nbsp; s\u00ed se llevaron a cabo, si acaso &nbsp;sirvieron &nbsp;para garantizar que las injusticias cometidas contra In\u00e9s Fern\u00e1ndez Ortega, Valentina Rosendo Cant\u00fa, Nitza Paola Alvarado Espinoza, Jos\u00e9 \u00c1ngel Alvarado Herrera y Roc\u00edo Irene Alvarado Reyes garantizan la no repetici\u00f3n de actos de tortura y violaci\u00f3n a manos de los &nbsp;integrantes de las fuerzas armadas contra la poblaci\u00f3n.<\/p>\n\n\n\n<p class=\"wp-block-paragraph\">Melissa Zamora&nbsp; Vieyra, representante del&nbsp;Centro&nbsp;Prodh, dijo que no existen indicadores clave de los resultados de la capacitaci\u00f3n y los elementos&nbsp; castrenses &nbsp;siguen cometiendo las mismas&nbsp;violaciones&nbsp;que en a\u00f1os anteriores.<\/p>\n\n\n\n<p class=\"wp-block-paragraph\">La moderadora Estefan\u00eda Vela Barba, de la organizaci\u00f3n feminista &nbsp;Intersecta expres\u00f3, a manera de conclusi\u00f3n,\u201d lo que nos est\u00e1n vendiendo como salvaguardas, capacitaciones en derechos humanos para evitar abusos por parte de las Fuerzas Armadas, no lo son en realidad\u201d.<\/p>\n\n\n\n<p class=\"wp-block-paragraph\">La diputada&nbsp; Tagle Mart\u00ednez, tambi\u00e9n &nbsp;se\u00f1al\u00f3 que la militarizaci\u00f3n en nuestro pa\u00eds est\u00e1 sin l\u00edmites y sin control. \u201cEl Ejecutivo le ha dado incluso hasta tareas de administraci\u00f3n y la falsa apuesta de llevar a los militares a las calles solo incrementa la violencia, por lo tanto las violaciones a los derechos humanos seguir\u00e1n en aumento\u201d.<\/p>\n\n\n\n<p class=\"wp-block-paragraph\"><strong>SEMAR<\/strong><\/p>\n\n\n\n<p class=\"wp-block-paragraph\">En los argumentos oficiales, &nbsp;la Secretar\u00eda de Marina asegur\u00f3 que ni siquiera est\u00e1 obligada por los fallos de la Corte relacionados con las injusticias cometidas contra In\u00e9s Fern\u00e1ndez Ortega y Valentina Rosendo Cant\u00fa por integrantes &nbsp;del ej\u00e9rcito en el a\u00f1o 2002 en el estado de Guerrero.<\/p>\n\n\n\n<p class=\"wp-block-paragraph\">Sin embargo, afirma contar con un curso permanente de capacitaci\u00f3n en derechos humanos, el cual no incluye los criterios m\u00ednimos ordenados por la Corte, &nbsp;el an\u00e1lisis de las organizaciones afirma que esta dependencia no pudo proporcionar informaci\u00f3n precisa y desagregada por cargo y por \u00e1rea acerca del personal que asiste a las actividades de capacitaci\u00f3n, ni proporcion\u00f3 informaci\u00f3n acerca de la duraci\u00f3n de las actividades reportadas. Tampoco fue capaz de proporcionar las cartas descriptivas y temarios de las mismas.<\/p>\n\n\n\n<p class=\"wp-block-paragraph\"><strong>Militarizaci\u00f3n de la Guardia Nacional<\/strong><\/p>\n\n\n\n<p class=\"wp-block-paragraph\">De acuerdo con Alicia Franco, integrante de la organizaci\u00f3n &nbsp;Data C\u00edvica, la&nbsp;Guardia Nacional&nbsp;recibi\u00f3 un aumento de 21 por ciento en su presupuesto &nbsp;para&nbsp; 2021 presupuesto, superior a lo que recibir\u00e1&nbsp;Salud&nbsp;en medio de la&nbsp;pandemia&nbsp;por&nbsp;Covid-19.<\/p>\n\n\n\n<p class=\"wp-block-paragraph\">Al menos siete de cada 10 de sus elementos pertenecen a la&nbsp;Secretar\u00eda de la Defensa Nacional&nbsp;o a la&nbsp;Secretar\u00eda de&nbsp;Marina&nbsp;y el resto eran oficiales de la extinta Polic\u00eda&nbsp;Federal. Solo un tercio de este personal recibi\u00f3 el curso de capacitaci\u00f3n para ingresar a la corporaci\u00f3n y solo siete de cada 100 han cubierto uno de los cuatro escalones para participar en sus filas.<\/p>\n\n\n\n<p class=\"wp-block-paragraph\">Lo que dice la guardia nacional es que cuatro mil elementos que han sido desplegados han participado en cursos de&nbsp;derechos&nbsp;humanos&nbsp;y&nbsp;equidad de g\u00e9nero.<\/p>\n\n\n\n<p class=\"wp-block-paragraph\"><strong>SEDENA<\/strong><\/p>\n\n\n\n<p class=\"wp-block-paragraph\">Sof\u00eda Huete, de Intersecta, afirm\u00f3 que la Sedena contest\u00f3 que ha realizado cursos por internet, a los cuales se conectaron miles de sus elementos, sin tener certeza del n\u00famero exacto, pero que se trat\u00f3 de eventos con una mec\u00e1nica unidireccional. Adem\u00e1s, de que en estos cursos est\u00e1n sobrerrepresentados los grados inferiores, y no se pudo comprobar que ning\u00fan general la recibiera.<\/p>\n\n\n\n<p class=\"wp-block-paragraph\">Resalta que solo haya efectuado una capacitaci\u00f3n en derechos de personas ind\u00edgenas, cuando el origen de la sentencia es el abuso sexual a la joven ind\u00edgena Valentina Rosendo Cant\u00fa, de s\u00f3lo 17 a\u00f1os en ese entonces.<\/p>\n\n\n\n<p class=\"wp-block-paragraph\">En el informe se se\u00f1ala que se reportaron 12 cursos y 62 videoconferencias impartidas a lo largo de siete a\u00f1os, entre 2013 y 2019.<\/p>\n\n\n\n<p class=\"wp-block-paragraph\">La situaci\u00f3n es similar en el caso de la capacitaci\u00f3n sobre temas como equidad de g\u00e9nero, no discriminaci\u00f3n y derechos de la poblaci\u00f3n LGBTI+, donde las corporaciones dedicadas a la seguridad nacional dijeron si estar trabajando, pero no pudieron comprobar ning\u00fan resultado.<\/p>\n","protected":false},"excerpt":{"rendered":"<p>Informe \u201cFalsa Salvaguarda: Las Capacitaciones de las Fuerzas Armadas 2010-2019\u201d <\/p>\n","protected":false},"author":3,"featured_media":29786,"comment_status":"open","ping_status":"open","sticky":false,"template":"","format":"standard","meta":{"_monsterinsights_skip_tracking":false,"footnotes":""},"categories":[691,54],"tags":[],"class_list":["post-29785","post","type-post","status-publish","format-standard","has-post-thumbnail","category-691","category-mujeres"],"_links":{"self":[{"href":"https:\/\/redsemlac.com\/semmexico\/wp-json\/wp\/v2\/posts\/29785","targetHints":{"allow":["GET"]}}],"collection":[{"href":"https:\/\/redsemlac.com\/semmexico\/wp-json\/wp\/v2\/posts"}],"about":[{"href":"https:\/\/redsemlac.com\/semmexico\/wp-json\/wp\/v2\/types\/post"}],"author":[{"embeddable":true,"href":"https:\/\/redsemlac.com\/semmexico\/wp-json\/wp\/v2\/users\/3"}],"replies":[{"embeddable":true,"href":"https:\/\/redsemlac.com\/semmexico\/wp-json\/wp\/v2\/comments?post=29785"}],"version-history":[{"count":0,"href":"https:\/\/redsemlac.com\/semmexico\/wp-json\/wp\/v2\/posts\/29785\/revisions"}],"wp:featuredmedia":[{"embeddable":true,"href":"https:\/\/redsemlac.com\/semmexico\/wp-json\/wp\/v2\/media\/29786"}],"wp:attachment":[{"href":"https:\/\/redsemlac.com\/semmexico\/wp-json\/wp\/v2\/media?parent=29785"}],"wp:term":[{"taxonomy":"category","embeddable":true,"href":"https:\/\/redsemlac.com\/semmexico\/wp-json\/wp\/v2\/categories?post=29785"},{"taxonomy":"post_tag","embeddable":true,"href":"https:\/\/redsemlac.com\/semmexico\/wp-json\/wp\/v2\/tags?post=29785"}],"curies":[{"name":"wp","href":"https:\/\/api.w.org\/{rel}","templated":true}]}}