{"id":29782,"date":"2020-12-11T19:54:29","date_gmt":"2020-12-11T19:54:29","guid":{"rendered":"https:\/\/redsemlac.com\/semmexico\/?p=29782"},"modified":"2023-07-21T16:41:06","modified_gmt":"2023-07-21T21:41:06","slug":"indispensable-orientacion-sobre-salud-sexual-y-reproductiva-en-jovenes-katya-hernandez","status":"publish","type":"post","link":"https:\/\/redsemlac.com\/semmexico\/indispensable-orientacion-sobre-salud-sexual-y-reproductiva-en-jovenes-katya-hernandez\/","title":{"rendered":"Indispensable, orientaci\u00f3n sobre salud sexual y reproductiva en j\u00f3venes: Katya Hern\u00e1ndez"},"content":{"rendered":"\n<ul class=\"wp-block-list\"><li><strong>Es la actual directora del Instituto Municipal para la Juventud, del Concejo Municipal de Pachuca<\/strong><\/li><li><strong>Descubri\u00f3 la necesidad de la poblaci\u00f3n de conocer sobre m\u00e9todos anticonceptivos<\/strong><\/li><\/ul>\n\n\n\n<p class=\"wp-block-paragraph\"><strong>*Lorena Piedad<\/strong><\/p>\n\n\n\n<p class=\"wp-block-paragraph\">SemM\u00e9xico, Pachuca, Hidalgo, 11 de diciembre 2020.- Para Katya Gabriela Hern\u00e1ndez P\u00e9rez, directora del Instituto Municipal para la Juventud, pertenecer a la Transici\u00f3n Violeta fue un reto personal y una oportunidad para trabajar institucionalmente &nbsp;para darle a las juventudes lo que necesitan; signific\u00f3 llevar un poco de lo que ha trabajado desde el activismo, coment\u00f3 en entrevista para SemM\u00e9xico, luego del Informe de Resultados del Concejo Municipal de Pachuca.<\/p>\n\n\n\n<p class=\"wp-block-paragraph\">\u201cFue muy importante estar aqu\u00ed aunque solo fueran meses, lo dimos todo con el coraz\u00f3n en este gobierno feminista que abri\u00f3 las posibilidades a todas y todos y logr\u00f3 fortalecer e impulsar el acceso a los derechos\u201d.<\/p>\n\n\n\n<p class=\"wp-block-paragraph\">Psic\u00f3loga y maestra en Psicoterapia Humanista Existencial con enfoque Gestalt, ingres\u00f3 como voluntaria a asociaciones civiles desde los 18 a\u00f1os; antes de su participaci\u00f3n en el Concejo fue capacitadora de personal en derechos sexuales y reproductivos, ganadora de una beca por \u201cWomen deliver youth\u201d en la cuarta conferencia en Copenhague, Dinamarca y coordinadora de DDESER J\u00f3venes (Red por los Derechos Sexuales y Reproductivos en M\u00e9xico) 2015. Trabaj\u00f3 de forma externa con la Secretar\u00eda de Salud en talleres para mujeres ind\u00edgenas, sobre violencia de g\u00e9nero e interculturalidad.<\/p>\n\n\n\n<p class=\"wp-block-paragraph\">En 100 d\u00edas, periodo de administraci\u00f3n del Concejo, llev\u00f3 estas pr\u00e1cticas al sector joven de la ciudad de Pachuca porque descubri\u00f3 la necesidad de la poblaci\u00f3n de conocer sobre m\u00e9todos anticonceptivos, asegur\u00f3 que las y los j\u00f3venes no sab\u00edan de la existencia del Instituto para la Juventud ni tampoco sobre sus derechos en el municipio.<\/p>\n\n\n\n<p class=\"wp-block-paragraph\">\u201cCon lo de la pandemia llevamos nuestros servicios a muchos lados donde desconoc\u00edan sobre los servicios que brindamos, por ejemplo de salud y atenci\u00f3n psicol\u00f3gica. Hay muchas j\u00f3venes que viven situaciones de violencia y no saben a d\u00f3nde acercarse, a m\u00ed el feminismo me ense\u00f1\u00f3, a trav\u00e9s de las asociaciones civiles, que a las mujeres desde peque\u00f1as nos han inculcado qu\u00e9 hacer, que no hacer y me di cuenta de la necesidad que tenemos de apropiarnos de nosotras mismas, ha sido un proceso de desarrollo y autodescubrimiento\u201d.<\/p>\n\n\n\n<p class=\"wp-block-paragraph\">El objetivo de su gesti\u00f3n, dijo, fue que se conociera el instituto y ampliar los servicios, ya que solo hab\u00eda un \u00e1rea de atenci\u00f3n psicol\u00f3gica y por ello se capacit\u00f3 al personal sobre salud sexual y reproductiva \u201cque era muy necesaria\u201d.<\/p>\n\n\n\n<p class=\"wp-block-paragraph\">Dentro de las acciones&nbsp; del instituto, mencion\u00f3 la vinculaci\u00f3n con la Secretar\u00eda del Trabajo y el Instituto Hidalguense de la Juventud, \u201cya que si no tenemos vinculaci\u00f3n interinstitucional no se puede hacer mucho porque no hay dinero que alcance, por eso es importante que otras instituciones fortalezcan tu trabajo\u201d.<\/p>\n\n\n\n<p class=\"wp-block-paragraph\">Adem\u00e1s, se inaugur\u00f3 el Centro J\u00f3venes Hidalgo en conjunto con el Instituto Hidalguense de la Juventud, debido a que era un lugar olvidado y ubicado en un lugar inseguro, por lo que, explic\u00f3, se llev\u00f3 a una zona segura para que la siguiente administraci\u00f3n decida su apertura luego de la pandemia.<\/p>\n\n\n\n<p class=\"wp-block-paragraph\">Tambi\u00e9n detall\u00f3 que el instituto deja una p\u00e1gina web con bolsa de trabajo que logr\u00f3 gestionar con la Secretar\u00eda de Desarrollo Econ\u00f3mico (Sedeco) para colocar vacantes y solicit\u00f3 a la siguiente administraci\u00f3n que d\u00e9 continuidad a las solicitudes con el fin de impulsarlas, ya que, sentenci\u00f3, trabajan para la poblaci\u00f3n.<\/p>\n\n\n\n<p class=\"wp-block-paragraph\">\u201cHago un llamado para que estas acciones no se queden en el olvido y se sigan fortaleciendo, hace falta que la juventud conozca sobre el instituto y es necesario promocionar el \u00e1rea de salud y de autocuidado, debemos llegar a todo el sector y no solamente a cierta poblaci\u00f3n juvenil. Se necesita un trabajo de corresponsabilidad, las y los j\u00f3venes deben involucrarse m\u00e1s, pero tambi\u00e9n nosotros como instituci\u00f3n tenemos que acercarnos a zonas vulnerables que es donde m\u00e1s se necesita\u201d.<\/p>\n\n\n\n<p class=\"wp-block-paragraph\">Finalmente, envi\u00f3 un mensaje a la juventud de Pachuca para \u201cque se d\u00e9 la oportunidad de conocer y exigir sus derechos porque este instituto es para todas y todos, invito a las juventudes a que se involucren un poco m\u00e1s e insistan en sus derechos porque las instituciones estamos para escuchar y atender sus necesidades\u201d.<\/p>\n","protected":false},"excerpt":{"rendered":"<p>Es la actual directora del Instituto Municipal para la Juventud, del Concejo Municipal de Pachuca<\/p>\n","protected":false},"author":3,"featured_media":29783,"comment_status":"open","ping_status":"open","sticky":false,"template":"","format":"standard","meta":{"_monsterinsights_skip_tracking":false,"footnotes":""},"categories":[691,51],"tags":[],"class_list":["post-29782","post","type-post","status-publish","format-standard","has-post-thumbnail","category-691","category-ejecutivo"],"_links":{"self":[{"href":"https:\/\/redsemlac.com\/semmexico\/wp-json\/wp\/v2\/posts\/29782","targetHints":{"allow":["GET"]}}],"collection":[{"href":"https:\/\/redsemlac.com\/semmexico\/wp-json\/wp\/v2\/posts"}],"about":[{"href":"https:\/\/redsemlac.com\/semmexico\/wp-json\/wp\/v2\/types\/post"}],"author":[{"embeddable":true,"href":"https:\/\/redsemlac.com\/semmexico\/wp-json\/wp\/v2\/users\/3"}],"replies":[{"embeddable":true,"href":"https:\/\/redsemlac.com\/semmexico\/wp-json\/wp\/v2\/comments?post=29782"}],"version-history":[{"count":0,"href":"https:\/\/redsemlac.com\/semmexico\/wp-json\/wp\/v2\/posts\/29782\/revisions"}],"wp:featuredmedia":[{"embeddable":true,"href":"https:\/\/redsemlac.com\/semmexico\/wp-json\/wp\/v2\/media\/29783"}],"wp:attachment":[{"href":"https:\/\/redsemlac.com\/semmexico\/wp-json\/wp\/v2\/media?parent=29782"}],"wp:term":[{"taxonomy":"category","embeddable":true,"href":"https:\/\/redsemlac.com\/semmexico\/wp-json\/wp\/v2\/categories?post=29782"},{"taxonomy":"post_tag","embeddable":true,"href":"https:\/\/redsemlac.com\/semmexico\/wp-json\/wp\/v2\/tags?post=29782"}],"curies":[{"name":"wp","href":"https:\/\/api.w.org\/{rel}","templated":true}]}}