{"id":29777,"date":"2020-12-11T17:50:47","date_gmt":"2020-12-11T17:50:47","guid":{"rendered":"https:\/\/redsemlac.com\/semmexico\/?p=29777"},"modified":"2023-07-21T16:41:06","modified_gmt":"2023-07-21T21:41:06","slug":"matan-en-zacatecas-a-fotoperiodista-reporto-personas-asesinadas-en-una-carretera","status":"publish","type":"post","link":"https:\/\/redsemlac.com\/semmexico\/matan-en-zacatecas-a-fotoperiodista-reporto-personas-asesinadas-en-una-carretera\/","title":{"rendered":"Matan en Zacatecas a fotoperiodista: report\u00f3 personas asesinadas en una carretera"},"content":{"rendered":"\n<p class=\"wp-block-paragraph\"><strong>Redacci\u00f3n Pol\u00edtico MX<\/strong><\/p>\n\n\n\n<p class=\"wp-block-paragraph\">SemM\u00e9xico\/Politico MX. Zacatecas. 11 de diciembre 2020.- Fuentes de la Fiscal\u00eda General de Justicia del Estado de\u00a0<strong>Zacatecas<\/strong>\u00a0revelaron que la muerte de<strong>\u00a0Jaime \u201cN\u201d<\/strong>, fotoperiodista del portal Prensa Libre y empleado del\u00a0<a href=\"https:\/\/politico.mx\/minuta-politica\/minuta-politica-gobierno-federal\/vocalista-de-banda-jerez-que-aspir%C3%B3-a-g%C3%B3ber-hizo-fiesta-en-cuarentena\/\"><strong>Ayuntamiento de Jerez<\/strong><\/a>, ocurri\u00f3 poco despu\u00e9s de realizar su labor informativa por el hallazgo de cuerpos abandonados sobre una carretera.<\/p>\n\n\n\n<p class=\"wp-block-paragraph\"><strong>\u00bfQui\u00e9n era?<\/strong>&nbsp;Jaime laboraba en el departamento de&nbsp;<strong>Comunicaci\u00f3n Social<\/strong>&nbsp;de la presidencia municipal de Jerez y, por su cuenta, desde hace unos cuatro a\u00f1os, tambi\u00e9n operaba el portal de noticias denominado&nbsp;<strong>PrensaLibreMx.com<\/strong><\/p>\n\n\n\n<p class=\"wp-block-paragraph\"><strong>Lo que se sabe.<\/strong>&nbsp;Si bien la Fiscal\u00eda General de Justicia del Estado no ha aportado m\u00e1s detalles de la carpeta de investigaci\u00f3n, confirm\u00f3 al diario&nbsp;<strong>El Universal<\/strong>&nbsp;que el homicidio est\u00e1 vinculado con la&nbsp;<strong>delincuencia organizad<\/strong>a; de igual manera se analiza la posibilidad de que se aplique el protocolo de actuaci\u00f3n en la investigaci\u00f3n de&nbsp;<a href=\"https:\/\/politico.mx\/politileaks\/politileaks-gobierno-federal\/periodistas-de-iguala-pedir%C3%A1n-en-palacio-nacional-protecci%C3%B3n\/\"><strong>delitos cometidos contra periodistas.<\/strong><\/a><\/p>\n\n\n\n<p class=\"wp-block-paragraph\">En entrevista, el alcalde de Jerez,\u00a0<strong>Antonio Aceves<\/strong>, refiere que lo \u00faltimo que supieron es que Jaime ya iba de regreso rumbo a la presidencia para entregar su trabajo, pero desconoce en qu\u00e9 momento se detuvo a tomar unas fotograf\u00edas sobre un hecho referente a unos\u00a0<strong>cad\u00e1veres tirados<\/strong>\u00a0cerca de la carretera federal.<\/p>\n\n\n\n<p class=\"wp-block-paragraph\">Con informaci\u00f3n de El Universal\/Pol\u00edtico MX<\/p>\n","protected":false},"excerpt":{"rendered":"<p>Jaime laboraba en el departamento de Comunicaci\u00f3n Social de la presidencia municipal de Jerez y, por su cuenta, desde hace unos cuatro a\u00f1os, tambi\u00e9n operaba el portal de noticias denominado PrensaLibreMx.com<\/p>\n","protected":false},"author":3,"featured_media":29778,"comment_status":"open","ping_status":"open","sticky":false,"template":"","format":"standard","meta":{"_monsterinsights_skip_tracking":false,"footnotes":""},"categories":[691,55],"tags":[],"class_list":["post-29777","post","type-post","status-publish","format-standard","has-post-thumbnail","category-691","category-periodistas"],"_links":{"self":[{"href":"https:\/\/redsemlac.com\/semmexico\/wp-json\/wp\/v2\/posts\/29777","targetHints":{"allow":["GET"]}}],"collection":[{"href":"https:\/\/redsemlac.com\/semmexico\/wp-json\/wp\/v2\/posts"}],"about":[{"href":"https:\/\/redsemlac.com\/semmexico\/wp-json\/wp\/v2\/types\/post"}],"author":[{"embeddable":true,"href":"https:\/\/redsemlac.com\/semmexico\/wp-json\/wp\/v2\/users\/3"}],"replies":[{"embeddable":true,"href":"https:\/\/redsemlac.com\/semmexico\/wp-json\/wp\/v2\/comments?post=29777"}],"version-history":[{"count":0,"href":"https:\/\/redsemlac.com\/semmexico\/wp-json\/wp\/v2\/posts\/29777\/revisions"}],"wp:featuredmedia":[{"embeddable":true,"href":"https:\/\/redsemlac.com\/semmexico\/wp-json\/wp\/v2\/media\/29778"}],"wp:attachment":[{"href":"https:\/\/redsemlac.com\/semmexico\/wp-json\/wp\/v2\/media?parent=29777"}],"wp:term":[{"taxonomy":"category","embeddable":true,"href":"https:\/\/redsemlac.com\/semmexico\/wp-json\/wp\/v2\/categories?post=29777"},{"taxonomy":"post_tag","embeddable":true,"href":"https:\/\/redsemlac.com\/semmexico\/wp-json\/wp\/v2\/tags?post=29777"}],"curies":[{"name":"wp","href":"https:\/\/api.w.org\/{rel}","templated":true}]}}