{"id":29759,"date":"2020-12-10T18:49:45","date_gmt":"2020-12-10T18:49:45","guid":{"rendered":"https:\/\/redsemlac.com\/semmexico\/?p=29759"},"modified":"2023-07-21T16:41:06","modified_gmt":"2023-07-21T21:41:06","slug":"se-olvido-que-la-transicion-a-la-democracia-fue-bandera-de-feministas-jacqueline-peschard-mariscal","status":"publish","type":"post","link":"https:\/\/redsemlac.com\/semmexico\/se-olvido-que-la-transicion-a-la-democracia-fue-bandera-de-feministas-jacqueline-peschard-mariscal\/","title":{"rendered":"Se olvid\u00f3 que la transici\u00f3n a la democracia fue bandera de feministas: Jacqueline Peschard Mariscal"},"content":{"rendered":"\n<p class=\"wp-block-paragraph\">30 Aniversario del Instituto Nacional Electoral<\/p>\n\n\n\n<p class=\"wp-block-paragraph\">Intelectuales, ex integrantes del Consejo General advierten de un proceso de regresi\u00f3n al autoritarismo desde la presidencia de la rep\u00fablica<\/p>\n\n\n\n<p class=\"wp-block-paragraph\">Elda Montiel&nbsp;<\/p>\n\n\n\n<p class=\"wp-block-paragraph\">SemM\u00e9xico. Cd. de M\u00e9xico. 10 de diciembre 2020.- La ex consejera del ex Instituto Federal Electoral (IFE), Jacqueline Peschard Mariscal, destac\u00f3 la labor del organismo electoral para no caer en las inercias institucionales, al incluir medidas proactivas para impulsar los derechos pol\u00edticos de las mujeres y resguardarlas de la violencia pol\u00edtica. Calific\u00f3 a&nbsp;&nbsp;la instituci\u00f3n insigne de lo que fue la demanda de la sociedad mexicana.<\/p>\n\n\n\n<p class=\"wp-block-paragraph\">Precis\u00f3 que la sociedad mexicana est\u00e1 rodeada de&nbsp;&nbsp;movimientos, partidos pol\u00edticos y organizaciones feministas que desde&nbsp;&nbsp;los a\u00f1os 70, se ocuparon de la transici\u00f3n a la democracia, incluso tom\u00e1ndola&nbsp;&nbsp;como una de sus grandes banderas.&nbsp;<\/p>\n\n\n\n<p class=\"wp-block-paragraph\">Del actual Instituto Nacional Electoral INE, la polit\u00f3loga explic\u00f3 que \u201cla idea era tener una instituci\u00f3n capaz de organizar elecciones que fueran confiables a los ojos de los ciudadanos y tambi\u00e9n de las fuerzas pol\u00edticas\u201d, se\u00f1al\u00f3.<\/p>\n\n\n\n<p class=\"wp-block-paragraph\">Jacqueline Peschard Mariscal,&nbsp;&nbsp;alert\u00f3 sobre la declarada desconfianza del Presidente y los recortes presupuestales que ha tenido el INE, incluso frente a la elecci\u00f3n m\u00e1s grande de la historia contempor\u00e1nea, la del 2021.&nbsp;<\/p>\n\n\n\n<p class=\"wp-block-paragraph\">Se refiri\u00f3 a la sobrerregulaci\u00f3n con la que trabaja el INE&nbsp;&nbsp;que ha generado una carga excesiva de funciones y responsabilidades a las que habr\u00e1n de sumarse varios elementos adicionales en el contexto de la pandemia y la organizaci\u00f3n de una consulta popular sin recursos.<\/p>\n\n\n\n<p class=\"wp-block-paragraph\"><strong>Corresponde a los ciudadanos resistir los embates de los avances conquistados<\/strong><strong><\/strong><\/p>\n\n\n\n<p class=\"wp-block-paragraph\">Rosa Albina Garavito, fundadora del Partido de la Revoluci\u00f3n Democr\u00e1tica (PRD), coincidi\u00f3 en que tanto el INE como el resto de los \u00f3rganos aut\u00f3nomos enfrentan un acoso desde la presidencia en el af\u00e1n de centralizar el poder sin contrapesos, de un liderazgo unipersonal que busca la reconstrucci\u00f3n del viejo presidencialismo autoritario.<\/p>\n\n\n\n<p class=\"wp-block-paragraph\">Se\u00f1al\u00f3 que corresponde a la ciudadan\u00eda y a los movimientos y organizaciones resistir los embates en contra de los avances conquistados, ya que los cambios no dependen de una sola persona, sino de la construcci\u00f3n&nbsp;ciudadana desde abajo y con todos y todas.<\/p>\n\n\n\n<p class=\"wp-block-paragraph\">Se dijo sorprendida de que personajes que lucharon junto con ella para abrir los cauces democr\u00e1ticos, ahora est\u00e9n embelesados por un triunfo que est\u00e1 negando las conquistas. Como resultado de que se est\u00e1 apagando el pensamiento cr\u00edtico que en el pasado permiti\u00f3 una batalla cultural para alcanzar el cambio.<\/p>\n\n\n\n<p class=\"wp-block-paragraph\">En el marco del 30 aniversario del IFE-INE, se llevaron a cabo una serie de actividades para hacer un corte de caja y homenaje al esfuerzo que a lo largo de tres d\u00e9cadas logr\u00f3 concretar el proceso de transici\u00f3n hacia la democracia en M\u00e9xico.<\/p>\n\n\n\n<p class=\"wp-block-paragraph\">Ah\u00ed el Consejero Presidente, Lorenzo C\u00f3rdova Vianello, expres\u00f3 que M\u00e9xico transit\u00f3 de un r\u00e9gimen autoritario a un r\u00e9gimen en el cual el voto y las elecciones, como mecanismo detonador de los procesos democr\u00e1ticos, son efectivamente libres y justos.<\/p>\n\n\n\n<p class=\"wp-block-paragraph\">Asegur\u00f3 que: \u201cEs un proceso de varias generaciones de mexicanas y mexicanos, que no puede atribuirse ni a un solo hombre, partido o ideolog\u00eda. Es una construcci\u00f3n colectiva que sin lugar a dudas refrenda, que la transici\u00f3n a la democracia debe analizarse desde una perspectiva evolutiva y no desde una perspectiva creacionista, es decir, como si hubiera nacido de la noche a la ma\u00f1ana por un solo proceso\u201d.<\/p>\n\n\n\n<p class=\"wp-block-paragraph\">Durante su participaci\u00f3n el ex presidente del entonces IFE, Jos\u00e9 Woldenberg Karakowsky,&nbsp;&nbsp;aprovech\u00f3 la oportunidad para recordar las notas que escribi\u00f3&nbsp;&nbsp;con motivo de la elecci\u00f3n presidencial de 2018, en donde compar\u00f3 dicho momento con lo vivido hace 30 a\u00f1os, con un pa\u00eds desigual que no cab\u00eda, ni quer\u00eda hacerlo, bajo el manto de un solo partido pol\u00edtico.<\/p>\n\n\n\n<p class=\"wp-block-paragraph\">Woldenberg&nbsp;&nbsp;Karakowsky manifest\u00f3 que existe un consenso pol\u00edtico s\u00f3lido de que la \u00fanica v\u00eda legal y leg\u00edtima para arribar a los cargos de poder es por la v\u00eda electoral.<\/p>\n\n\n\n<p class=\"wp-block-paragraph\">La democracia no se limita a los comicios, ya que la otra cara aspira a por lo menos tener un poder regulado, fragmentado y vigilado, elementos que no est\u00e1n siendo ponderados por la actual administraci\u00f3n y en especial por el Presidente de la Rep\u00fablica.&nbsp;&nbsp;&nbsp;<\/p>\n\n\n\n<p class=\"wp-block-paragraph\">Advirti\u00f3 que el sistema de pesos y contrapesos horizontal comenzaba a cobrar vida, pero hoy se est\u00e1 viendo erosionado, sin asumir que los l\u00edmites del poder son una garant\u00eda para la ciudadan\u00eda.&nbsp;&nbsp;<\/p>\n\n\n\n<p class=\"wp-block-paragraph\">Tambi\u00e9n participo, en esta reuni\u00f3n,&nbsp;&nbsp;el historiador Enrique Krauze quien present\u00f3&nbsp;&nbsp;una cronolog\u00eda hist\u00f3rica con 20 puntos clave, buscando&nbsp;&nbsp;mostrar que la democracia mexicana es un proceso que inici\u00f3 desde hace tiempo y hoy hay&nbsp;&nbsp;la tentaci\u00f3n que tienen los gobiernos autoritarios, no s\u00f3lo de modificar la verdad presente, sino tambi\u00e9n la historia.<\/p>\n\n\n\n<p class=\"wp-block-paragraph\">Beatriz Paredes Rangel, diputada&nbsp;&nbsp;priista y ex gobernadora de Tlaxcala, cuestion\u00f3 el escenario pol\u00edtico actual para determinar si existe un cambio de r\u00e9gimen en marcha o una regresi\u00f3n autoritaria.<\/p>\n\n\n\n<p class=\"wp-block-paragraph\">Finalmente, el ex consejero ciudadano del IFE, Jaime C\u00e1rdenas Garc\u00eda, estim\u00f3 que la agenda pol\u00edtica de M\u00e9xico,&nbsp;&nbsp;para los pr\u00f3ximos a\u00f1os tendr\u00eda relaci\u00f3n con la revisi\u00f3n de las reglas formales, no solamente las electorales de accesos al poder, sino con todas las reglas de ejercicio del poder y las reglas de control del poder, lo que seguramente, dijo,&nbsp;&nbsp;nos conducir\u00e1 a plantearnos, en muy poco tiempo, la necesidad de un nuevo Congreso constituyente.<\/p>\n","protected":false},"excerpt":{"rendered":"<p>30 Aniversario del Instituto Nacional Electoral Intelectuales, ex integrantes del Consejo General advierten de un proceso de regresi\u00f3n al autoritarismo desde la presidencia de la rep\u00fablica Elda Montiel&nbsp; SemM\u00e9xico. Cd. de M\u00e9xico. 10 de diciembre 2020.- La ex consejera del ex Instituto Federal Electoral (IFE), Jacqueline Peschard Mariscal, destac\u00f3 la labor del organismo electoral para [&hellip;]<\/p>\n","protected":false},"author":3,"featured_media":29762,"comment_status":"open","ping_status":"open","sticky":false,"template":"","format":"standard","meta":{"_monsterinsights_skip_tracking":false,"footnotes":""},"categories":[691,51],"tags":[],"class_list":["post-29759","post","type-post","status-publish","format-standard","has-post-thumbnail","category-691","category-ejecutivo"],"_links":{"self":[{"href":"https:\/\/redsemlac.com\/semmexico\/wp-json\/wp\/v2\/posts\/29759","targetHints":{"allow":["GET"]}}],"collection":[{"href":"https:\/\/redsemlac.com\/semmexico\/wp-json\/wp\/v2\/posts"}],"about":[{"href":"https:\/\/redsemlac.com\/semmexico\/wp-json\/wp\/v2\/types\/post"}],"author":[{"embeddable":true,"href":"https:\/\/redsemlac.com\/semmexico\/wp-json\/wp\/v2\/users\/3"}],"replies":[{"embeddable":true,"href":"https:\/\/redsemlac.com\/semmexico\/wp-json\/wp\/v2\/comments?post=29759"}],"version-history":[{"count":0,"href":"https:\/\/redsemlac.com\/semmexico\/wp-json\/wp\/v2\/posts\/29759\/revisions"}],"wp:featuredmedia":[{"embeddable":true,"href":"https:\/\/redsemlac.com\/semmexico\/wp-json\/wp\/v2\/media\/29762"}],"wp:attachment":[{"href":"https:\/\/redsemlac.com\/semmexico\/wp-json\/wp\/v2\/media?parent=29759"}],"wp:term":[{"taxonomy":"category","embeddable":true,"href":"https:\/\/redsemlac.com\/semmexico\/wp-json\/wp\/v2\/categories?post=29759"},{"taxonomy":"post_tag","embeddable":true,"href":"https:\/\/redsemlac.com\/semmexico\/wp-json\/wp\/v2\/tags?post=29759"}],"curies":[{"name":"wp","href":"https:\/\/api.w.org\/{rel}","templated":true}]}}