{"id":29755,"date":"2020-12-10T18:46:40","date_gmt":"2020-12-10T18:46:40","guid":{"rendered":"https:\/\/redsemlac.com\/semmexico\/?p=29755"},"modified":"2023-07-21T16:41:06","modified_gmt":"2023-07-21T21:41:06","slug":"rotonda-de-las-personas-ilustres-sera-ampliada-para-incluir-a-mas-mujeres-olga-sanchez-cordero","status":"publish","type":"post","link":"https:\/\/redsemlac.com\/semmexico\/rotonda-de-las-personas-ilustres-sera-ampliada-para-incluir-a-mas-mujeres-olga-sanchez-cordero\/","title":{"rendered":"Rotonda de las personas ilustres ser\u00e1 ampliada para incluir a m\u00e1s mujeres, Olga S\u00e1nchez Cordero"},"content":{"rendered":"\n<p class=\"wp-block-paragraph\">Sesi\u00f3n 2020 del Consejo Consultivo acuerda resarcir la deuda hist\u00f3rica con talentosas, valientes y destacadas mujeres&nbsp;<\/p>\n\n\n\n<p class=\"wp-block-paragraph\">No dijeron a quienes, hay una lista enorme de olvidadas<\/p>\n\n\n\n<p class=\"wp-block-paragraph\">&nbsp;Lizbeth \u00c1lvarez Mart\u00ednez.&nbsp;&nbsp;<\/p>\n\n\n\n<p class=\"wp-block-paragraph\">La secretaria de Gobernaci\u00f3n, Olga S\u00e1nchez Cordero, presidi\u00f3&nbsp;&nbsp;la instalaci\u00f3n de la Sesi\u00f3n 2020 del Consejo Consultivo de la Rotonda de las Personas Ilustres, donde refrend\u00f3 que es un espacio que permite honrar a las y los personajes que, con sus vidas, forjaron el devenir hist\u00f3rico del pa\u00eds y, por ende, el presente y el porvenir, \u201ccomo todo espacio simb\u00f3lico es un lugar donde se conjuga la memoria del pasado, pero tambi\u00e9n las ilusiones del presente y los sue\u00f1os del futuro\u201d.<\/p>\n\n\n\n<p class=\"wp-block-paragraph\">Durante la sesi\u00f3n se inform\u00f3 sobre el plan para realizar una ampliaci\u00f3n al proyecto original de la Rotonda, a fin de integrar a mexicanas forjadoras de este pa\u00eds, como parte del trabajo que ha fortalecido la Subsecretar\u00eda de Desarrollo Democr\u00e1tico, Participaci\u00f3n Social y Asuntos Religiosos de la Secretar\u00eda de Gobernaci\u00f3n, a cargo de Rabindranath Salazar Sorio, con la Alcald\u00eda Miguel Hidalgo en los \u00faltimos meses.<\/p>\n\n\n\n<p class=\"wp-block-paragraph\">\u201cNo permitamos que el olvido de nuestra historia nos conduzca a la indiferencia; cuando se trate de nuestra historia y cultura luchemos con fervor inquebrantable por mantenerla, preservarla y fomentarla, que nuestras acciones permitan que de las ra\u00edces de la historia nazcan y crezcan los sue\u00f1os de las nuevas generaciones, de ah\u00ed la importancia de&nbsp;<strong>increment<\/strong>ar el n\u00famero de mujeres en la rotonda para que las ni\u00f1as de esta generaci\u00f3n y de las pr\u00f3ximas sepan que es posible llegar a este lugar casi sagrado de nuestra historia\u201d, recalc\u00f3.<\/p>\n\n\n\n<p class=\"wp-block-paragraph\">Que m\u00e1s ni\u00f1as se atrevan a ser quien quieren ser \u2013expres\u00f3- y para ello es necesario que honremos y les mostremos que m\u00e1s mujeres lo han podido lograr y que les recuerden que ellas son capaces de hacerlo todo.<\/p>\n\n\n\n<p class=\"wp-block-paragraph\">Agreg\u00f3 que para lograr estos objetivos se necesita ampliar el proyecto original y, por ende, \u201cla correspondiente firma del acuerdo que permita resarcir la deuda hist\u00f3rica, con las talentosas, valientes y destacadas mujeres que, desde los inicios de la patria y a pesar de las condiciones de inequidad que en su momento enfrentaron, han sido forjadoras incansables del M\u00e9xico nuestro, del Estado mexicano y han impulsado el cambio que nos acerca a la igualdad sustantiva\u201d.<\/p>\n\n\n\n<p class=\"wp-block-paragraph\">En el gobierno encabezado por el presidente Andr\u00e9s Manuel L\u00f3pez Obrador, dijo,&nbsp;&nbsp;creemos que estas obras tienen un incalculable valor p\u00fablico e institucional, por eso fomentamos la construcci\u00f3n, protecci\u00f3n y preservaci\u00f3n del monumento, como el que hoy en la ma\u00f1ana le inform\u00e9 al presidente que fue terminado, es decir, el monumento en honor a Arnoldo Mart\u00ednez Verdugo, el \u00faltimo dirigente del extinto Partido Comunista Mexicano.<\/p>\n\n\n\n<p class=\"wp-block-paragraph\">\u201cLas transformaciones hist\u00f3ricas de M\u00e9xico, entre las que se encuentra \u00e9sta y estamos viviendo y que encabeza el presidente, se nutren de la memoria de hombres y de mujeres valientes que escribieron con su vida la historia de esta gran naci\u00f3n. La memoria es el combustible para saber qui\u00e9nes somos, para afrontar con orgullo y dignidad la gran encomienda que tenemos todas y todos los mexicanos, de lograr esta Cuarta Transformaci\u00f3n\u201d, manifest\u00f3.<\/p>\n\n\n\n<p class=\"wp-block-paragraph\">COTEXTO<\/p>\n\n\n\n<p class=\"wp-block-paragraph\">En la rotonda est\u00e1n mujeres como Rosario Castellanos, pero faltan muchas revolucionarias como Dolores Jim\u00e9nez y Muro; personajes como Adelina Zendejas o artistas como Mar\u00eda Izquierdo. Y un interminable n\u00famero de cient\u00edficas, luchadoras sociales y contribuyentes a la vida p\u00fablica y cultural de M\u00e9xico en los \u00faltimos dos siglos. El requisito para ir a la Rotonda es que se trate de una persona que ya muri\u00f3.<\/p>\n","protected":false},"excerpt":{"rendered":"<p>Sesi\u00f3n 2020 del Consejo Consultivo acuerda resarcir la deuda hist\u00f3rica con talentosas, valientes y destacadas mujeres&nbsp; No dijeron a quienes, hay una lista enorme de olvidadas &nbsp;Lizbeth \u00c1lvarez Mart\u00ednez.&nbsp;&nbsp; La secretaria de Gobernaci\u00f3n, Olga S\u00e1nchez Cordero, presidi\u00f3&nbsp;&nbsp;la instalaci\u00f3n de la Sesi\u00f3n 2020 del Consejo Consultivo de la Rotonda de las Personas Ilustres, donde refrend\u00f3 que [&hellip;]<\/p>\n","protected":false},"author":3,"featured_media":29756,"comment_status":"open","ping_status":"open","sticky":false,"template":"","format":"standard","meta":{"_monsterinsights_skip_tracking":false,"footnotes":""},"categories":[691,51],"tags":[],"class_list":["post-29755","post","type-post","status-publish","format-standard","has-post-thumbnail","category-691","category-ejecutivo"],"_links":{"self":[{"href":"https:\/\/redsemlac.com\/semmexico\/wp-json\/wp\/v2\/posts\/29755","targetHints":{"allow":["GET"]}}],"collection":[{"href":"https:\/\/redsemlac.com\/semmexico\/wp-json\/wp\/v2\/posts"}],"about":[{"href":"https:\/\/redsemlac.com\/semmexico\/wp-json\/wp\/v2\/types\/post"}],"author":[{"embeddable":true,"href":"https:\/\/redsemlac.com\/semmexico\/wp-json\/wp\/v2\/users\/3"}],"replies":[{"embeddable":true,"href":"https:\/\/redsemlac.com\/semmexico\/wp-json\/wp\/v2\/comments?post=29755"}],"version-history":[{"count":0,"href":"https:\/\/redsemlac.com\/semmexico\/wp-json\/wp\/v2\/posts\/29755\/revisions"}],"wp:featuredmedia":[{"embeddable":true,"href":"https:\/\/redsemlac.com\/semmexico\/wp-json\/wp\/v2\/media\/29756"}],"wp:attachment":[{"href":"https:\/\/redsemlac.com\/semmexico\/wp-json\/wp\/v2\/media?parent=29755"}],"wp:term":[{"taxonomy":"category","embeddable":true,"href":"https:\/\/redsemlac.com\/semmexico\/wp-json\/wp\/v2\/categories?post=29755"},{"taxonomy":"post_tag","embeddable":true,"href":"https:\/\/redsemlac.com\/semmexico\/wp-json\/wp\/v2\/tags?post=29755"}],"curies":[{"name":"wp","href":"https:\/\/api.w.org\/{rel}","templated":true}]}}