{"id":29735,"date":"2020-12-10T18:22:06","date_gmt":"2020-12-10T18:22:06","guid":{"rendered":"https:\/\/redsemlac.com\/semmexico\/?p=29735"},"modified":"2023-07-21T16:41:07","modified_gmt":"2023-07-21T21:41:07","slug":"anuncian-construccion-de-un-cejum-en-playa-del-carmen","status":"publish","type":"post","link":"https:\/\/redsemlac.com\/semmexico\/anuncian-construccion-de-un-cejum-en-playa-del-carmen\/","title":{"rendered":"Anuncian construcci\u00f3n de un Cejum en Playa del Carmen"},"content":{"rendered":"\n<p class=\"wp-block-paragraph\">* Fiscal de Quintana Roo apunta que no son omisos a la violencia contra las mujeres<\/p>\n\n\n\n<p class=\"wp-block-paragraph\">* Anuncia acciones de prevenci\u00f3n y considera necesario conocer el origen de la violencia feminicida<\/p>\n\n\n\n<p class=\"wp-block-paragraph\">\u00c1ngeles G\u00f3mez<\/p>\n\n\n\n<p class=\"wp-block-paragraph\">SemM\u00e9xico, Playa del Carmen, QR, 10 de diciembre, 2020.- Al anunciar la construcci\u00f3n del Centro de Justicia para Mujeres en este municipio, el fiscal de la entidad Oscar Montes de Oca, dijo que la dependencia no ser\u00e1 omisa en los casos de violencia feminicida y asegur\u00f3 que ir\u00e1n m\u00e1s all\u00e1 de su funci\u00f3n al involucrarse en tareas de prevenci\u00f3n.<\/p>\n\n\n\n<p class=\"wp-block-paragraph\">Si no conocemos la g\u00e9nesis del problema no podremos avanzar en la soluci\u00f3n, agreg\u00f3 al anunciar que se fortalecer\u00e1n las unidades de an\u00e1lisis de contexto que permitan identificar los patrones generadores de violencia contra las mujeres y acciones en distintas disciplinas de forma coordinada con los tres niveles de gobierno: municipal, estatal y federal.<\/p>\n\n\n\n<p class=\"wp-block-paragraph\">Montes de Oca apunt\u00f3 que su prioridad es atender el universo de denuncias por diferentes violencias que se cometen contra las mujeres, una acci\u00f3n que se comprometi\u00f3 a realizar en menos tiempo de espera para las v\u00edctimas, con atenci\u00f3n de calidad, para que puedan reincorporarse a sus proyectos de vida en forma m\u00e1s r\u00e1pida.<\/p>\n\n\n\n<p class=\"wp-block-paragraph\">En entrevista, el fiscal general de Quintana Roo reconoci\u00f3 que la violencia contra las mujeres es reconocida como una violaci\u00f3n a los derechos humanos de las mujeres, es grave, extendida y arraigada en todo el mundo, derivado a patrones culturales, tradiciones y hasta educativos, que deben ser erradicadas de la cotidianidad y que se ejercen en la familia, la escuela y el trabajo, fundamentalmente.<\/p>\n\n\n\n<p class=\"wp-block-paragraph\">Necesitamos un cambio, generar una cultura de la igualdad real y en ello es fundamental erradicar la violencia.<\/p>\n\n\n\n<p class=\"wp-block-paragraph\">Dijo que este a\u00f1o se evidenci\u00f3, en todo el mundo, la violencia familiar derivado del confinamiento sanitario por la pandemia de Covid 19, de ah\u00ed la urgencia de visibilizar lo que est\u00e1 pasando, pero sobre todo de prevenir y atender la violencia con pol\u00edticas p\u00fabicas que permitan la atenci\u00f3n, detecci\u00f3n y erradicaci\u00f3n, eso se lograr\u00e1 solo mediante la suma de esfuerzos.<\/p>\n\n\n\n<p class=\"wp-block-paragraph\">Uno de ellos, resalt\u00f3 es contar con mayor infraestructura, como la construcci\u00f3n del nuevo Centro de Justicia para Mujeres, mejor equipo para responder y el compromiso de trabajo que favorezcan el derecho de las mujeres a vivir libres de violencia.<\/p>\n\n\n\n<p class=\"wp-block-paragraph\">Record\u00f3 que hace 10 a\u00f1os, la&nbsp;Comisi\u00f3n Nacional para Prevenir y Erradicar la Violencia contra las Mujeres (Conavim) puso en marcha esta estrategia que calific\u00f3 como exitosa y que ha permitido atender, incluso, recomendaciones internacionales hechas al Estado Mexicano, mediante una metodolog\u00eda propia de atenci\u00f3n y el dise\u00f1o de una infraestructura donde las v\u00edctimas son atendidas por diversas dependencias en un mismo lugar, pero, sobre todo, sin ser revictimizadas.<\/p>\n\n\n\n<p class=\"wp-block-paragraph\">Tambi\u00e9n destac\u00f3 que desde que la Secretar\u00eda de Gobernaci\u00f3n del gobierno federal emiti\u00f3 en 2015 la Alerta de Violencia de G\u00e9nero contra las Mujeres, la Fiscal\u00eda ha realizado cambios estructurales que incluyeron la actualizaci\u00f3n de la normativa, administrativa, organizacional y sustantiva que favorece la coordinaci\u00f3n institucional y aumentar el n\u00famero de atenciones brindadas por un equipo multidisciplinario y el n\u00famero de carpetas de investigaci\u00f3n de delitos cometidos contra las mujeres por razones de g\u00e9nero.<\/p>\n\n\n\n<p class=\"wp-block-paragraph\">SEM\/ag<\/p>\n","protected":false},"excerpt":{"rendered":"<p>* Fiscal de Quintana Roo apunta que no son omisos a la violencia contra las mujeres * Anuncia acciones de prevenci\u00f3n y considera necesario conocer el origen de la violencia feminicida \u00c1ngeles G\u00f3mez SemM\u00e9xico, Playa del Carmen, QR, 10 de diciembre, 2020.- Al anunciar la construcci\u00f3n del Centro de Justicia para Mujeres en este municipio, [&hellip;]<\/p>\n","protected":false},"author":3,"featured_media":29736,"comment_status":"open","ping_status":"open","sticky":false,"template":"","format":"standard","meta":{"_monsterinsights_skip_tracking":false,"footnotes":""},"categories":[691,51],"tags":[],"class_list":["post-29735","post","type-post","status-publish","format-standard","has-post-thumbnail","category-691","category-ejecutivo"],"_links":{"self":[{"href":"https:\/\/redsemlac.com\/semmexico\/wp-json\/wp\/v2\/posts\/29735","targetHints":{"allow":["GET"]}}],"collection":[{"href":"https:\/\/redsemlac.com\/semmexico\/wp-json\/wp\/v2\/posts"}],"about":[{"href":"https:\/\/redsemlac.com\/semmexico\/wp-json\/wp\/v2\/types\/post"}],"author":[{"embeddable":true,"href":"https:\/\/redsemlac.com\/semmexico\/wp-json\/wp\/v2\/users\/3"}],"replies":[{"embeddable":true,"href":"https:\/\/redsemlac.com\/semmexico\/wp-json\/wp\/v2\/comments?post=29735"}],"version-history":[{"count":0,"href":"https:\/\/redsemlac.com\/semmexico\/wp-json\/wp\/v2\/posts\/29735\/revisions"}],"wp:featuredmedia":[{"embeddable":true,"href":"https:\/\/redsemlac.com\/semmexico\/wp-json\/wp\/v2\/media\/29736"}],"wp:attachment":[{"href":"https:\/\/redsemlac.com\/semmexico\/wp-json\/wp\/v2\/media?parent=29735"}],"wp:term":[{"taxonomy":"category","embeddable":true,"href":"https:\/\/redsemlac.com\/semmexico\/wp-json\/wp\/v2\/categories?post=29735"},{"taxonomy":"post_tag","embeddable":true,"href":"https:\/\/redsemlac.com\/semmexico\/wp-json\/wp\/v2\/tags?post=29735"}],"curies":[{"name":"wp","href":"https:\/\/api.w.org\/{rel}","templated":true}]}}