{"id":29731,"date":"2020-12-10T18:18:47","date_gmt":"2020-12-10T18:18:47","guid":{"rendered":"https:\/\/redsemlac.com\/semmexico\/?p=29731"},"modified":"2023-07-21T16:41:07","modified_gmt":"2023-07-21T21:41:07","slug":"comunidades-virtuales-enredando-el-activismo","status":"publish","type":"post","link":"https:\/\/redsemlac.com\/semmexico\/comunidades-virtuales-enredando-el-activismo\/","title":{"rendered":"Comunidades virtuales: enredando el activismo"},"content":{"rendered":"\n<h2 class=\"wp-block-heading\">D\u00eda 16 #16D\u00edasDeAcci\u00f3n<\/h2>\n\n\n\n<p class=\"wp-block-paragraph\"><strong>Por Dixie Edith\u00a0<\/strong><\/p>\n\n\n\n<p class=\"wp-block-paragraph\">SemM\u00e9xico\/SemLac. 10 de diciembre 2020.- Las plataformas digitales se han convertido en herramienta para promover la equidad de g\u00e9nero y combatir la violencia contra las mujeres, debido al enorme potencial democratizador de las Tecnolog\u00edas de la Informaci\u00f3n y las Comunicaciones \u2013las conocidas TICs-, por su capacidad de facilitar el establecimiento de redes y tambi\u00e9n el acceso a la informaci\u00f3n.<\/p>\n\n\n\n<p class=\"wp-block-paragraph\">La psic\u00f3loga Juliette Ortiz G\u00f3mez, profesora de la Facultad de Psicolog\u00eda de la Universidad de La Habana, considera que una de las virtudes de estos escenarios es la posibilidad de articular a personas que no tienen que estar juntas f\u00edsicamente, lo cual abre una enorme posibilidad de participaci\u00f3n.<\/p>\n\n\n\n<div class=\"wp-block-image\"><figure class=\"alignleft size-large is-resized\"><img loading=\"lazy\" decoding=\"async\" src=\"https:\/\/redsemlac.com\/semmexico\/wp-content\/uploads\/2020\/12\/Captura-de-Pantalla-2020-12-10-a-las-12.21.20.png\" alt=\"\" class=\"wp-image-29732\" width=\"222\" height=\"332\"\/><\/figure><\/div>\n\n\n\n<p class=\"wp-block-paragraph\"><strong>\u00bfConsideras el espacio virtual y las redes sociales como espacios para el activismo y la articulaci\u00f3n?<\/strong><\/p>\n\n\n\n<p class=\"wp-block-paragraph\">El espacio virtual y las redes sociales pueden concebirse como escenarios para el activismo y la articulaci\u00f3n. Hay campa\u00f1as digitales que se pueden pensar y desarrollar y, de hecho, en muchos pa\u00edses se hace. Por ejemplo, ac\u00e1 con la campa\u00f1a Evoluciona tambi\u00e9n. Creo que son espacios que se pueden aprovechar porque se consumen mucho y por una gran cantidad de personas. Se puede llegar, entonces, a diferentes p\u00fablicos por v\u00edas novedosas, diferentes, con mensajes atractivos que logren sensibilizar en el tema de la violencia contra las mujeres para mostrar y visibilizar a\u00fan m\u00e1s esta problem\u00e1tica.<\/p>\n\n\n\n<p class=\"wp-block-paragraph\"><strong>\u00bfC\u00f3mo articular a grupos de j\u00f3venes y adolescentes para trabajar de manera virtual en la prevenci\u00f3n de las violencias de g\u00e9nero?\u00a0<\/strong><\/p>\n\n\n\n<p class=\"wp-block-paragraph\">Creo que un espacio como el Campamento Juvenil, organizado por el Centro de Estudios Sobre la Juventud (CESJ), con la colaboraci\u00f3n de las oficinas cubana y regional del UNFPA, Fondo de Poblaci\u00f3n de las Naciones Unidas, y el apoyo de Oxfam, es un buen ejemplo de c\u00f3mo se puede articular a j\u00f3venes y adolescentes. Esta edici\u00f3n se hizo totalmente virtual y se buscaron maneras atractivas de organizar las sesiones. Se debe pensar en espacios para compartir, reflexionar y hablar de las vivencias, de las experiencias y tambi\u00e9n para trabajar desde la teor\u00eda. Porque si te\u00f3ricamente no tenemos claridad en el tema de la violencia contra las mujeres, pues continuamos invisibilizando el fen\u00f3meno.<\/p>\n\n\n\n<p class=\"wp-block-paragraph\"><strong>\u00bfCu\u00e1les son las fortalezas y desaf\u00edos de las comunidades virtuales en este camino?<\/strong><\/p>\n\n\n\n<p class=\"wp-block-paragraph\">Una de las fortalezas es la posibilidad que brinda el espacio virtual para incidir en m\u00e1s personas, tambi\u00e9n teniendo en cuenta diferenciar nuestros dise\u00f1os seg\u00fan a qui\u00e9nes nos vamos a dirigir. El uso de las redes sociales para generar tendencias, por ejemplo, es otra de las fortalezas, pero que tambi\u00e9n conlleva un trabajo sistem\u00e1tico, de monitoreo, bien dise\u00f1ado; no se trata de usar las redes por usarlas. Son problemas muy sensibles y su abordaje sigue trayendo mucha resistencia.<\/p>\n\n\n\n<p class=\"wp-block-paragraph\">Hay varios desaf\u00edos en este camino, como la conectividad, tanto en la calidad como en la posibilidad de acceso, pues todas las personas no cuentan con un tel\u00e9fono o laptop que les permita conectarse, o con una computadora con acceso a Internet. Todas las personas no tienen igual acceso a los paquetes de datos, por ejemplo. Tambi\u00e9n est\u00e1 el hecho de que algunas aplicaciones est\u00e1n bloqueadas en nuestro pa\u00eds y otras requieren de mucha capacidad de conexi\u00f3n y resultan costosas. No dominar o conocer poco el funcionamiento de las tecnolog\u00edas de la informaci\u00f3n y las comunicaciones puede ser otro desaf\u00edo.<\/p>\n\n\n\n<p class=\"wp-block-paragraph\"><strong>\u00bfConsideras que hay un camino iniciado? \u00bfQu\u00e9 faltar\u00eda?<\/strong><\/p>\n\n\n\n<p class=\"wp-block-paragraph\">Creo que nos estamos abriendo paso; hay campa\u00f1as, datos, informaciones, investigaciones a disposici\u00f3n, etc\u00e9tera. Pero falta seguirnos preparando, tanto en el uso de las TICs con todos los beneficios que eso puede traer, como en el tema espec\u00edfico de c\u00f3mo prevenir las violencias de g\u00e9nero. Si no entendemos que este es un tipo de violencia particular, que tiene or\u00edgenes estructurales, que tiene apoyo en una cultura patriarcal, pues realmente no podemos visibilizar el fen\u00f3meno, sensibilizar a las personas y sumarlas a la lucha por lograr la equidad e igualdad de g\u00e9nero.<\/p>\n","protected":false},"excerpt":{"rendered":"<p>D\u00eda 16 #16D\u00edasDeAcci\u00f3n Por Dixie Edith\u00a0 SemM\u00e9xico\/SemLac. 10 de diciembre 2020.- Las plataformas digitales se han convertido en herramienta para promover la equidad de g\u00e9nero y combatir la violencia contra las mujeres, debido al enorme potencial democratizador de las Tecnolog\u00edas de la Informaci\u00f3n y las Comunicaciones \u2013las conocidas TICs-, por su capacidad de facilitar el [&hellip;]<\/p>\n","protected":false},"author":3,"featured_media":29733,"comment_status":"open","ping_status":"open","sticky":false,"template":"","format":"standard","meta":{"_monsterinsights_skip_tracking":false,"footnotes":""},"categories":[200,691],"tags":[],"class_list":["post-29731","post","type-post","status-publish","format-standard","has-post-thumbnail","category-16-dias-de-activismo-para-saber","category-691"],"_links":{"self":[{"href":"https:\/\/redsemlac.com\/semmexico\/wp-json\/wp\/v2\/posts\/29731","targetHints":{"allow":["GET"]}}],"collection":[{"href":"https:\/\/redsemlac.com\/semmexico\/wp-json\/wp\/v2\/posts"}],"about":[{"href":"https:\/\/redsemlac.com\/semmexico\/wp-json\/wp\/v2\/types\/post"}],"author":[{"embeddable":true,"href":"https:\/\/redsemlac.com\/semmexico\/wp-json\/wp\/v2\/users\/3"}],"replies":[{"embeddable":true,"href":"https:\/\/redsemlac.com\/semmexico\/wp-json\/wp\/v2\/comments?post=29731"}],"version-history":[{"count":0,"href":"https:\/\/redsemlac.com\/semmexico\/wp-json\/wp\/v2\/posts\/29731\/revisions"}],"wp:featuredmedia":[{"embeddable":true,"href":"https:\/\/redsemlac.com\/semmexico\/wp-json\/wp\/v2\/media\/29733"}],"wp:attachment":[{"href":"https:\/\/redsemlac.com\/semmexico\/wp-json\/wp\/v2\/media?parent=29731"}],"wp:term":[{"taxonomy":"category","embeddable":true,"href":"https:\/\/redsemlac.com\/semmexico\/wp-json\/wp\/v2\/categories?post=29731"},{"taxonomy":"post_tag","embeddable":true,"href":"https:\/\/redsemlac.com\/semmexico\/wp-json\/wp\/v2\/tags?post=29731"}],"curies":[{"name":"wp","href":"https:\/\/api.w.org\/{rel}","templated":true}]}}