{"id":29720,"date":"2020-12-09T21:54:05","date_gmt":"2020-12-09T21:54:05","guid":{"rendered":"https:\/\/redsemlac.com\/semmexico\/?p=29720"},"modified":"2023-07-21T16:41:08","modified_gmt":"2023-07-21T21:41:08","slug":"amnistia-identifica-ocho-violaciones-de-derechos-humanos-agravadas-por-la-covid-19","status":"publish","type":"post","link":"https:\/\/redsemlac.com\/semmexico\/amnistia-identifica-ocho-violaciones-de-derechos-humanos-agravadas-por-la-covid-19\/","title":{"rendered":"Amnist\u00eda identifica ocho violaciones de derechos humanos agravadas por la COVID-19"},"content":{"rendered":"\n<ul class=\"wp-block-list\"><li><strong>10 de diciembre, D\u00eda Internacional de los Derechos Humanos<\/strong>.<\/li><\/ul>\n\n\n\n<p class=\"wp-block-paragraph\"><strong>Redacci\u00f3n<\/strong><\/p>\n\n\n\n<p class=\"wp-block-paragraph\">SemM\u00e9xico\/Periodistas en Espa\u00f1ol. 09 de diciembre 2020.- En el D\u00eda Internacional de los Derechos Humanos, Amnist\u00eda Internacional ha analizado la acci\u00f3n de diferentes Gobiernos del mundo desde el inicio de la pandemia de COVID-19 a principios de 2020 y ha identificado que se han agravado al menos ocho violaciones de derechos humanos.<\/p>\n\n\n\n<p class=\"wp-block-paragraph\">\u00abLos Gobiernos del mundo han reaccionado a la crisis del coronavirus decretando estados de alarma, leyes de emergencia y tomando medidas excepcionales que restringen la libertad de circulaci\u00f3n, asociaci\u00f3n, expresi\u00f3n y reuni\u00f3n p\u00fablica, as\u00ed como el derecho a la vida privada y familiar y el derecho a trabajar. Aunque algunas medidas de emergencia est\u00e1n justificadas, lamentablemente muchos Gobiernos han ido mucho m\u00e1s all\u00e1 y han aprovechado la pandemia como pretexto para discriminar, reprimir o censurar a las voces cr\u00edticas de sus sociedades, violar los derechos de las mujeres, discriminar a la poblaci\u00f3n lgbti o dejar en la estacada a migrantes y solicitantes de asilo\u00bb, asegura&nbsp;<strong>Esteban Beltr\u00e1n<\/strong>, director de Amnist\u00eda Internacional Espa\u00f1a.<\/p>\n\n\n\n<p class=\"wp-block-paragraph\">Agrega que \u00abfrente a esta situaci\u00f3n, la movilizaci\u00f3n ciudadana y la protesta son armas clave para que nuestras sociedades sean m\u00e1s justas y libres y corregir la deriva de los Gobiernos. En Estados Unidos, en Chile, en Per\u00fa, en Argentina, en Guatemala, en Nigeria, en Costa de Marfil, en Argelia, en Bielorrusia, en Francia, en Polonia, en Hong Kong y en muchos otros lugares del mundo la gente ha salido a la calle a protestar y a defenderse frente a los abusos\u00bb.<\/p>\n\n\n\n<p class=\"wp-block-paragraph\">Y concluye que \u00abalgunos Gobiernos consideran que los derechos humanos son un estorbo, pero muy al contrario son los mejores aliados para salir de esta crisis con humanidad, es decir, respetando la dignidad de todas las personas independientemente de su situaci\u00f3n, y su derecho a no ser discriminadas, a protestar aunque no sea del agrado de su Gobierno, a la libertad y a la seguridad. Tambi\u00e9n la gu\u00eda de los derechos humanos nos har\u00e1 salir en mejores condiciones de esta crisis sanitaria si fortalecemos los sistemas nacionales de salud o el acceso a la vacuna a los sectores mas vulnerables de la sociedad\u00bb.<\/p>\n\n\n\n<p class=\"wp-block-paragraph\">Estas son ocho de las violaciones de derechos humanos que seg\u00fan Amnist\u00eda se han visto agravadas durante la pandemia.<\/p>\n\n\n\n<h3 class=\"wp-block-heading\">1. Defensores y defensoras en el punto de mira<\/h3>\n\n\n\n<p class=\"wp-block-paragraph\">La COVID-19 ha sido un castigo a\u00f1adido para los defensores y defensoras de los derechos humanos que est\u00e1n injustamente encarcelados, y tambi\u00e9n se ha utilizado como pretexto para cometer nuevos actos de hostigamiento, persecuci\u00f3n e incluso homicidio contra ellos. La organizaci\u00f3n denuncia la hipocres\u00eda de los Gobiernos que, como en el caso de Egipto, India, Ir\u00e1n y Turqu\u00eda, han dejado a presos y presas de conciencia consumirse en condiciones atroces al mismo tiempo que publicitaban ampliamente los programas de excarcelaci\u00f3n.<\/p>\n\n\n\n<p class=\"wp-block-paragraph\">Las medidas de confinamiento que restringen la circulaci\u00f3n tambi\u00e9n han puesto en peligro a muchos defensores y defensoras de los derechos humanos, convirti\u00e9ndolos en blanco f\u00e1cil de quienes quieren silenciarlos. En Colombia, por ejemplo, se han reducido las medidas de protecci\u00f3n policial. En lugar de hacer sitio a los defensores y defensoras de los derechos humanos para que apoyen sus esfuerzos dirigidos a abordar la pandemia y a prepararse para una recuperaci\u00f3n justa, los Estados est\u00e1n tomando medidas contraproducentes para silenciar a las personas consideradas opositoras.<\/p>\n\n\n\n<h3 class=\"wp-block-heading\">2. Leyes y acciones discriminatorias<\/h3>\n\n\n\n<p class=\"wp-block-paragraph\">Los Gobiernos de Europa Oriental y Asia Central han respondido a la pandemia de COVID-19 con medidas represivas y abusivas. Los Gobiernos \u2014desde las autoridades de Kazajist\u00e1n soldando puertas para dejar a residentes atrapados dentro de las viviendas hasta la polic\u00eda chechena agrediendo a personas por no llevar mascarilla\u2014 han visto en la pandemia un pase gratuito para pisotear los derechos humanos.<\/p>\n\n\n\n<p class=\"wp-block-paragraph\">La aplicaci\u00f3n policial de las medidas de confinamiento por la COVID-19 en toda Europa ha afectado desproporcionadamente a las minor\u00edas \u00e9tnicas y los grupos marginados, que han sufrido actos de violencia, controles de identidad discriminatorios, cuarentenas forzosas y multas.<\/p>\n\n\n\n<p class=\"wp-block-paragraph\">La violencia policial y la preocupaci\u00f3n por el racismo institucional no son cuestiones nuevas, pero la pandemia de COVID-19 y la aplicaci\u00f3n coercitiva de las consiguientes medidas de confinamiento han sacado a la luz su grado de extensi\u00f3n.<\/p>\n\n\n\n<p class=\"wp-block-paragraph\">En Reino Unido, uno de los pocos pa\u00edses europeos en los que se recopilan datos desglosados \u00e9tnicamente sobre la aplicaci\u00f3n de la ley, la polic\u00eda de Londres registr\u00f3 entre marzo y abril de 2020 un incremento del 22 por ciento en las operaciones de dar el alto y registrar. En ese periodo, el porcentaje de poblaci\u00f3n negra que fue sometida a operaciones de registro aument\u00f3 aproximadamente un 33 por ciento.<\/p>\n\n\n\n<p class=\"wp-block-paragraph\">Por otra parte, en Sena-Saint-Denis, la zona m\u00e1s empobrecida de Francia continental y habitada mayoritariamente por personas negras o de origen norteafricano, el n\u00famero de multas por incumplir el confinamiento triplic\u00f3 el del resto del pa\u00eds, pese a que las autoridades locales manifestaron que las medidas de confinamiento se hab\u00edan respetado all\u00ed igual que en otras zonas. En Niza, un barrio mayoritariamente habitado por personas de clase obrera y etnias minoritarias se vio sometido a toques de queda nocturnos m\u00e1s prolongados que el resto de la ciudad.<\/p>\n\n\n\n<p class=\"wp-block-paragraph\">En una demostraci\u00f3n de discriminaci\u00f3n contra la poblaci\u00f3n roman\u00ed de Bulgaria y Eslovaquia, los gobiernos de estos dos pa\u00edses declararon cuarentenas obligatorias en los asentamientos roman\u00edes. En Eslovaquia, adem\u00e1s, las autoridades encargaron a las fuerzas armadas que las hicieran cumplir.<\/p>\n\n\n\n<p class=\"wp-block-paragraph\">En Marruecos, las autoridades han utilizado una defectuosa ley de emergencia sanitaria para procesar a activistas de derechos humanos, periodistas ciudadanos y otras personas por criticar pac\u00edficamente la gesti\u00f3n gubernamental de la crisis de la COVID-19.<\/p>\n\n\n\n<p class=\"wp-block-paragraph\">En varios pa\u00edses americanos, Amnist\u00edaInternacional ha denunciado el uso de la detenci\u00f3n como primera medida para hacer cumplir el confinamiento y no como \u00faltimo recurso, as\u00ed como el uso de fuerza innecesaria y excesiva y la imposici\u00f3n de cuarentenas en condiciones inhumanas. En Puerto Rico, M\u00e9xico y Rep\u00fablica Dominicana la polic\u00eda ha detenido a personas que se dirig\u00edan a comprar alimentos y otros art\u00edculos b\u00e1sicos.<\/p>\n\n\n\n<h3 class=\"wp-block-heading\">3. El personal sanitario que nos cuida, amenazado<\/h3>\n\n\n\n<p class=\"wp-block-paragraph\">En el mundo, con datos de septiembre, ya hab\u00edan muerto al menos siete mil profesionales de la salud tras contraer la COVID-19. Solamente en M\u00e9xico hab\u00eda entonces al menos 1320 fallecimientos confirmados: la cifra m\u00e1s alta para un solo pa\u00eds. Tambi\u00e9n se ha registrado un n\u00famero elevado de muertes de personal sanitario en Estados Unidos (1077) y Brasil (634), donde las tasas de infecci\u00f3n y muerte han sido altas durante toda la pandemia, as\u00ed como cifras alarmantes en Sud\u00e1frica (240) e India (573), donde las tasas de infecci\u00f3n se han disparado en los \u00faltimos meses.<\/p>\n\n\n\n<p class=\"wp-block-paragraph\">La muerte de al menos siete mil personas mientras trataban de salvar a otras personas es una crisis de proporciones enormes. Cada profesional sanitario tiene derecho a unas condiciones de trabajo seguras y es un esc\u00e1ndalo que tantos y tantas est\u00e9n sacrificando su vida. Los casos de Venezuela y Siria son exponentes dram\u00e1ticos de esta situaci\u00f3n.<\/p>\n\n\n\n<p class=\"wp-block-paragraph\">En Espa\u00f1a, la&nbsp;<a href=\"https:\/\/aqui.madrid\/tag\/salud\/\" target=\"_blank\" rel=\"noreferrer noopener\">degradaci\u00f3n del servicio de Atenci\u00f3n Primaria<\/a>, ya deteriorado como consecuencia de las pol\u00edticas de austeridad que marginaron de manera especial a este servicio en la \u00faltima d\u00e9cada, ha llegado en lugares como Madrid a unos niveles tan preocupantes que provocan un riesgo en el derecho al acceso la salud en la Comunidad.<\/p>\n\n\n\n<p class=\"wp-block-paragraph\">Tambi\u00e9n, la organizaci\u00f3n ha documentado c\u00f3mo la inmensa mayor\u00eda de personas mayores que viv\u00edan en residencias de Madrid y Catalu\u00f1a no fueron atendidas adecuadamente, ni derivadas a hospitales cuando lo precisaban, se vieron aisladas en sus habitaciones, a veces durante semanas, sin contacto con sus familiares y algunas ni siquiera pudieron morir dignamente durante los primeros meses de la pandemia de COVID-19.<\/p>\n\n\n\n<p class=\"wp-block-paragraph\">Algunas de estas violaciones de derechos humanos siguen vigentes hoy.<\/p>\n\n\n\n<h3 class=\"wp-block-heading\">4. Libertad de expresi\u00f3n reprimida<\/h3>\n\n\n\n<p class=\"wp-block-paragraph\">La ofensiva emprendida contra periodistas y otras personas que critican el modo en que sus Gobiernos gestionan la COVID-19 ha dificultado los esfuerzos para hacer frente al coronavirus. La organizaci\u00f3n ha advertido de que la censura de informaci\u00f3n esencial sobre la pandemia se ha convertido en un fen\u00f3meno mundial y ha instado a los Gobiernos a contener su egolatr\u00eda y dar prioridad a la salud p\u00fablica.<\/p>\n\n\n\n<p class=\"wp-block-paragraph\">Desde los primeros d\u00edas de esta pandemia, cuando las autoridades chinas censuraron la informaci\u00f3n de los medios de comunicaci\u00f3n y sancionaron a quienes lo denunciaban, periodistas de todo el mundo han puesto en peligro su vida, su libertad y su puesto de trabajo para hacer llegar a la opini\u00f3n p\u00fablica informaci\u00f3n que pod\u00eda salvar vidas.<\/p>\n\n\n\n<p class=\"wp-block-paragraph\">En Turqu\u00eda, uno de los pa\u00edses que m\u00e1s encarcela a periodistas, quienes ejercen esta profesi\u00f3n han sido objeto de investigaciones penales y detenciones por informar, o incluso tuitear, sobre la COVID-19.<\/p>\n\n\n\n<p class=\"wp-block-paragraph\">Obligadas a pasar de un encierro a otro, las pol\u00edticas gubernamentales de India durante la pandemia COVID-19, entre las que se cuentan la falta de acceso a Internet, han marginado a\u00fan m\u00e1s a la poblaci\u00f3n de Jammu y Cachemira y han afectado gravemente a su acceso a la salud y a la justicia.<\/p>\n\n\n\n<p class=\"wp-block-paragraph\">Los pa\u00edses del Consejo de Cooperaci\u00f3n para los Estados \u00c1rabes del Golfo P\u00e9rsico \u2014y concretamente Arabia Saud\u00ed, Bahr\u00e9in, Emiratos \u00c1rabes Unidos Kuwait y Om\u00e1n\u2014 est\u00e1n usando la pandemia de COVID-19 como pretexto para seguir aplicando restricciones al derecho a la libertad de expresi\u00f3n. En estos Estados, se est\u00e1n usando leyes deficientes para criminalizar las \u201cnoticias falsas\u201d con el fin de citar, detener, investigar y enjuiciar a personas que publican en las redes sociales contenidos sobre la pandemia o sobre la respuesta del Gobierno a esta.<\/p>\n\n\n\n<p class=\"wp-block-paragraph\">Por otra parte, miles de personas que se manifestaban pac\u00edficamente se han visto afectadas por las draconianas medidas contra las manifestaciones&nbsp;<a href=\"https:\/\/periodistas-es.com\/macron-aprueba-una-ley-de-seguridad-global-que-amenaza-las-libertades-publicas-en-francia-146940\" target=\"_blank\" rel=\"noreferrer noopener\">aplicadas en Francia por las autoridades<\/a>, que hacen un uso indebido de la ley para detener arbitrariamente y enjuiciar a personas que no han cometido ning\u00fan acto violento.<\/p>\n\n\n\n<h3 class=\"wp-block-heading\">5. Migrantes y personas solicitantes de asilo v\u00edctimas de discriminaci\u00f3n<\/h3>\n\n\n\n<p class=\"wp-block-paragraph\">Las autoridades de varios pa\u00edses del continente americano, entre ellos, Canad\u00e1, Estados Unidos, M\u00e9xico, Curazao y Trinidad y Tobago detienen de forma peligrosa y discriminatoria a migrantes y solicitantes de asilo, bas\u00e1ndose \u00fanicamente en la situaci\u00f3n migratoria de esas personas.<\/p>\n\n\n\n<p class=\"wp-block-paragraph\">Las personas solicitantes de asilo, refugiadas y migrantes que viven en campos y alojamientos compartidos tambi\u00e9n han sido objeto de cuarentenas selectivas en Alemania, Chipre y Serbia, y de desalojos forzosos en Francia y Grecia. En el caso de Grecia, miles de personas, entre las que se contaban personas mayores, personas que padecen enfermedades cr\u00f3nicas, menores \u2014incluidos ni\u00f1os y ni\u00f1as de corta edad y menores no acompa\u00f1ados\u2014, mujeres embarazadas, madres primerizas y personas con discapacidad, se han visto atrapadas en condiciones lamentables y peligrosas de hacinamiento en las islas, en medio de la pandemia de la COVID-19.<\/p>\n\n\n\n<p class=\"wp-block-paragraph\">El nuevo pacto migratorio de la Comisi\u00f3n Europea est\u00e1, en realidad, concebido para elevar los muros y reforzar las vallas. En lugar de ofrecer un nuevo enfoque para facilitar que la gente llegue a un lugar seguro, parece ser un intento de dar un nuevo nombre a un sistema que lleva a\u00f1os fracasando, con terribles consecuencias. Este pacto no har\u00e1 nada por aliviar el sufrimiento de miles de personas atrapadas en campos en las islas griegas, o en centros de detenci\u00f3n deLibia. Tampoco proporcionar\u00e1 el apoyo necesario a los pa\u00edses a los que primero llegan las personas migrantes.<\/p>\n\n\n\n<p class=\"wp-block-paragraph\">En Espa\u00f1a, Amnist\u00eda Internacional ha denunciado la&nbsp;<a href=\"https:\/\/aqui.madrid\/jueces-para-la-democracia-arguineguin-simboliza-la-erronea-politica-de-migraciones-en-espana\/\" target=\"_blank\" rel=\"noreferrer noopener\">situaci\u00f3n en las Islas Canarias<\/a>, donde lamenta entre otros aspectos, que se est\u00e9n tramitando \u00f3rdenes de devoluci\u00f3n sin que las personas migrantes o posibles solicitantes de asilo hubieran recibido una adecuada asistencia letrada, tal y como exige el derecho internacional de los derechos humanos. La organizaci\u00f3n tambi\u00e9n ha llamado la atenci\u00f3n sobre la situaci\u00f3n que se est\u00e1 viviendo en los CETIs (Centros de Estancia Temporal para Migrantes), especialmente en el de&nbsp;<a href=\"https:\/\/aqui.madrid\/tag\/melilla\/\" target=\"_blank\" rel=\"noreferrer noopener\">Melilla<\/a>, hacinado y sin reunir las condiciones adecuadas para garantizar la protecci\u00f3n y la salud de las personas residentes.<\/p>\n\n\n\n<p class=\"wp-block-paragraph\">Por otra parte, hasta marzo de 2020, hab\u00eda miles de migrantes et\u00edopes trabajando en el norte de Yemen, ganando dinero para pagar su pasaje a Arabia Saud\u00ed. Cuando la pandemia de la COVID-19 se intensific\u00f3, las autoridades huz\u00edes comenzaron a ordenar a los trabajadores y trabajadoras migrantes que acudiesen a la frontera, donde seg\u00fan informes quedaron atrapados en un fuego cruzado entre fuerzas saud\u00edes y huz\u00edes.<\/p>\n\n\n\n<p class=\"wp-block-paragraph\">Amnist\u00eda Internacional tambi\u00e9n ha denunciado situaciones de casi esclavitud de trabajadores y trabajadoras migrantes en Qatar y L\u00edbano, que han quedado a merced de sus patrones y que han restringido muchos de sus derechos humanos.<\/p>\n\n\n\n<h3 class=\"wp-block-heading\">6. Los derechos de las mujeres, violados<\/h3>\n\n\n\n<p class=\"wp-block-paragraph\">La pandemia de la COVID-19 ha incrementado los niveles de inseguridad y violencia contra las mujeres en todo el mundo y, sin una atenci\u00f3n espec\u00edfica de los Gobiernos, podr\u00eda agravar las desigualdades de g\u00e9nero y los niveles de discriminaci\u00f3n<\/p>\n\n\n\n<p class=\"wp-block-paragraph\">Ya antes de la crisis de la COVID-19, una de cada cinco mujeres sufr\u00eda violencia de su pareja en el hogar en Europa. Los confinamientos y las medidas de aislamiento para contener la propagaci\u00f3n del virus han expuesto a las mujeres y las ni\u00f1as a mayores riesgos de abusos en el \u00e1mbito familiar a manos de sus parejas o de otros miembros de la familia, y a menudo las dejan sin el apoyo que tanto necesitan.<\/p>\n\n\n\n<p class=\"wp-block-paragraph\">La actual pandemia de COVID-19 ha exacerbado la vulnerabilidad de las mujeres y las ni\u00f1as. Su salud y su bienestar se ven afectadas negativamente no s\u00f3lo por la interrupci\u00f3n de servicios esenciales de salud sexual y reproductiva como el asesoramiento sobre m\u00e9todos anticonceptivos, salud materna y neonatal, violencia de g\u00e9nero y pruebas y tratamientos para el VIH y las infecciones de transmisi\u00f3n sexual, sino que tambi\u00e9n sus medios de vida e incluso sus vidas est\u00e1n en peligro cuando los delitos sexuales se invisibilizan y permanecen sin castigo.<\/p>\n\n\n\n<p class=\"wp-block-paragraph\">Pa\u00edses como Polonia, Ruman\u00eda o Eslovaquia han utilizado la COVID-19 como una oportunidad para socavar o restringir a\u00fan m\u00e1s el acceso a los derechos sexuales y reproductivos de las mujeres.<\/p>\n\n\n\n<h3 class=\"wp-block-heading\">7. M\u00e1s rechazo y violencia contra el colectivo LGBTI<\/h3>\n\n\n\n<p class=\"wp-block-paragraph\">La COVID-19 ha visibilizando y profundizando la discriminaci\u00f3n, la violencia y otras violaciones de derechos humanos que sufren a diario las personas LGBTI. En numerosos pa\u00edses, las medidas de desescalada de la pandemia han ignorado la realidad de las personas trans. En algunos pa\u00edses, como en Hungr\u00eda, se han impulsado medidas que pretenden ocultar a estar personas al negarles cambiar su g\u00e9nero en el documento de identidad.<\/p>\n\n\n\n<p class=\"wp-block-paragraph\">En otros lugares, como Per\u00fa, Colombia o Panam\u00e1, se establecieron paseos en la calle d\u00edas diferentes para hombres y mujeres. Las personas trans deb\u00edan salir a la calle seg\u00fan el g\u00e9nero que indicaba su documento de identidad, lo que les expon\u00eda a m\u00e1s discriminaci\u00f3n, m\u00e1s multas, e incluso a violencia, tambi\u00e9n policial.<\/p>\n\n\n\n<p class=\"wp-block-paragraph\">Por otra parte, las restricciones a la atenci\u00f3n m\u00e9dica de todo aquello que no sea la COVID-19 en numerosas partes del mundo, ha paralizado tambi\u00e9n procesos de transici\u00f3n de miles de personas trans en pa\u00edses, entre otros, Estados Unidos, India o Australia. Sus tratamientos hormonales permanecen en un limbo, la atenci\u00f3n psicol\u00f3gica se ralentiza y las intervenciones se posponen. Todo ello impacta profundamente en la salud psicol\u00f3gica de estas personas.<\/p>\n\n\n\n<p class=\"wp-block-paragraph\">Un rebrote del virus en Corea del Sur, al parecer en una zona de locales LGBTI, dispar\u00f3 la homofobia y las amenazas en las redes hacia el colectivo LGBTI, lo que dificult\u00f3 a las autoridades localizar a las personas que pudieran estar contagiadas y tomar medidas para frenar dicho rebrote.<\/p>\n\n\n\n<p class=\"wp-block-paragraph\">Mientras, en pa\u00edses comoFilipinas o Uganda, se toleraron tratamientos humillantes y violencia contra personas LGBTI bajo el pretexto de no cumplir los protocolos de la cuarentena.<\/p>\n\n\n\n<h3 class=\"wp-block-heading\">8. El derecho a la privacidad, al antojo de los Gobiernos<\/h3>\n\n\n\n<p class=\"wp-block-paragraph\">Los Gobiernos deben garantizar que el empleo de tecnolog\u00edas digitales para rastrear y monitorear a personas y poblaciones respeta plenamente los derechos humanos. La tecnolog\u00eda puede y debe desempe\u00f1ar importantes funciones durante este esfuerzo que se est\u00e1 realizando para salvar vidas, como difundir mensajes de salud p\u00fablica y aumentar el acceso a los servicios de salud.<\/p>\n\n\n\n<p class=\"wp-block-paragraph\">No obstante, el aumento de los poderes de vigilancia digital de los Estados \u2013como tener acceso a los datos de localizaci\u00f3n de los tel\u00e9fonos m\u00f3viles\u2013 amenaza la privacidad, la libertad de expresi\u00f3n y la libertad de asociaci\u00f3n de una manera que podr\u00eda violar derechos y reducir la confianza en las autoridades p\u00fablicas, con el consiguiente menoscabo de la eficacia de las repuestas de salud p\u00fablica. Tales medidas entra\u00f1an tambi\u00e9n un riesgo de discriminaci\u00f3n y pueden perjudicar de manera desproporcionada a comunidades ya marginadas.<\/p>\n\n\n\n<p class=\"wp-block-paragraph\">Bahr\u00e9in, Kuwait y Noruega, por ejemplo, han hecho caso omiso de la privacidad de las personas con herramientas de vigilancia sumamente invasivas que superan los l\u00edmites hasta los que est\u00e1 justificado llegar para hacer frente a la COVID-19. Los sistemas que utilizan captan los datos de ubicaci\u00f3n por medio del GPS y los suben a una base de datos central, rastreando los movimientos de los usuarios en tiempo real, lo que proporciona una informaci\u00f3n que puede ser altamente peligrosa en las manos equivocadas. Noruega, tras las denuncias de Amnist\u00eda Internacional, decidi\u00f3 frenar su uso.<\/p>\n\n\n\n<figure class=\"wp-block-embed-youtube wp-block-embed is-type-video is-provider-youtube wp-embed-aspect-16-9 wp-has-aspect-ratio\"><div class=\"wp-block-embed__wrapper\">\n<iframe loading=\"lazy\" title=\"Amnist\u00eda identifica ocho violaciones de derechos humanos agravadas por la COVID-19\" width=\"696\" height=\"392\" src=\"https:\/\/www.youtube.com\/embed\/Al4EBlrefEw?feature=oembed&#038;enablejsapi=1\" frameborder=\"0\" allow=\"accelerometer; autoplay; clipboard-write; encrypted-media; gyroscope; picture-in-picture; web-share\" referrerpolicy=\"strict-origin-when-cross-origin\" allowfullscreen><\/iframe>\n<\/div><\/figure>\n\n\n\n<p class=\"wp-block-paragraph\">Este 9 de diciembre activistas de Amnist\u00eda Internacional est\u00e1n organizando actos en la calle, recogidas de firmas y encuentros virtuales en m\u00e1s de setenta pa\u00edses del mundo y m\u00e1s de treinta ciudades de Espa\u00f1a en favor de otras personas cuyos derechos humanos est\u00e1n siendo atacados, dentro de la campa\u00f1a \u00abEscribe por los derechos\u00bb.<\/p>\n\n\n\n<p class=\"wp-block-paragraph\">\u00abEscribe por los Derechos trata de personas que ayudan a otras personas, y esta manera de expresar nuestra humanidad compartida nunca ha sido m\u00e1s importante y pertinente. Los gobiernos deben responder a este deseo generalizado de cambio administrando justicia a las personas cuyos derechos humanos son atacados\u00bb, asegura Esteban Beltr\u00e1n.<\/p>\n\n\n\n<p class=\"wp-block-paragraph\">En Espa\u00f1a, la organizaci\u00f3n se moviliza por tres personas que han visto como sus derechos humanos se ve\u00edan vulnerados en el \u00faltimo a\u00f1o. Se trata de:<\/p>\n\n\n\n<ul class=\"wp-block-list\"><li><strong>Nassima al-Sada<\/strong>, Arabia Saud\u00ed, en prisi\u00f3n por defender los derechos de las mujeres. Ha estado recluida en r\u00e9gimen de aislamiento durante un a\u00f1o, y ha sido frecuente que no le permitieran ver a sus hijos ni a su abogado durante varios meses. Amnist\u00eda Internacional exige la libertad inmediata e incondicional para ella y las dem\u00e1s defensoras en su misma situaci\u00f3n;<\/li><li><strong>Khaled Drareni<\/strong>, Argelia, joven periodista detenido en marzo de 2020 mientras cubr\u00eda una manifestaci\u00f3n por informar sobre las protestas y condenado a una pena de c\u00e1rcel. Amnist\u00eda Internacional se moviliza por su liberaci\u00f3n; y de<\/li><li><strong>Jani Silva<\/strong>, Colombia, amenazada de muerte por defender el medioambiente, la Amazon\u00eda y los derechos de la poblaci\u00f3n rural. La organizaci\u00f3n pide protecci\u00f3n para ella y las personas con que trabaja.<\/li><\/ul>\n","protected":false},"excerpt":{"rendered":"<p>10 de diciembre, D\u00eda Internacional de los Derechos Humanos.<\/p>\n","protected":false},"author":3,"featured_media":29721,"comment_status":"open","ping_status":"open","sticky":false,"template":"","format":"standard","meta":{"_monsterinsights_skip_tracking":false,"footnotes":""},"categories":[691,51],"tags":[],"class_list":["post-29720","post","type-post","status-publish","format-standard","has-post-thumbnail","category-691","category-ejecutivo"],"_links":{"self":[{"href":"https:\/\/redsemlac.com\/semmexico\/wp-json\/wp\/v2\/posts\/29720","targetHints":{"allow":["GET"]}}],"collection":[{"href":"https:\/\/redsemlac.com\/semmexico\/wp-json\/wp\/v2\/posts"}],"about":[{"href":"https:\/\/redsemlac.com\/semmexico\/wp-json\/wp\/v2\/types\/post"}],"author":[{"embeddable":true,"href":"https:\/\/redsemlac.com\/semmexico\/wp-json\/wp\/v2\/users\/3"}],"replies":[{"embeddable":true,"href":"https:\/\/redsemlac.com\/semmexico\/wp-json\/wp\/v2\/comments?post=29720"}],"version-history":[{"count":0,"href":"https:\/\/redsemlac.com\/semmexico\/wp-json\/wp\/v2\/posts\/29720\/revisions"}],"wp:featuredmedia":[{"embeddable":true,"href":"https:\/\/redsemlac.com\/semmexico\/wp-json\/wp\/v2\/media\/29721"}],"wp:attachment":[{"href":"https:\/\/redsemlac.com\/semmexico\/wp-json\/wp\/v2\/media?parent=29720"}],"wp:term":[{"taxonomy":"category","embeddable":true,"href":"https:\/\/redsemlac.com\/semmexico\/wp-json\/wp\/v2\/categories?post=29720"},{"taxonomy":"post_tag","embeddable":true,"href":"https:\/\/redsemlac.com\/semmexico\/wp-json\/wp\/v2\/tags?post=29720"}],"curies":[{"name":"wp","href":"https:\/\/api.w.org\/{rel}","templated":true}]}}