{"id":29718,"date":"2020-12-09T21:44:23","date_gmt":"2020-12-09T21:44:23","guid":{"rendered":"https:\/\/redsemlac.com\/semmexico\/?p=29718"},"modified":"2023-07-21T16:40:06","modified_gmt":"2023-07-21T21:40:06","slug":"destruir-sin-construir-una-mala-linea-gubernamental","status":"publish","type":"post","link":"https:\/\/redsemlac.com\/semmexico\/destruir-sin-construir-una-mala-linea-gubernamental\/","title":{"rendered":"Destruir sin Construir, una Mala L\u00ednea Gubernamental"},"content":{"rendered":"\n<p class=\"wp-block-paragraph\"><strong>Jorge Herrera Valenzuela<\/strong><\/p>\n\n\n\n<p class=\"wp-block-paragraph\">SemM\u00e9xico, Cd. de M\u00e9xico, 9 de diciembre 2020.- Muy preocupante el que la administraci\u00f3n p\u00fablica federal siga desmoron\u00e1ndose. Todo se escurre entre los dedos de ambas manos. Aunque no me agrada el calificativo de \u201cflorero\u201d para los miembros del gabinete presidencial, lo siento insultante, pero sus acciones, sus decisiones y sus propuestas se anulan con la sola palabra del hombre que \u201ctiene otros datos\u201d. Son muchas las ocasiones \u201cma\u00f1aneras\u201d en que desmiente el tabasque\u00f1o a sus colaboradores o los contradice e inclusive los exhibe.<\/p>\n\n\n\n<p class=\"wp-block-paragraph\">M\u00e9xico requiere en estos pand\u00e9micos momentos, de personas con experiencia en cada uno de los ramos ejecutivos de la administraci\u00f3n. Mantener un gobierno centralista, unipersonal y &nbsp;no reconocer la falta de coordinaci\u00f3n y programaci\u00f3n para solucionar los problemas nacionales, es complicar el futuro de las nuevas generaciones y las de quienes tenemos la fortuna, a Dios Gracias, de seguir en este hermoso Pa\u00eds.<\/p>\n\n\n\n<p class=\"wp-block-paragraph\">Desde el comienzo de este sexenio, hace ya dos a\u00f1os, se prometi\u00f3 liquidar la corrupci\u00f3n y terminar con la impunidad, as\u00ed como disminuir la violencia que est\u00e1 aparejada con la inseguridad en todo el territorio mexicano. En lo primero, el m\u00e1s claro y negativo ejemplo es el supuesto proceso al exdirector general de Petr\u00f3leos Mexicanos. Lo detuvieron en Espa\u00f1a, extraditado a M\u00e9xico, llevado a un hospital privado, \u201cdeclarando\u201d contra todos los que fueron sus compa\u00f1eros de gabinete y contra su principal jefe, quedando en calidad de \u201ctestigo protegido\u201d, gozando de su libertad. Nadie lo ha visto f\u00edsicamente, excepto su familia.<\/p>\n\n\n\n<p class=\"wp-block-paragraph\">Respecto a la seguridad nacional y a la violencia, los \u00edndices indican que ambos casos dan cuentan de incremento de homicidios, de asaltos, feminicidios, secuestros. Se integr\u00f3 una Guardia Nacional, cuya funci\u00f3n polic\u00edaca simplemente no da los frutos que se esperaba. Es imposible que los militares y marinos, incluidos en la Guardia Nacional, realicen eficazmente una labor para la que no est\u00e1n preparados.<\/p>\n\n\n\n<p class=\"wp-block-paragraph\">Comenz\u00f3 al frente de la Secretaria de Seguridad y Protecci\u00f3n Ciudadana un pol\u00edtico que milit\u00f3 en el PRI, fue secretario particular del presidente Vicente Fox y hoy est\u00e1 buscando ser gobernador de Sonora, abanderado por Morena. Nula su actuaci\u00f3n. Hoy una mujer est\u00e1 en el cargo, tambi\u00e9n sin la m\u00e1s m\u00ednima experiencia en un trabajo tan delicado y expuesto para una dama.<\/p>\n\n\n\n<p class=\"wp-block-paragraph\">Convencido de que todo fue corrupci\u00f3n en los \u00faltimos cinco gobiernos, el tabasque\u00f1o que despacha y vive en Palacio Nacional, tiene dividido al pueblo y fomenta la divisi\u00f3n en todos los sectores de la sociedad. La encomienda principal del Presidente de M\u00e9xico es la de conciliar voluntades, pensamientos y acciones de los gobernados, no la de enfrentarlos.<\/p>\n\n\n\n<p class=\"wp-block-paragraph\">En sus conferencias \u201cma\u00f1aneras\u201d hace acusaciones verbales, sin pruebas, a exfuncionarios. Se dice&nbsp; atacado por \u201clos conservadores\u201d, por los que se resisten a perder las prebendas que ten\u00edan. Nadie se escapa en el programa ma\u00f1anero de radio y televisi\u00f3n que se realiza en el antiguo Sal\u00f3n de la Tesorer\u00eda de la Federaci\u00f3n, en Palacio Nacional. Los empresarios, industriales y comerciantes no est\u00e1n exentos de culpabilidad, porque gozaban de privilegios de parte del gobierno.<\/p>\n\n\n\n<p class=\"wp-block-paragraph\">Los apoyos econ\u00f3micos a las estancias infantiles, desaparecieron. Apoyado por el Congreso de la Uni\u00f3n, se eliminaron m\u00e1s de cien fidecomisos que financiaban a la investigaci\u00f3n, a la ciencia, al arte, porque hab\u00eda corrupci\u00f3n. Desarticul\u00f3 el CONACYT y lo puso bajo su control. Un aplauso por estar combatiendo a la corrupci\u00f3n, pero&nbsp; qui\u00e9nes son, d\u00f3nde est\u00e1n, sus nombres. Jam\u00e1s hemos sabido de las denuncias.<\/p>\n\n\n\n<p class=\"wp-block-paragraph\">De hecho la divisi\u00f3n de Poderes, no est\u00e1 vigente. El Presidente de M\u00e9xico presion\u00f3 a los ministros de la Suprema Corte de Justicia de la Naci\u00f3n para que aprobaran \u201cla consulta popular\u201d para determinar si procede o no enjuiciar a los \u00faltimos cinco expresidentes de la Rep\u00fablica. Advirti\u00f3 que si el m\u00e1ximo representante del Poder Judicial Federal no daba el visto bueno, \u00e9l enviar\u00eda una iniciativa de reforma constitucional para que se procediera a cumplir su petici\u00f3n. El presidente de esa instituci\u00f3n rompi\u00f3 el protocolo, al iniciar el pleno revelando que deb\u00eda aprobarse la solicitud presidencial. Y as\u00ed fue.<\/p>\n\n\n\n<p class=\"wp-block-paragraph\">La controversia que se suscita cada vez que se dan a conocer los resultados de las encuestas, en torno a la aceptaci\u00f3n o rechazo de la ciudadan\u00eda a la actuaci\u00f3n del Presidente de M\u00e9xico, no va a terminar por ahora. La gente apoya, respalda y est\u00e1 con el tabasque\u00f1o, pero no responde igual respecto a las acciones gubernamentales. El hombre es carism\u00e1tico, con un estilo muy personal para convencer a las masas, es l\u00edder de masas no estadista, es impulsor de acciones que se contraponen con su forma de gobernar. Su negativa a salir del pa\u00eds para ejercer las relaciones internacionales, como le se\u00f1ala la Constituci\u00f3n, dejando la responsabilidad al secretario de Relaciones Exteriores, deja mucho que desear. Injustificable que, como Presidente de M\u00e9xico,&nbsp; niegue la felicitaci\u00f3n al futuro presidente de Estados Unidos<\/p>\n\n\n\n<p class=\"wp-block-paragraph\">De acuerdo que la crisis econ\u00f3mica no es privativa de M\u00e9xico, pero deben acordase medidas que subsanen el problema. La pandemia no nos cay\u00f3 como anillo al dedo, sino como un mal que ha propiciado desajustes en las familias, desempleo y depresi\u00f3n por el confinamiento de nueve meses. Cines, teatros, estadios, iglesias, cerrados por temporadas y con medidas especiales para permitir su funcionamiento. Cierre de miles de establecimientos comerciales de menor escala, as\u00ed como los restaurantes, las fondas, los antros y los centros comerciales.<\/p>\n\n\n\n<p class=\"wp-block-paragraph\">La irresponsabilidad de la gente y el que no haya sanciones para quienes, en la calle, no cumplan con las medidas sanitarias, son factores determinantes para que ya la cifra de muertos sobrepase los 110 mil. Usar el cubrebocas, lentes o caretas, guardar la sana distancia y lavarse las manos con agua y jab\u00f3n, es y ser\u00e1 por mucho tiempo lo que tengamos que hacer. Nadie cuidar\u00e1 nuestra vida, somos nosotros\/as, cada una\/o,&nbsp; responsable de ello. Si el Presidente de la Rep\u00fablica no lo usa, \u00e9l sabr\u00e1 por qu\u00e9, pero la recomendaci\u00f3n es de car\u00e1cter mundial.<\/p>\n\n\n\n<p class=\"wp-block-paragraph\">Deseo que los pr\u00f3ximos cuatro a\u00f1os nos convoquemos, todos\/as los\/as mexicanos\/as, a trabajar por el Pa\u00eds, empezando por una verdadera reconciliaci\u00f3n. Hay un se\u00f1or que firma como \u201cT\u00edo To\u00f1o\u201d que todas las ma\u00f1anas env\u00eda una s\u00edntesis de las efem\u00e9rides, anticipando su lema: \u201c<strong>M\u00e9xico nos necesita UNIDOS a TO2<\/strong>\u201d.<\/p>\n\n\n\n<p class=\"wp-block-paragraph\"><strong>jherrerav@live.com.mx<\/strong><\/p>\n","protected":false},"excerpt":{"rendered":"<p>Muy preocupante el que la administraci\u00f3n p\u00fablica federal siga desmoron\u00e1ndose. Todo se escurre entre los dedos de ambas manos. <\/p>\n","protected":false},"author":3,"featured_media":7843,"comment_status":"open","ping_status":"open","sticky":false,"template":"","format":"standard","meta":{"_monsterinsights_skip_tracking":false,"footnotes":""},"categories":[691,94,35,107],"tags":[],"class_list":["post-29718","post","type-post","status-publish","format-standard","has-post-thumbnail","category-691","category-jorge-herrera-valenzuela","category-opinion","category-rafaga"],"_links":{"self":[{"href":"https:\/\/redsemlac.com\/semmexico\/wp-json\/wp\/v2\/posts\/29718","targetHints":{"allow":["GET"]}}],"collection":[{"href":"https:\/\/redsemlac.com\/semmexico\/wp-json\/wp\/v2\/posts"}],"about":[{"href":"https:\/\/redsemlac.com\/semmexico\/wp-json\/wp\/v2\/types\/post"}],"author":[{"embeddable":true,"href":"https:\/\/redsemlac.com\/semmexico\/wp-json\/wp\/v2\/users\/3"}],"replies":[{"embeddable":true,"href":"https:\/\/redsemlac.com\/semmexico\/wp-json\/wp\/v2\/comments?post=29718"}],"version-history":[{"count":0,"href":"https:\/\/redsemlac.com\/semmexico\/wp-json\/wp\/v2\/posts\/29718\/revisions"}],"wp:featuredmedia":[{"embeddable":true,"href":"https:\/\/redsemlac.com\/semmexico\/wp-json\/wp\/v2\/media\/7843"}],"wp:attachment":[{"href":"https:\/\/redsemlac.com\/semmexico\/wp-json\/wp\/v2\/media?parent=29718"}],"wp:term":[{"taxonomy":"category","embeddable":true,"href":"https:\/\/redsemlac.com\/semmexico\/wp-json\/wp\/v2\/categories?post=29718"},{"taxonomy":"post_tag","embeddable":true,"href":"https:\/\/redsemlac.com\/semmexico\/wp-json\/wp\/v2\/tags?post=29718"}],"curies":[{"name":"wp","href":"https:\/\/api.w.org\/{rel}","templated":true}]}}