{"id":29714,"date":"2020-12-09T21:28:16","date_gmt":"2020-12-09T21:28:16","guid":{"rendered":"https:\/\/redsemlac.com\/semmexico\/?p=29714"},"modified":"2023-07-21T16:40:06","modified_gmt":"2023-07-21T21:40:06","slug":"en-derechos-humanos-hay-una-regresion-la-impunidad-es-el-signo-y-se-mantienen-los-pactos-politicos-del-pasado-en-el-presente","status":"publish","type":"post","link":"https:\/\/redsemlac.com\/semmexico\/en-derechos-humanos-hay-una-regresion-la-impunidad-es-el-signo-y-se-mantienen-los-pactos-politicos-del-pasado-en-el-presente\/","title":{"rendered":"En Derechos Humanos hay una regresi\u00f3n, la impunidad es el signo y se mantienen los pactos pol\u00edticos del pasado en el presente"},"content":{"rendered":"\n<ul class=\"wp-block-list\"><li><strong>La lucha por territorio y tierra, de los pueblos originarios es castigada por la Guardia Nacional<\/strong><\/li><li><strong>Impunidad en feminicidios y los cr\u00edmenes contra periodistas: Foro de la Uni\u00f3n Europea para Proteger a las personas defensoras de los derechos humanos<\/strong><\/li><\/ul>\n\n\n\n<p class=\"wp-block-paragraph\"><strong>Sara Lovera<\/strong><\/p>\n\n\n\n<p class=\"wp-block-paragraph\">SemM\u00e9xico. Cd. de M\u00e9xico. 09&nbsp; de diciembre 2020.- El r\u00e9gimen encabezado por Andr\u00e9s Manuel L\u00f3pez Obrador, ha generado un retroceso en la defensa de los derechos humanos; movilizado a la guardia nacional para inhibir las protestas; en su administraci\u00f3n no se defiende a las y los defensores de derechos humanos y persiste la impunidad en la resoluci\u00f3n de cr\u00edmenes, como en Oaxaca el asesinato de Bety Cari\u00f1o hace 10 a\u00f1os y el de Ma. del Sol Cruz Jarqu\u00edn en 2018, lo que significa que las palabras no cambian al sistema y hay complicidad de quienes tienen el poder.<\/p>\n\n\n\n<p class=\"wp-block-paragraph\">As\u00ed se escucharon relatos, voces y experiencias como resultado&nbsp; del foro virtual promovido por la Uni\u00f3n Europea este d\u00eda, denominado \u201cProteger a las personas defensoras de los derechos humanos: el compromiso de la Uni\u00f3n Europea\u201d, al que se invit\u00f3 a v\u00edctimas, periodistas y a quienes defienden a las v\u00edctimas.<\/p>\n\n\n\n<p class=\"wp-block-paragraph\">Juan Carlos Flores Sol\u00eds, del Frente de Pueblos en&nbsp; Defensa de la Tierra, el&nbsp; Agua y el Aire&nbsp; Morelos, Tlaxcala y Puebla narr\u00f3 su encarcelamiento y c\u00f3mo la madrugada del 24 de noviembre pasado&nbsp; entr\u00f3 la Guardia Nacional para desbaratar su protesta contra el desarrollo del Proyecto Integral Morelos (PIM). Afirm\u00f3 que&nbsp; est\u00e1 pendiente el asesinato de Samir Flores Soberanes, en febrero de 2019,&nbsp; luego de que el presidente Andr\u00e9s Manuel L\u00f3pez Obrador descalific\u00f3 la oposici\u00f3n a la construcci\u00f3n de un acueducto. Por tanto, dijo, nada ha cambiado, ahora es peor.<\/p>\n\n\n\n<p class=\"wp-block-paragraph\">Por su parte el abogado David Pe\u00f1a Rodr\u00edguez integrante del Grupo de Acci\u00f3n por los Derechos Humanos y la Justicia Social, sintetiz\u00f3&nbsp; en la actual administraci\u00f3n no importan los derechos humanos, afirm\u00f3 que se mantiene intacta la complicidad entre los grupos de poder para negar la justicia y que hay&nbsp; amenazas a los y las defensoras de cr\u00edmenes, de feminicidio, por la defensa de la tierra y el agua. Sentenci\u00f3 que estamos en un escenario regresivo.<\/p>\n\n\n\n<p class=\"wp-block-paragraph\">Ah\u00ed la periodista Soledad Jarqu\u00edn Edgar manifest\u00f3 que la impunidad es el signo actual, aunque dej\u00f3 establecido que es necesario mantener la esperanza para que las cosas cambien y se pueda acceder a la justicia. Ella, habl\u00f3 del asesinato de su hija, Ma. del Sol Cruz Jarqu\u00edn, y manifest\u00f3 que a m\u00e1s de 30 meses, la investigaci\u00f3n de lo que fue un triple asesinato el 2 de junio de 2018,\u00a0 no logra avanzar, se\u00a0 ha detenido por intereses econ\u00f3micos y caciquiles que terminan protegiendo la inacci\u00f3n del fiscal de Oaxaca, Rub\u00e9n Vasconcelos M\u00e9ndez.<\/p>\n\n\n\n<p class=\"wp-block-paragraph\">En esta reuni\u00f3n presidida por Andr\u00e9 Rizzo,&nbsp; consejero pol\u00edtico de la representaci\u00f3n de la Uni\u00f3n Europea en M\u00e9xico, se&nbsp; ratific\u00f3 que la UE est\u00e1 comprometida en la defensa de las causas donde hay violaci\u00f3n a los derechos humanos, a lo que Flores Sol\u00eds cuestion\u00f3 y demand\u00f3, que en ese organismo se analice el comportamiento de las empresas espa\u00f1olas, italianas, alemanas, cuando hacen contratos para obras en M\u00e9xico, afectando a las comunidades.<\/p>\n\n\n\n<p class=\"wp-block-paragraph\">Por su parte la periodista Patricia Mayorga Ord\u00f3\u00f1ez,&nbsp; de la Red Libre de Periodistas, y quien temporalmente est\u00e1 en M\u00e9xico tras su desplazamiento, afirm\u00f3 que la lucha por la defensa de los derechos humanos la hall\u00f3 en su la tarea period\u00edstica, al contar&nbsp; las cosas. Las y los periodistas en realidad&nbsp; se enfrentan a un sistema de poder, que no cambia aunque cambie la administraci\u00f3n. Compa\u00f1era de Miroslava Breach, asesinada en Chihuahua en 2017, cuestion\u00f3 ah\u00ed&nbsp; siguen los responsables de la represi\u00f3n a periodistas, s\u00f3lo cambian de puesto pero ah\u00ed siguen. Eso es el sistema, por ello no para la persecuci\u00f3n a periodistas, las amenazas y no hay justicia, sino impunidad.<\/p>\n\n\n\n<p class=\"wp-block-paragraph\">Se escuch\u00f3 a Felicitas Mart\u00ednez Mart\u00ednez, dirigente ind\u00edgena, contar las vicisitudes de los pueblos originarios, luchando por sus derechos y protagonizando la defensa de la tierra, ahora afectados por los mega proyectos del actual r\u00e9gimen. Cont\u00f3 c\u00f3mo empez\u00f3 a tener conciencia de las violaciones a los derechos humanos, cuando se indign\u00f3 por una violaci\u00f3n sexual. Lo que no se termina.<\/p>\n\n\n\n<p class=\"wp-block-paragraph\">Soledad Jarqu\u00edn Edgar, premio nacional de periodismo 2006, narr\u00f3 los hechos, dijo que ha presentado 3 carpetas de investigaci\u00f3n por el triple asesinato y otras tres en lo electoral, porque su hija fue obligada a ir a Juchit\u00e1n a la campa\u00f1a del hermano del secretario de Asuntos Ind\u00edgenas, y que \u00e9ste y su hermano no han sido castigados por delito electoral; de la misma manera dijo que est\u00e1n impunes otros delitos, que incluyen el robo de las pertenencias de su&nbsp; hija. Narr\u00f3 que est\u00e1 solidaria con muchas otras mujeres que buscan justicia para su hijas v\u00edctimas del feminicidio, por ello entreg\u00f3 el 24 de noviembre una petici\u00f3n firmada por 18 mil mujeres al presidente de la Rep\u00fablica, ello abri\u00f3 mesas de trabajo para hacer nuevas investigaciones o analizar el asunto, y a pesar de su esperanza, dijo, se entienden las complicidades y c\u00f3mo se protegen entre pol\u00edticos. En Oaxaca, ese es el caso.<\/p>\n\n\n\n<p class=\"wp-block-paragraph\">Sin miramientos, Pe\u00f1a Rodr\u00edguez, lo dijo con todas sus palabras, el gobernador actual, Alejandro Murat Hinojosa es amigo del presidente de la Rep\u00fablica, est\u00e1 protegido. Este, afirmo, es un gobierno peor que los anteriores, porque ha desestimado el trabajo de la sociedad civil, cuyas denuncias lo llevaron al poder, por ello estamos en una regresi\u00f3n, se mantienen los pactos entre los actores del pasado y el presente. Agreg\u00f3 que en estos momentos, desde el Senado, se busca quitar autonom\u00eda a la Fiscal\u00eda General de la Rep\u00fablica. Adem\u00e1s de toda la andanada para desmantelar las instituciones aut\u00f3nomas.<\/p>\n\n\n\n<p class=\"wp-block-paragraph\">En el foro virtual cada una de las personas invitadas narraron c\u00f3mo se acercaron a la defensa de la justicia; contaron sobre los obst\u00e1culos para conseguirlo y sus experiencias. Largo fue el relato de Flores Sol\u00eds; harto de las dificultades de la investigaci\u00f3n period\u00edstica, de las y los editores de diarios que por muchos a\u00f1os gozaron de \u201cbeneficios publicitarios\u201d y c\u00f3mo, no obstante las palabras las comunidades y pueblos ind\u00edgenas siguen excluidos del estado de derecho.<\/p>\n\n\n\n<figure class=\"wp-block-image size-large\"><img loading=\"lazy\" decoding=\"async\" width=\"934\" height=\"238\" src=\"https:\/\/redsemlac.com\/semmexico\/wp-content\/uploads\/2020\/12\/impunidad.png\" alt=\"\" class=\"wp-image-29715\"\/><\/figure>\n","protected":false},"excerpt":{"rendered":"<p>La lucha por territorio y tierra, de los pueblos originarios es castigada por la Guardia Nacional<\/p>\n","protected":false},"author":3,"featured_media":29716,"comment_status":"open","ping_status":"open","sticky":false,"template":"","format":"standard","meta":{"_monsterinsights_skip_tracking":false,"footnotes":""},"categories":[691,47,48],"tags":[],"class_list":["post-29714","post","type-post","status-publish","format-standard","has-post-thumbnail","category-691","category-no-mas-impunidad","category-no-mas-impunidad-no-mas-impunidad"],"_links":{"self":[{"href":"https:\/\/redsemlac.com\/semmexico\/wp-json\/wp\/v2\/posts\/29714","targetHints":{"allow":["GET"]}}],"collection":[{"href":"https:\/\/redsemlac.com\/semmexico\/wp-json\/wp\/v2\/posts"}],"about":[{"href":"https:\/\/redsemlac.com\/semmexico\/wp-json\/wp\/v2\/types\/post"}],"author":[{"embeddable":true,"href":"https:\/\/redsemlac.com\/semmexico\/wp-json\/wp\/v2\/users\/3"}],"replies":[{"embeddable":true,"href":"https:\/\/redsemlac.com\/semmexico\/wp-json\/wp\/v2\/comments?post=29714"}],"version-history":[{"count":0,"href":"https:\/\/redsemlac.com\/semmexico\/wp-json\/wp\/v2\/posts\/29714\/revisions"}],"wp:featuredmedia":[{"embeddable":true,"href":"https:\/\/redsemlac.com\/semmexico\/wp-json\/wp\/v2\/media\/29716"}],"wp:attachment":[{"href":"https:\/\/redsemlac.com\/semmexico\/wp-json\/wp\/v2\/media?parent=29714"}],"wp:term":[{"taxonomy":"category","embeddable":true,"href":"https:\/\/redsemlac.com\/semmexico\/wp-json\/wp\/v2\/categories?post=29714"},{"taxonomy":"post_tag","embeddable":true,"href":"https:\/\/redsemlac.com\/semmexico\/wp-json\/wp\/v2\/tags?post=29714"}],"curies":[{"name":"wp","href":"https:\/\/api.w.org\/{rel}","templated":true}]}}