{"id":29706,"date":"2020-12-09T18:02:26","date_gmt":"2020-12-09T18:02:26","guid":{"rendered":"https:\/\/redsemlac.com\/semmexico\/?p=29706"},"modified":"2023-07-21T16:40:06","modified_gmt":"2023-07-21T21:40:06","slug":"violencias-machistas-en-redes-mas-alla-que-correr-la-voz","status":"publish","type":"post","link":"https:\/\/redsemlac.com\/semmexico\/violencias-machistas-en-redes-mas-alla-que-correr-la-voz\/","title":{"rendered":"Violencias machistas en redes, m\u00e1s all\u00e1 que correr la voz"},"content":{"rendered":"\n<h2 class=\"wp-block-heading\"><strong>D\u00eda 15 #16D\u00edasDeAcci\u00f3n<\/strong><\/h2>\n\n\n\n<p class=\"wp-block-paragraph\"><strong>Por Lirians Gordillo Pi\u00f1a \/ Foto: Cortes\u00eda de la entrevistada.<\/strong><\/p>\n\n\n\n<p class=\"wp-block-paragraph\">SemM\u00e9xico\/SemLac. La Habana, Cuba. 09 de diciembre 2020.- Especialistas y activistas reconocen que el primer paso para dar soluci\u00f3n a las violencias machistas es reconocerlas, denunciarlas y visibilizarlas para promover respuestas integrales y ganar en conciencia social.<\/p>\n\n\n\n<div class=\"wp-block-image\"><figure class=\"alignleft size-large\"><img loading=\"lazy\" decoding=\"async\" width=\"200\" height=\"298\" src=\"https:\/\/redsemlac.com\/semmexico\/wp-content\/uploads\/2020\/12\/unnamed-3.gif\" alt=\"\" class=\"wp-image-29707\"\/><figcaption><strong><em>Mariana Camejo<\/em><\/strong><\/figcaption><\/figure><\/div>\n\n\n\n<p class=\"wp-block-paragraph\">La periodista y feminista Mariana Camejo opina que en Cuba \u201cinternet es un eje importante para comprender c\u00f3mo se est\u00e1 comportando la violencia de g\u00e9nero y c\u00f3mo se ha hecho parte de la agenda p\u00fablica\u201d.<\/p>\n\n\n\n<p class=\"wp-block-paragraph\">Sin embargo, las redes sociales son, a la vez, aliadas y escenario para la revictimizaci\u00f3n. No son escasos los mensajes que reproducen mitos sobre la violencia de g\u00e9nero, exponen a las v\u00edctimas, cuestionan sus testimonios y, en ocasiones, las responsabilizan por el maltrato.<\/p>\n\n\n\n<p class=\"wp-block-paragraph\">Si bien la respuesta no puede ser el silencio, hacerlo bien necesita de sensibilizaci\u00f3n y conocimiento. Estas son apuestas necesarias para Camejo, una de las coordinadoras de la publicaci\u00f3n Con\/texto Magazine.<\/p>\n\n\n\n<p class=\"wp-block-paragraph\"><strong>\u00bfC\u00f3mo el espacio virtual y las redes sociales han contribuido a denunciar y visibilizar las violencias machistas y el femicidio en Cuba?<\/strong><\/p>\n\n\n\n<p class=\"wp-block-paragraph\">El espacio virtual ha sido pr\u00e1cticamente imprescindible, sobre todo en los \u00faltimos tiempos, con el acceso a internet, la disponibilidad de datos m\u00f3viles y particularmente este a\u00f1o por la pandemia de la covid-19 y el aumento de la violencia de g\u00e9nero a nivel mundial.<\/p>\n\n\n\n<p class=\"wp-block-paragraph\">Las redes sociales en Cuba han ayudado mucho a visibilizar las violencias machistas y la incidencia de los feminicidios en Cuba, desde m\u00faltiples plataformas, como Yo s\u00ed te creo en Cuba, la agencia IPS, SEMlac Cuba y medios independientes que han estado tratando la visibilizaci\u00f3n de los feminicidios. Es v\u00e1lido decir que desde los medios estatales se ha empezado a ver una mayor voluntad de tratar la violencia de g\u00e9nero y, por tanto, esto ha tenido repercusi\u00f3n en las redes sociales.<\/p>\n\n\n\n<p class=\"wp-block-paragraph\"><strong>Sin embargo, las redes tambi\u00e9n son un espacio de revictimizaci\u00f3n. \u00bfCu\u00e1les crees son algunas de sus manifestaciones?<\/strong><\/p>\n\n\n\n<p class=\"wp-block-paragraph\">Las redes, efectivamente, son un espacio de revictimizaci\u00f3n. Yo dir\u00eda que la principal manera de revictimizar es cuando se replican, comparten y publican las im\u00e1genes de mujeres victimizadas. Existe una equivocaci\u00f3n cuando las personas justifican esas acciones por la necesidad de visibilizar estos problemas. Yo pienso que hace falta visibilizar, pero tambi\u00e9n hay que tener una \u00e9tica para hacerlo y una \u00e9tica que comprenda la dignidad de la personas.<\/p>\n\n\n\n<p class=\"wp-block-paragraph\">Las personas lo merecen y cuando se socava su dignidad como sujetos de derecho, como sucede con un feminicidio o con las violencias machistas en general, es muy importante que la manera en que se aborde el tema sea dirigida a la restituci\u00f3n de sus derechos.<\/p>\n\n\n\n<p class=\"wp-block-paragraph\">Por eso creo que la principal manifestaci\u00f3n es esa; cuando se construyen mensajes donde comunicativamente hay una revictimizaci\u00f3n y cuando se comparten fotos, por ejemplo, de mujeres asesinadas. Esta es una de las manifestaciones m\u00e1s fuertes, claras, evidentes y preocupantes.<\/p>\n\n\n\n<p class=\"wp-block-paragraph\"><strong>\u00bfQu\u00e9 recomiendas para evitar la revictimizaci\u00f3n en las redes sociales?<\/strong><\/p>\n\n\n\n<p class=\"wp-block-paragraph\">Lo primero que dir\u00eda es que todo el mundo tiene que comprender que las fotos de mujeres v\u00edctimas de violencia de g\u00e9nero no hay que compartirlas. Y creo que ser\u00eda fundamental tener una campa\u00f1a de comunicaci\u00f3n dirigida a eso, que eduque en cuanto a c\u00f3mo abordar los temas.<\/p>\n\n\n\n<p class=\"wp-block-paragraph\">Tambi\u00e9n creo que periodistas y todas las personas que se dedican a trabajar de alguna manera dentro del campo de la comunicaci\u00f3n necesitan m\u00e1s preparaci\u00f3n sobre esto, me refiero tambi\u00e9n a quienes ilustran, dise\u00f1an, editan, las personas decisoras en los medios, entre otras.<\/p>\n\n\n\n<p class=\"wp-block-paragraph\">En todas las personas que tienen que ver con el campo de la comunicaci\u00f3n es necesario que exista mayor concientizaci\u00f3n del problema, m\u00e1s herramientas para tratarlo; y eso implica preparaci\u00f3n, m\u00e1s que en comunicaci\u00f3n de g\u00e9nero, en comunicaci\u00f3n feminista y con ideas muy claras de c\u00f3mo no revictimizar.<\/p>\n\n\n\n<p class=\"wp-block-paragraph\"><strong>\u00bfC\u00f3mo conectar, desde la lucha contras las violencias machistas, el espacio online y offline?<\/strong><\/p>\n\n\n\n<p class=\"wp-block-paragraph\">Lo primero ser\u00eda conectar las campa\u00f1as de comunicaci\u00f3n con los espacios no virtuales, que exista un reflejo o impacto de lo que sucede en el mundo virtual en una acci\u00f3n. Es necesario incidir en la educaci\u00f3n y el sistema de educaci\u00f3n cubano, para que estos asuntos empiecen a tratarse en las escuelas y puedan llegar mucho m\u00e1s al nivel local.<\/p>\n\n\n\n<p class=\"wp-block-paragraph\">No es suficiente con que haya una campa\u00f1a a nivel nacional, que existan medios que aborden el problema; necesitamos llevarlo a la localidad, a las organizaciones sociales, a los modos de organizaci\u00f3n social m\u00e1s b\u00e1sicos que existen en nuestra sociedad. Tenemos que educar incluso a los ni\u00f1os y a las ni\u00f1as y eso no se resuelve solamente con campa\u00f1as en el espacio virtual. Definitivamente, hay que ir mucho m\u00e1s all\u00e1 y pensarlo dentro de otras formas de organizaci\u00f3n de nuestra sociedad que no sea solamente la comunicaci\u00f3n.<\/p>\n","protected":false},"excerpt":{"rendered":"<p>Especialistas y activistas reconocen que el primer paso para dar soluci\u00f3n a las violencias machistas es reconocerlas, denunciarlas y visibilizarlas<\/p>\n","protected":false},"author":3,"featured_media":29708,"comment_status":"open","ping_status":"open","sticky":false,"template":"","format":"standard","meta":{"_monsterinsights_skip_tracking":false,"footnotes":""},"categories":[200,691],"tags":[],"class_list":["post-29706","post","type-post","status-publish","format-standard","has-post-thumbnail","category-16-dias-de-activismo-para-saber","category-691"],"_links":{"self":[{"href":"https:\/\/redsemlac.com\/semmexico\/wp-json\/wp\/v2\/posts\/29706","targetHints":{"allow":["GET"]}}],"collection":[{"href":"https:\/\/redsemlac.com\/semmexico\/wp-json\/wp\/v2\/posts"}],"about":[{"href":"https:\/\/redsemlac.com\/semmexico\/wp-json\/wp\/v2\/types\/post"}],"author":[{"embeddable":true,"href":"https:\/\/redsemlac.com\/semmexico\/wp-json\/wp\/v2\/users\/3"}],"replies":[{"embeddable":true,"href":"https:\/\/redsemlac.com\/semmexico\/wp-json\/wp\/v2\/comments?post=29706"}],"version-history":[{"count":0,"href":"https:\/\/redsemlac.com\/semmexico\/wp-json\/wp\/v2\/posts\/29706\/revisions"}],"wp:featuredmedia":[{"embeddable":true,"href":"https:\/\/redsemlac.com\/semmexico\/wp-json\/wp\/v2\/media\/29708"}],"wp:attachment":[{"href":"https:\/\/redsemlac.com\/semmexico\/wp-json\/wp\/v2\/media?parent=29706"}],"wp:term":[{"taxonomy":"category","embeddable":true,"href":"https:\/\/redsemlac.com\/semmexico\/wp-json\/wp\/v2\/categories?post=29706"},{"taxonomy":"post_tag","embeddable":true,"href":"https:\/\/redsemlac.com\/semmexico\/wp-json\/wp\/v2\/tags?post=29706"}],"curies":[{"name":"wp","href":"https:\/\/api.w.org\/{rel}","templated":true}]}}