{"id":29696,"date":"2020-12-08T23:41:23","date_gmt":"2020-12-08T23:41:23","guid":{"rendered":"https:\/\/redsemlac.com\/semmexico\/?p=29696"},"modified":"2023-07-21T16:40:06","modified_gmt":"2023-07-21T21:40:06","slug":"violentan-huelga-de-notimex","status":"publish","type":"post","link":"https:\/\/redsemlac.com\/semmexico\/violentan-huelga-de-notimex\/","title":{"rendered":"Violentan Huelga de Notimex"},"content":{"rendered":"\n<ul class=\"wp-block-list\"><li><strong>Urge intervenci\u00f3n de la presidencia de la Rep\u00fablica para detener el amedrentamiento y hostigamiento a las y los trabajadores en huelga de Notimex<\/strong><\/li><\/ul>\n\n\n\n<p class=\"wp-block-paragraph\"><strong>Redacci\u00f3n<\/strong><\/p>\n\n\n\n<p class=\"wp-block-paragraph\">SemM\u00e9xico. Cd. de M\u00e9xico. 8 de diciembre de 2020.- En una acci\u00f3n aparentemente premeditada por la direcci\u00f3n general de Notimex, a cargo de Sanjuana Mart\u00ednez, en posible contubernio con personas que se ostentaron como due\u00f1os del inmueble, hoy se suscit\u00f3 un allanamiento de forma violenta a la sede alterna ilegal de la Agencia de Noticias de Estado Mexicano, bajo vigilancia de los huelguistas del Sindicato \u00danico de Trabajadores de Notimex (SutNotimex), en un claro intento de amedrentaci\u00f3n.<\/p>\n\n\n\n<p class=\"wp-block-paragraph\">De acuerdo con un comunicado de prensa del SutNotimex, al lugar llegaron seis sujetos que arremetieron contra dos compa\u00f1eras que se encontraban en guardia en el campamento ubicado en la calle de \u00c1frica 15, colonia Concepci\u00f3n, Alcald\u00eda Coyoac\u00e1n. Sin mediar, rompieron mantas e intentaron abrir las puertas de acceso, y tras agredir f\u00edsicamente a las compa\u00f1eras, uno de los sujetos se brinc\u00f3 una pared para ingresar al inmueble.<\/p>\n\n\n\n<p class=\"wp-block-paragraph\">En tanto, los otros sujetos que permanecieron en la calle, uno de ellos identificado como Hugo Ledesma, quien dijo ser due\u00f1o de la propiedad y reconoci\u00f3 que renta el lugar a Notimex, argumentaban que ten\u00edan derecho a ingresar de cualquier manera. Sin embargo, en ning\u00fan momento ninguno de ellos se identific\u00f3 ni present\u00f3 documentaci\u00f3n alguna que acreditara su dicho.<\/p>\n\n\n\n<figure class=\"wp-block-video\"><video height=\"352\" style=\"aspect-ratio: 640 \/ 352;\" width=\"640\" controls src=\"https:\/\/redsemlac.com\/semmexico\/wp-content\/uploads\/2020\/12\/WhatsApp-Video-2020-12-08-at-3.57.03-PM.mp4\"><\/video><\/figure>\n\n\n\n<figure class=\"wp-block-video\"><video height=\"352\" style=\"aspect-ratio: 640 \/ 352;\" width=\"640\" controls src=\"https:\/\/redsemlac.com\/semmexico\/wp-content\/uploads\/2020\/12\/WhatsApp-Video-2020-12-08-at-3.57.03-PM-1.mp4\"><\/video><\/figure>\n\n\n\n<p class=\"wp-block-paragraph\">El sujeto que ingres\u00f3 de forma ilegal al inmueble, estuvo por un lapso de tres horas al interior. Se desconoce la actividad que llev\u00f3 a cabo. Por tal motivo, el Sindicato \u00danico de Trabajadores de Notimex (SutNotimex) se deslinda de cualquier acto ilegal, manipulaci\u00f3n de equipos y documentos o sustracci\u00f3n de los mismos, as\u00ed como del uso indebido que se pueda dar a la informaci\u00f3n que est\u00e1 dentro del centro de operaciones de Notimex.<\/p>\n\n\n\n<p class=\"wp-block-paragraph\">En un acto m\u00e1s de criminalizaci\u00f3n, los supuestos representantes legales del due\u00f1o, acusaron ante las autoridades que acudieron, que los huelguistas ten\u00edan privada de la libertad a la persona que entr\u00f3 de forma ilegal. Un hecho que fue constatado como falso, dado que el se\u00f1or sali\u00f3 por la puerta principal, misma que abri\u00f3 con su propia llave, despu\u00e9s de haber sido exhortado por elementos de la Secretar\u00eda de Seguridad Ciudadana a desalojar el inmueble.<\/p>\n\n\n\n<p class=\"wp-block-paragraph\">Por lo anterior, el SutNotimex solicita la intervenci\u00f3n urgente de las autoridades correspondientes y del presidente Andr\u00e9s Manuel L\u00f3pez Obrador (AMLO) para que cesen los hostigamientos, agresiones y ofensas hacia las y los trabajadores que est\u00e1n ejerciendo su derecho constitucional de huelga.<\/p>\n\n\n\n<p class=\"wp-block-paragraph\">En tanto, el SutNotimex interpondr\u00e1 los recursos legales correspondientes ante las autoridades, para que esta agresi\u00f3n no se quede impune y se sancione a los responsables.<\/p>\n","protected":false},"excerpt":{"rendered":"<p>Urge intervenci\u00f3n de la presidencia de la Rep\u00fablica para detener el amedrentamiento y hostigamiento a las y los trabajadores en huelga de Notimex<\/p>\n","protected":false},"author":3,"featured_media":29697,"comment_status":"open","ping_status":"open","sticky":false,"template":"","format":"standard","meta":{"_monsterinsights_skip_tracking":false,"footnotes":""},"categories":[691,55],"tags":[],"class_list":["post-29696","post","type-post","status-publish","format-standard","has-post-thumbnail","category-691","category-periodistas"],"_links":{"self":[{"href":"https:\/\/redsemlac.com\/semmexico\/wp-json\/wp\/v2\/posts\/29696","targetHints":{"allow":["GET"]}}],"collection":[{"href":"https:\/\/redsemlac.com\/semmexico\/wp-json\/wp\/v2\/posts"}],"about":[{"href":"https:\/\/redsemlac.com\/semmexico\/wp-json\/wp\/v2\/types\/post"}],"author":[{"embeddable":true,"href":"https:\/\/redsemlac.com\/semmexico\/wp-json\/wp\/v2\/users\/3"}],"replies":[{"embeddable":true,"href":"https:\/\/redsemlac.com\/semmexico\/wp-json\/wp\/v2\/comments?post=29696"}],"version-history":[{"count":0,"href":"https:\/\/redsemlac.com\/semmexico\/wp-json\/wp\/v2\/posts\/29696\/revisions"}],"wp:featuredmedia":[{"embeddable":true,"href":"https:\/\/redsemlac.com\/semmexico\/wp-json\/wp\/v2\/media\/29697"}],"wp:attachment":[{"href":"https:\/\/redsemlac.com\/semmexico\/wp-json\/wp\/v2\/media?parent=29696"}],"wp:term":[{"taxonomy":"category","embeddable":true,"href":"https:\/\/redsemlac.com\/semmexico\/wp-json\/wp\/v2\/categories?post=29696"},{"taxonomy":"post_tag","embeddable":true,"href":"https:\/\/redsemlac.com\/semmexico\/wp-json\/wp\/v2\/tags?post=29696"}],"curies":[{"name":"wp","href":"https:\/\/api.w.org\/{rel}","templated":true}]}}