{"id":29693,"date":"2020-12-08T23:34:03","date_gmt":"2020-12-08T23:34:03","guid":{"rendered":"https:\/\/redsemlac.com\/semmexico\/?p=29693"},"modified":"2023-07-21T16:40:06","modified_gmt":"2023-07-21T21:40:06","slug":"el-observatorio-de-participacion-politica-de-las-mujeres-en-mexico-estara-en-manos-del-tepjf","status":"publish","type":"post","link":"https:\/\/redsemlac.com\/semmexico\/el-observatorio-de-participacion-politica-de-las-mujeres-en-mexico-estara-en-manos-del-tepjf\/","title":{"rendered":"El Observatorio de Participaci\u00f3n Pol\u00edtica de las Mujeres en M\u00e9xico estar\u00e1 en manos del TEPJF"},"content":{"rendered":"\n<ul class=\"wp-block-list\"><li><strong>El reto, hacer cumplir la paridad libre de violencia y garantizar el derecho de participaci\u00f3n pol\u00edtica de las mujeres.<\/strong><\/li><\/ul>\n\n\n\n<p class=\"wp-block-paragraph\"><strong>Elda Montiel\u00a0<\/strong><\/p>\n\n\n\n<p class=\"wp-block-paragraph\">SemM\u00e9xico. Cd. de M\u00e9xico. 7 de diciembre 2020.- Para el 2021 cuando se realizar\u00e1n los m\u00e1s grandes y complejos comicios de la historia electoral del pa\u00eds, el Observatorio de Participaci\u00f3n Pol\u00edtica de las Mujeres en M\u00e9xico (OPPMM) estar\u00e1 en manos del Tribunal Electoral del Poder Judicial de la Federaci\u00f3n (TEPJF), el mismo que recibir\u00e1 las quejas de violencia pol\u00edtica contra las mujeres.&nbsp;<\/p>\n\n\n\n<p class=\"wp-block-paragraph\">El Instituto Nacional de las Mujeres (Inmujeres) hizo la entrega formal de la presidencia y secretar\u00eda t\u00e9cnica al TEPJF en sesi\u00f3n protocolaria, para dar continuidad al trabajo interinstitucional y refrendar el compromiso con las mujeres de M\u00e9xico.<\/p>\n\n\n\n<p class=\"wp-block-paragraph\">Cabe recordar que el pr\u00f3ximo a\u00f1o se habr\u00e1n de renovar 500 diputaciones federales, 15 gubernaturas, mil 926 ayuntamientos y mil 63 diputaciones en las que podr\u00e1n participar un mayor n\u00famero de mujeres y se pondr\u00e1 a prueba la aplicaci\u00f3n eficaz y efectiva de la legislaci\u00f3n que sanciona la violencia pol\u00edtica en raz\u00f3n de g\u00e9nero del pasado 13 de abril.&nbsp;<\/p>\n\n\n\n<p class=\"wp-block-paragraph\">Despu\u00e9s de casi dos a\u00f1os de haber tomado la presidencia y secretaria t\u00e9cnica del OPPMM, el Inmujeres,&nbsp;se elabor\u00f3 un plan de trabajo con herramientas de incidencia para consolidar la paridad en todo lo, que se plasm\u00f3 en el documento \u201cHacia la Consolidaci\u00f3n de la Paridad Pol\u00edtica: Metodolog\u00eda del \u00cdndice de Paridad Pol\u00edtica en el \u00c1mbito Local y Bases Argumentativas para la Armonizaci\u00f3n Estatal\u201d; mismo en el que tambi\u00e9n participaron los 32 Observatorios locales del pa\u00eds.<\/p>\n\n\n\n<p class=\"wp-block-paragraph\">Precis\u00f3 que constituyen dos herramientas electorales importantes; el \u00cdndice de Paridad Pol\u00edtica en el \u00c1mbito Local (IPPAL) que permite medir en las 32 entidades federativas del pa\u00eds, el grado de incorporaci\u00f3n de las mujeres a espacios de toma de decisiones.<\/p>\n\n\n\n<p class=\"wp-block-paragraph\">Y las Bases Argumentativas para la Armonizaci\u00f3n Legislativa Estatal con base en el principio Constitucional de paridad en todo.&nbsp;<\/p>\n\n\n\n<p class=\"wp-block-paragraph\">La doctora Nadine Gasman Zylbermann, titular del Inmujeres, hizo un llamado a las instituciones electorales a garantizar los derechos de representaci\u00f3n y participaci\u00f3n de las mujeres en su diversidad, particularmente de las ind\u00edgenas y afromexicanas en la pr\u00f3xima contienda electoral.&nbsp;<\/p>\n\n\n\n<p class=\"wp-block-paragraph\">A los partidos pol\u00edticos los exhort\u00f3 a respetar y cumplir el principio de paridad en todas las candidaturas, incluyendo por supuesto en los cargos unipersonales como son las gubernaturas.<\/p>\n\n\n\n<p class=\"wp-block-paragraph\">El Magistrado Presidente Jos\u00e9 Luis Vargas Valdez destac\u00f3 que el Observatorio se ha consolidado como un espacio para el di\u00e1logo y la generaci\u00f3n de materiales necesarios para cerrar la brecha de g\u00e9nero en M\u00e9xico.<\/p>\n\n\n\n<p class=\"wp-block-paragraph\">Anunci\u00f3 que en pr\u00f3ximos d\u00edas el Consejo General del INE analizar\u00e1 un conjunto de acuerdos que son indispensables para complementar la equidad en los procesos electorales de 2021&nbsp;y&nbsp;evitar que se propicie alg\u00fan sesgo de g\u00e9nero en la postulaci\u00f3n de candidatas mujeres a los cargos de elecci\u00f3n popular.<\/p>\n\n\n\n<p class=\"wp-block-paragraph\">As\u00ed como ampliar la cuota de representaci\u00f3n de pueblos y comunidades ind\u00edgenas en la C\u00e1mara de Diputadas y Diputados.&nbsp;<\/p>\n\n\n\n<p class=\"wp-block-paragraph\">Destac\u00f3 que con la participaci\u00f3n de las instituciones que integran el Observatorio, de las organizaciones de la sociedad civil y activistas se elevar\u00e1 el contexto de exigencia a las autoridades electorales, actores pol\u00edticos y medios de comunicaci\u00f3n.<\/p>\n\n\n\n<p class=\"wp-block-paragraph\">De esta manera expres\u00f3 su confianza en que los pr\u00f3ximos comicios, adem\u00e1s de ser los m\u00e1s grandes de la historia del pa\u00eds, tambi\u00e9n se conviertan en la mayor escuela de paridad, de competencia equitativa, de erradicaci\u00f3n de la violencia ominosa en contra de las mujeres y, en particular, de la violencia pol\u00edtica contra las mujeres en raz\u00f3n de g\u00e9nero.<\/p>\n\n\n\n<p class=\"wp-block-paragraph\">La magistrada M\u00f3nica Aral\u00ed Soto Fregoso reconoci\u00f3 la labor del Observatorio como impulsor de importantes momentos que finalmente nos llevaron a la aplicaci\u00f3n de la paridad Constitucional, y mencion\u00f3 que nos enfrentamos al m\u00e1s amplio reto en las pr\u00f3ximas elecciones para hacer cumplir la paridad libre de violencia, por cual nos encontramos en la obligaci\u00f3n de garantizar el derecho de participaci\u00f3n pol\u00edtica de las mujeres.<\/p>\n\n\n\n<p class=\"wp-block-paragraph\">Al finalizar, se present\u00f3 el documento \u00abConsolidar la paridad y transformar las democracias: Situaciones y retos a los que hacen frente las mujeres que se desempe\u00f1an como presidentas municipales en M\u00e9xico\u201d, por parte de la se\u00f1ora Natalia Calero S\u00e1nchez, Oficial de Programas en ONU Mujeres M\u00e9xico, en representaci\u00f3n de la se\u00f1ora Bel\u00e9n Sanz Luque y el doctor Javier Aparicio Castillo, consultor especialista.<\/p>\n","protected":false},"excerpt":{"rendered":"<p>El reto, hacer cumplir la paridad libre de violencia y garantizar el derecho de participaci\u00f3n pol\u00edtica de las mujeres.<\/p>\n","protected":false},"author":3,"featured_media":29694,"comment_status":"open","ping_status":"open","sticky":false,"template":"","format":"standard","meta":{"_monsterinsights_skip_tracking":false,"footnotes":""},"categories":[691,141],"tags":[],"class_list":["post-29693","post","type-post","status-publish","format-standard","has-post-thumbnail","category-691","category-elecciones-2020-2021"],"_links":{"self":[{"href":"https:\/\/redsemlac.com\/semmexico\/wp-json\/wp\/v2\/posts\/29693","targetHints":{"allow":["GET"]}}],"collection":[{"href":"https:\/\/redsemlac.com\/semmexico\/wp-json\/wp\/v2\/posts"}],"about":[{"href":"https:\/\/redsemlac.com\/semmexico\/wp-json\/wp\/v2\/types\/post"}],"author":[{"embeddable":true,"href":"https:\/\/redsemlac.com\/semmexico\/wp-json\/wp\/v2\/users\/3"}],"replies":[{"embeddable":true,"href":"https:\/\/redsemlac.com\/semmexico\/wp-json\/wp\/v2\/comments?post=29693"}],"version-history":[{"count":0,"href":"https:\/\/redsemlac.com\/semmexico\/wp-json\/wp\/v2\/posts\/29693\/revisions"}],"wp:featuredmedia":[{"embeddable":true,"href":"https:\/\/redsemlac.com\/semmexico\/wp-json\/wp\/v2\/media\/29694"}],"wp:attachment":[{"href":"https:\/\/redsemlac.com\/semmexico\/wp-json\/wp\/v2\/media?parent=29693"}],"wp:term":[{"taxonomy":"category","embeddable":true,"href":"https:\/\/redsemlac.com\/semmexico\/wp-json\/wp\/v2\/categories?post=29693"},{"taxonomy":"post_tag","embeddable":true,"href":"https:\/\/redsemlac.com\/semmexico\/wp-json\/wp\/v2\/tags?post=29693"}],"curies":[{"name":"wp","href":"https:\/\/api.w.org\/{rel}","templated":true}]}}