{"id":29690,"date":"2020-12-08T23:31:12","date_gmt":"2020-12-08T23:31:12","guid":{"rendered":"https:\/\/redsemlac.com\/semmexico\/?p=29690"},"modified":"2023-07-21T16:40:06","modified_gmt":"2023-07-21T21:40:06","slug":"sistema-de-atencion-a-victimas-de-violencia-de-genero-en-la-fiscalia-de-la-cdmx","status":"publish","type":"post","link":"https:\/\/redsemlac.com\/semmexico\/sistema-de-atencion-a-victimas-de-violencia-de-genero-en-la-fiscalia-de-la-cdmx\/","title":{"rendered":"Sistema de Atenci\u00f3n a v\u00edctimas de violencia de g\u00e9nero en la Fiscal\u00eda de la CDMX"},"content":{"rendered":"\n<ul class=\"wp-block-list\"><li><strong>Acompa\u00f1amiento legal y psicosocial para v\u00edctimas de violencia sexual, familiar y v\u00edctimas indirectas de feminicidio.\u00a0<\/strong><\/li><\/ul>\n\n\n\n<ul class=\"wp-block-list\"><li><strong>Ayuda inmediata para la interrupci\u00f3n legal del embarazo por violencia y fondo de apoyo para emergencias<\/strong><\/li><\/ul>\n\n\n\n<ul class=\"wp-block-list\"><li><strong>540 medidas de protecci\u00f3n por telepresencia<\/strong><\/li><\/ul>\n\n\n\n<p class=\"wp-block-paragraph\">Elda Montiel&nbsp;<\/p>\n\n\n\n<p class=\"wp-block-paragraph\">SemM\u00e9xico. Cd. de M\u00e9xico. 8 de diciembre 2020.- En el marco del D\u00eda de los Derechos Humanos que se celebra el 10 de diciembre, la Fiscal General de Justicia de la Ciudad de M\u00e9xico, Ernestina Godoy, dio a conocer los servicios que ofrece la instituci\u00f3n para la atenci\u00f3n integral a mujeres y ni\u00f1as v\u00edctimas de violencia de g\u00e9nero.<\/p>\n\n\n\n<p class=\"wp-block-paragraph\">Precis\u00f3 que se cuenta con el Sistema de Auxilio a V\u00edctimas del Delito que brinda atenci\u00f3n integral e inmediata en materia jur\u00eddica y psicosocial, as\u00ed como acompa\u00f1amiento durante el proceso penal en casos de violencia sexual, violencia familiar, y v\u00edctimas indirectas de feminicidios, que est\u00e1 integrado en cinco centros de atenci\u00f3n especializada seg\u00fan las necesidades de las v\u00edctimas.&nbsp;<\/p>\n\n\n\n<p class=\"wp-block-paragraph\">Destac\u00f3 como acci\u00f3n fundamental la terapia psicol\u00f3gica para las v\u00edctimas, por lo que el Sistema ha emitido, en este a\u00f1o, tres mil 779 dict\u00e1menes psicol\u00f3gicos, a partir de los cuales se desarrolla un plan de empoderamiento y de terapia, y brindado 68 mil 381 atenciones jur\u00eddicas.<\/p>\n\n\n\n<p class=\"wp-block-paragraph\">Ernestina Godoy expres\u00f3 que lo primordial en la justicia son las v\u00edctimas y su posibilidad de volver a sentirse capaces de llevar una vida plena y sin miedo. \u201cEn eso trabajamos todos los d\u00edas\u201d.&nbsp;<\/p>\n\n\n\n<p class=\"wp-block-paragraph\">&nbsp;Agreg\u00f3 que garantizar el pleno ejercicio de los derechos humanos de una persona que ha sido v\u00edctima de un delito va m\u00e1s all\u00e1 de la labor ministerial, policial y pericial para esclarecer los casos y llevar ante un juez a los responsables.<\/p>\n\n\n\n<p class=\"wp-block-paragraph\">En un mensaje a la ciudadan\u00eda v\u00eda remota record\u00f3 que, con motivo de la pandemia, nos encontramos en una situaci\u00f3n muy complicada por lo que no debemos bajar la guardia. Prot\u00e9gete y protege a los dem\u00e1s.<\/p>\n\n\n\n<p class=\"wp-block-paragraph\"><strong><em>&nbsp;<\/em><\/strong>De los cinco centros, el Centro de Apoyo Sociojur\u00eddico a V\u00edctimas del Delito Violento, (ADEVI), ha fortalecido la atenci\u00f3n a v\u00edctimas indirectas de feminicidio en el acompa\u00f1amiento legal y psicosocial a la familia durante su entrevista ministerial, as\u00ed como en todas las diligencias en las que sea necesario que participe la familia.<\/p>\n\n\n\n<p class=\"wp-block-paragraph\">De manera conjunta se trabaja con la Secretar\u00eda de Salud de la Ciudad de M\u00e9xico para brindar servicios m\u00e9dicos gratuitos y de manera expedita en los casos de tentativa de feminicidio.&nbsp;<\/p>\n\n\n\n<p class=\"wp-block-paragraph\">En coordinaci\u00f3n con el DIF en caso de feminicidio de la madre para brindar la protecci\u00f3n necesaria a los ni\u00f1os, ni\u00f1as y adolescentes. As\u00ed como con un Fondo para Atenciones de Emergencia, para apoyar a las v\u00edctimas en el pago de gastos funerarios, y en caso de requerirlo, con hospedaje, alimentos y traslados que les permitan estar presentes al inicio de la investigaci\u00f3n.<\/p>\n\n\n\n<p class=\"wp-block-paragraph\">Del Centro de Terapia de Apoyo a V\u00edctimas de Delitos Sexuales, (CTA), que est\u00e1 dedicado a procurar la integridad f\u00edsica y emocional de las v\u00edctimas en este tipo de il\u00edcitos, destac\u00f3 la ayuda inmediata que brinda para la interrupci\u00f3n del embarazo y la atenci\u00f3n m\u00e9dica de emergencia durante las primeras 72 horas de la agresi\u00f3n.<\/p>\n\n\n\n<p class=\"wp-block-paragraph\">Este a\u00f1o se ha apoyado a 11 mujeres v\u00edctimas con los tr\u00e1mites para la interrupci\u00f3n legal del embarazo en cl\u00ednicas de la Ciudad y se entregaron 463 kits retrovirales de emergencia. El CTA proporciona acompa\u00f1amiento durante el proceso y gestiona ante la Secretar\u00eda de Salud la intervenci\u00f3n m\u00e9dica.<\/p>\n\n\n\n<h3 class=\"wp-block-heading\"><strong>540 medidas de protecci\u00f3n por telepresencia<\/strong><\/h3>\n\n\n\n<p class=\"wp-block-paragraph\">En el Centro de Atenci\u00f3n a la Violencia Familiar, (CAVI) el personal especializado analiza la situaci\u00f3n de riesgo que enfrenta una v\u00edctima, a fin de adoptar las acciones que mejor la protejan.&nbsp;<\/p>\n\n\n\n<p class=\"wp-block-paragraph\">Entre las principales acciones est\u00e1n las medidas de protecci\u00f3n, que hasta hace unos meses implicaba que las v\u00edctimas y el personal ministerial acudieran presencialmente ante un juez.&nbsp;Ante la emergencia sanitaria, en coordinaci\u00f3n con el Poder Judicial, a partir del 12 de mayo se solicitan estas medidas a distancia. En lo que va del a\u00f1o se han tramitado y obtenido 540 medidas de protecci\u00f3n por telepresencia.<\/p>\n\n\n\n<h3 class=\"wp-block-heading\"><strong>Atenci\u00f3n a grupos vulnerables como adultas mayores y comunidad LGBT<\/strong><strong><\/strong><\/h3>\n\n\n\n<p class=\"wp-block-paragraph\">&nbsp;El Centro de Atenci\u00f3n a Riesgos Victimales y Adicciones, (CARIVA), da acompa\u00f1amiento integral, entre otros sectores de la poblaci\u00f3n, a mujeres adultas mayores v\u00edctimas del delito de violencia familiar. A fin de garantizar la protecci\u00f3n m\u00e1s amplia, se cuenta con una estrecha relaci\u00f3n con el Instituto para el Envejecimiento Digno, asimismo el centro atiende a personas de la comunidad LGBT y +, y pertenecientes a grupos de atenci\u00f3n prioritaria.<\/p>\n\n\n\n<p class=\"wp-block-paragraph\">Este mes han atendido a 20 mujeres adultas mayores con dificultades para leer y escribir o con alguna discapacidad. Tambi\u00e9n se atendi\u00f3 a dos mujeres pertenecientes a la comunidad LGBT y +, por el delito de discriminaci\u00f3n y violencia familiar.<\/p>\n\n\n\n<h3 class=\"wp-block-heading\"><strong>Atenci\u00f3n a personas generadoras de violencia<\/strong><strong><\/strong><\/h3>\n\n\n\n<p class=\"wp-block-paragraph\">El quinto centro es el Centro de Investigaci\u00f3n Victimol\u00f3gica y de Apoyo Operativo, (CIVA) el cual ha desarrollado uno de los pocos modelos dedicados a brindar atenci\u00f3n psicoterap\u00e9utica a personas generadores de violencia familiar.<\/p>\n\n\n\n<p class=\"wp-block-paragraph\">&nbsp;Adem\u00e1s, que el CIVA tiene a su cargo a los asesores jur\u00eddicos de la fiscal\u00eda, que son la representaci\u00f3n legal de las v\u00edctimas en la Ciudad de M\u00e9xico, a fin de garantizar y hacer efectivo el acceso a la justicia. Durante 2020 este centro ha brindado 68 mil 381 atenciones.<\/p>\n","protected":false},"excerpt":{"rendered":"<p>Acompa\u00f1amiento legal y psicosocial para v\u00edctimas de violencia sexual, familiar y v\u00edctimas indirectas de feminicidio. <\/p>\n","protected":false},"author":3,"featured_media":29691,"comment_status":"open","ping_status":"open","sticky":false,"template":"","format":"standard","meta":{"_monsterinsights_skip_tracking":false,"footnotes":""},"categories":[691,51],"tags":[],"class_list":["post-29690","post","type-post","status-publish","format-standard","has-post-thumbnail","category-691","category-ejecutivo"],"_links":{"self":[{"href":"https:\/\/redsemlac.com\/semmexico\/wp-json\/wp\/v2\/posts\/29690","targetHints":{"allow":["GET"]}}],"collection":[{"href":"https:\/\/redsemlac.com\/semmexico\/wp-json\/wp\/v2\/posts"}],"about":[{"href":"https:\/\/redsemlac.com\/semmexico\/wp-json\/wp\/v2\/types\/post"}],"author":[{"embeddable":true,"href":"https:\/\/redsemlac.com\/semmexico\/wp-json\/wp\/v2\/users\/3"}],"replies":[{"embeddable":true,"href":"https:\/\/redsemlac.com\/semmexico\/wp-json\/wp\/v2\/comments?post=29690"}],"version-history":[{"count":0,"href":"https:\/\/redsemlac.com\/semmexico\/wp-json\/wp\/v2\/posts\/29690\/revisions"}],"wp:featuredmedia":[{"embeddable":true,"href":"https:\/\/redsemlac.com\/semmexico\/wp-json\/wp\/v2\/media\/29691"}],"wp:attachment":[{"href":"https:\/\/redsemlac.com\/semmexico\/wp-json\/wp\/v2\/media?parent=29690"}],"wp:term":[{"taxonomy":"category","embeddable":true,"href":"https:\/\/redsemlac.com\/semmexico\/wp-json\/wp\/v2\/categories?post=29690"},{"taxonomy":"post_tag","embeddable":true,"href":"https:\/\/redsemlac.com\/semmexico\/wp-json\/wp\/v2\/tags?post=29690"}],"curies":[{"name":"wp","href":"https:\/\/api.w.org\/{rel}","templated":true}]}}