{"id":29685,"date":"2020-12-08T23:22:51","date_gmt":"2020-12-08T23:22:51","guid":{"rendered":"https:\/\/redsemlac.com\/semmexico\/?p=29685"},"modified":"2023-07-21T16:40:06","modified_gmt":"2023-07-21T21:40:06","slug":"la-cdhcm-ha-brindado-228-atenciones-a-mujeres-por-causas-de-violencia-familiar","status":"publish","type":"post","link":"https:\/\/redsemlac.com\/semmexico\/la-cdhcm-ha-brindado-228-atenciones-a-mujeres-por-causas-de-violencia-familiar\/","title":{"rendered":"La CDHCM ha brindado 228 atenciones a mujeres por causas de violencia familiar"},"content":{"rendered":"\n<p class=\"wp-block-paragraph\"><strong>Por: Lizbeth \u00c1lvarez Mart\u00ednez<\/strong><\/p>\n\n\n\n<p class=\"wp-block-paragraph\">SemM\u00e9xico. Cd. de M\u00e9xico. 8 de diciembre de 2020.- Del 14 de mayo al 4 de diciembre, la Comisi\u00f3n de Derechos Humanos de la Ciudad de M\u00e9xico (CDHCM) brind\u00f3, a trav\u00e9s de su L\u00ednea telef\u00f3nica #CDHCMamiga, 228 atenciones para dar atenci\u00f3n, contenci\u00f3n y acompa\u00f1amiento a mujeres en casos de violencia familiar y de pareja, as\u00ed lo inform\u00f3 la Presidenta del Organismo Defensor, Nashieli Ram\u00edrez Hern\u00e1ndez, al presentar el Informe sobre la operaci\u00f3n de la L\u00ednea, que implement\u00f3 luego de dos meses de confinamiento por la emergencia sanitaria de Covid-19.<\/p>\n\n\n\n<p class=\"wp-block-paragraph\">La funcionaria explic\u00f3 que la violencia de g\u00e9nero no tiene edad, pues las usuarias tienen en promedio 38 a\u00f1os, \u201caunque atendimos a una ni\u00f1a de 11 a\u00f1os y a una mujer de 72\u201d.&nbsp;<\/p>\n\n\n\n<p class=\"wp-block-paragraph\">El principal tipo de violencia reportado es el familiar (30%) y el de pareja (36%), aunque muchas usuarias llaman para verificar si lo que viven es violencia o para pedir apoyo psicoemocional, lo que representa un reto institucional para erradicar la normalizaci\u00f3n de las violencias, en un contexto donde 7 de cada 10 mujeres refieren haber estado expuestas a alg\u00fan tipo violencia, por lo menos alguna vez en su vida.<\/p>\n\n\n\n<p class=\"wp-block-paragraph\">Ante el confinamiento, durante el cual muchas mujeres se encontraron o se encuentran encerradas con sus victimarios, la CDHCM implement\u00f3 su L\u00ednea Amiga, ante el incremento de los casos de violencias, y ante el imperativo legal, \u00e9tico y moral de su trabajo para la contenci\u00f3n y promoci\u00f3n de los Derechos Humanos de las mujeres, as\u00ed como de las ni\u00f1as y adolescentes: \u201cLa L\u00ednea Amiga lleg\u00f3 con la pandemia, pero se quedar\u00e1 despu\u00e9s de ella\u201d.<\/p>\n\n\n\n<p class=\"wp-block-paragraph\">Ram\u00edrez Hern\u00e1ndez destac\u00f3 que el tiempo de respuesta es inmediato, tanto en mensaje de texto, como v\u00eda telef\u00f3nica, con un tiempo promedio de atenci\u00f3n de 42 minutos: \u201cHemos tenido comunicaciones de 2 minutos y hasta de 4 horas con 40 minutos, porque no es s\u00f3lo una llamada de gesti\u00f3n de servicios, sino para la contenci\u00f3n y el acompa\u00f1amiento en momentos de crisis\u201d.<\/p>\n\n\n\n<figure class=\"wp-block-gallery columns-1 is-cropped wp-block-gallery-1 is-layout-flex wp-block-gallery-is-layout-flex\"><ul class=\"blocks-gallery-grid\"><li class=\"blocks-gallery-item\"><figure><img decoding=\"async\" src=\"https:\/\/redsemlac.com\/semmexico\/wp-content\/uploads\/2020\/12\/FOTO-2-1024x473.jpg\" alt=\"\" data-id=\"29687\" data-full-url=\"https:\/\/redsemlac.com\/semmexico\/wp-content\/uploads\/2020\/12\/FOTO-2.jpg\" data-link=\"https:\/\/redsemlac.com\/semmexico\/?attachment_id=29687\" class=\"wp-image-29687\"\/><\/figure><\/li><li class=\"blocks-gallery-item\"><figure><img decoding=\"async\" src=\"https:\/\/redsemlac.com\/semmexico\/wp-content\/uploads\/2020\/12\/FOTO-3-2-1024x473.jpg\" alt=\"\" data-id=\"29688\" data-full-url=\"https:\/\/redsemlac.com\/semmexico\/wp-content\/uploads\/2020\/12\/FOTO-3-2.jpg\" data-link=\"https:\/\/redsemlac.com\/semmexico\/?attachment_id=29688\" class=\"wp-image-29688\"\/><\/figure><\/li><\/ul><\/figure>\n\n\n\n<p class=\"wp-block-paragraph\">Las mujeres usuarias proceden de la Ciudad de M\u00e9xico, en 64%, y el resto habitan en otros puntos del pa\u00eds, principalmente en el Estado de M\u00e9xico, Morelos, Hidalgo, Chihuahua, Tamaulipas, Guerrero, Aguascalientes, Puebla, Veracruz y Sinaloa.<\/p>\n\n\n\n<p class=\"wp-block-paragraph\">Es importante destacar que 6 de cada 10 mujeres que llamaron desde el Estado de M\u00e9xico, habitan en Municipios como Ecatepec, Atizap\u00e1n y Teotihuac\u00e1n.<\/p>\n\n\n\n<p class=\"wp-block-paragraph\">En la Ciudad de M\u00e9xico, las atenciones v\u00eda telef\u00f3nica corresponden mayormente a Iztapalapa, Azcapotzalco y Venustiano Carranza: \u201cNo tenemos llamadas de Xochimilco, Miguel Hidalgo, Milpa Alta ni de Tlalpan\u201d.<\/p>\n","protected":false},"excerpt":{"rendered":"<p>228 atenciones para dar atenci\u00f3n, contenci\u00f3n y acompa\u00f1amiento a mujeres en casos de violencia familiar y de pareja.<\/p>\n","protected":false},"author":3,"featured_media":29686,"comment_status":"open","ping_status":"open","sticky":false,"template":"","format":"standard","meta":{"_monsterinsights_skip_tracking":false,"footnotes":""},"categories":[691,51],"tags":[],"class_list":["post-29685","post","type-post","status-publish","format-standard","has-post-thumbnail","category-691","category-ejecutivo"],"_links":{"self":[{"href":"https:\/\/redsemlac.com\/semmexico\/wp-json\/wp\/v2\/posts\/29685","targetHints":{"allow":["GET"]}}],"collection":[{"href":"https:\/\/redsemlac.com\/semmexico\/wp-json\/wp\/v2\/posts"}],"about":[{"href":"https:\/\/redsemlac.com\/semmexico\/wp-json\/wp\/v2\/types\/post"}],"author":[{"embeddable":true,"href":"https:\/\/redsemlac.com\/semmexico\/wp-json\/wp\/v2\/users\/3"}],"replies":[{"embeddable":true,"href":"https:\/\/redsemlac.com\/semmexico\/wp-json\/wp\/v2\/comments?post=29685"}],"version-history":[{"count":0,"href":"https:\/\/redsemlac.com\/semmexico\/wp-json\/wp\/v2\/posts\/29685\/revisions"}],"wp:featuredmedia":[{"embeddable":true,"href":"https:\/\/redsemlac.com\/semmexico\/wp-json\/wp\/v2\/media\/29686"}],"wp:attachment":[{"href":"https:\/\/redsemlac.com\/semmexico\/wp-json\/wp\/v2\/media?parent=29685"}],"wp:term":[{"taxonomy":"category","embeddable":true,"href":"https:\/\/redsemlac.com\/semmexico\/wp-json\/wp\/v2\/categories?post=29685"},{"taxonomy":"post_tag","embeddable":true,"href":"https:\/\/redsemlac.com\/semmexico\/wp-json\/wp\/v2\/tags?post=29685"}],"curies":[{"name":"wp","href":"https:\/\/api.w.org\/{rel}","templated":true}]}}