{"id":29672,"date":"2020-12-08T21:11:49","date_gmt":"2020-12-08T21:11:49","guid":{"rendered":"https:\/\/redsemlac.com\/semmexico\/?p=29672"},"modified":"2023-07-21T16:40:07","modified_gmt":"2023-07-21T21:40:07","slug":"desde-la-mano-izquierda-no-es-amable-pero-es-util","status":"publish","type":"post","link":"https:\/\/redsemlac.com\/semmexico\/desde-la-mano-izquierda-no-es-amable-pero-es-util\/","title":{"rendered":"Desde la mano izquierda: No es amable, pero es \u00fatil"},"content":{"rendered":"\n<p class=\"wp-block-paragraph\"><strong>Claudia Almaguer<\/strong><\/p>\n\n\n\n<p class=\"wp-block-paragraph\">SemM\u00e9xico. San Luis Potos\u00ed. 08 de diciembre 2020.- Hace un par de semanas cont\u00e1bamos aqu\u00ed algunas de las consecuencias que ha enfrentado el personal de salud derivado de la pandemia y la p\u00e9rdida masiva de vidas humanas. Por las m\u00e1s de 100 mil que van en M\u00e9xico hay familias que est\u00e1n enfrentando el duelo de manera inusual, intempestiva y s\u00ed, devastadora.<\/p>\n\n\n\n<p class=\"wp-block-paragraph\">\u00bfQu\u00e9 fue lo que pas\u00f3? De pronto fuimos compelidos a un contexto sumamente complicado, hay que escribirlo, muchas personas en este a\u00f1o se despidieron de su familiar, de su pareja, de su amigo a la entrada del hospital y al d\u00eda siguiente sino es que a las horas les avisaron de su deceso, a ello cabe a\u00f1adir la imposibilidad de ver el cuerpo, de asimilar la situaci\u00f3n, de atemperar la conciencia, porque &nbsp;tampoco hubo ni reuniones ni rezos, lo que deja una sensaci\u00f3n de algo inacabado o que se hizo no conforme a lo que hab\u00eda.<\/p>\n\n\n\n<p class=\"wp-block-paragraph\">A pesar de que en M\u00e9xico la muerte no suele ser pac\u00edfica de alg\u00fan modo hab\u00edamos conservado ciertos rituales de duelo, a seg\u00fan cada cultura, de los muchos que hay en el mundo todos coinciden en elaborar un camino para que las personas podamos procesar esa escisi\u00f3n inevitable. En nuestro caso se trataba de algo muy vinculado a la religi\u00f3n cat\u00f3lica, antes del coronavirus hab\u00eda un tiempo para velar el cuerpo donde se oraba y se contaba sobre quien hab\u00eda sido, omitiendo casi siempre los fallos, ensalzando las mejores cosas. Luego probablemente una misa y al cabo un cortejo hasta el cementerio para ser sepultado, todav\u00eda incluso quedar\u00edan pendientes algunos rosarios para encaminar el alma y volver la nuestra a su sitio a base de atoles, tamales y buena compa\u00f1\u00eda, lo que resume por lo menos dos semanas, por lo m\u00e1s, seis meses y hasta un a\u00f1o. &nbsp;<\/p>\n\n\n\n<p class=\"wp-block-paragraph\">Pero la crisis sanitaria nos ha forzado a replantear la conversaci\u00f3n que tenemos sobre la muerte.<\/p>\n\n\n\n<p class=\"wp-block-paragraph\">A todo esto, \u00bfS\u00ed ten\u00edamos una charla sobre nuestro propio morir? \u00bfNos hab\u00edamos dado el tiempo, sin necesidad de que la tragedia se produzca de tomar decisiones y comunicarlas? Algunas preguntas ahora: \u00bfC\u00f3mo vamos a disponer de nuestros restos? \u00bfQu\u00e9 tipo de funeral nos gustar\u00eda? \u00bfQui\u00e9nes se quedan con nuestras pertenencias? \u00bfEn d\u00f3nde se va a conservar nuestra memoria? No podemos afirmar que se nos daba la previsi\u00f3n, ya la partida de las generaciones pasadas nos tom\u00f3 por sorpresa sin nada listo y ello condujo no s\u00f3lo al duelo, sino al desgaste psicoemocional y econ\u00f3mico, de andar buscando espacio y destino final.<\/p>\n\n\n\n<p class=\"wp-block-paragraph\">Francamente, am\u00e9n de ser vendedor de criptas a pocos les interesa esta conversaci\u00f3n, por el contrario, se le reh\u00faye como si al platicar de la muerte la convoc\u00e1ramos, pero ahora es tanta que ya da igual, podemos hablarlo. Es posible que la vida (ja), nos encuentre buscando alguno de estos servicios, en mi experiencia puedo decirle que acaba siendo un poco estrafalario, pero no dram\u00e1tico.<\/p>\n\n\n\n<p class=\"wp-block-paragraph\">Por ejemplo, se puede elegir entre ser inhumado o incinerado, de hecho, ya hay algunos procesos nuevos para reducir su huella ecol\u00f3gica en ese momento y minimizar la cantidad de energ\u00eda que se emplea, para el dep\u00f3sito de los restos est\u00e1 desde el ata\u00fad tradicional de metal, de madera y ya con algo m\u00e1s de ego los hay grabados o con incrustaciones de plata o de oro, un dispendio que va de los 30 mil a los 800 mil pesos. &nbsp;Y otra vez, si lo suyo es el reciclado puede optar por una urna ecol\u00f3gica, para ser alimento del mar, del rio o de alguna buena planta.<\/p>\n\n\n\n<p class=\"wp-block-paragraph\">Sin embargo, aunque es bueno prever estas cosas, dado que le ahorramos algo de amargura al trago de la muerte, hay tareas de las que ning\u00fan vendedor, ninguna funeraria se hace cargo. Piense en esto no como usted mismo con el miedo que tenemos todos de morir, sino imaginando a la persona que m\u00e1s quiere en este mundo y lo que desear\u00eda quitarle de encima, de su peso, de su cuerpo, de la carga que uno significa en las vidas que ha creado o con las que ha convivido, los hijos e hijas, las amistades, los familiares que de veras nos caen bien, cuando no hablamos de esto, cuando no actuamos, nuestra p\u00e9rdida acaba siendo un ancla, una tumba para ir a llorar lo que no se hizo o lo que no se dijo.<\/p>\n\n\n\n<p class=\"wp-block-paragraph\">\u00bfNecesita un lugar de descanso? Porque algo de capitalismo hay, si quiere un nicho, no es lo mismo estar en el pasillo, en el oratorio o en la capilla de determinada iglesia, entre m\u00e1s cerca m\u00e1s cuesta. Desde hace rato que los cementerios est\u00e1n sobrepoblados y que la perpetuidad en la letra peque\u00f1a s\u00f3lo son cien a\u00f1os por mucho que el diccionario se esfuerce en decir que no tiene fin, lo que nos lleva a responder a la siguiente pregunta de d\u00f3nde queda la idea de lo que hemos sido y si quienes se quedan aqu\u00ed, los m\u00e1s j\u00f3venes, realmente necesitan un sitio concreto para ir a pensarnos.<\/p>\n\n\n\n<p class=\"wp-block-paragraph\">Es m\u00e1s, cierre los ojos y recuerde a una de sus personas queridas que ya se ha ido, dudo que venga a la mente ni l\u00e1pida ni epitafio, sino los momentos compartidos, las ense\u00f1anzas, las alegr\u00edas, el abrazo, la palabra, lo escrito. Finalmente morir no tiene mayor chiste, ser una buena persona s\u00ed, porque vivir es la labor verdadera y ya nos asegura un sitio mejor en el \u201cm\u00e1s all\u00e1\u201d. Porque quedamos en la memoria de las personas que nos han querido y con quienes hemos compartido la vida, ese s\u00ed que es un buen lugar. &nbsp;<\/p>\n\n\n\n<p class=\"wp-block-paragraph\">A m\u00e1s ver, todav\u00eda<\/p>\n","protected":false},"excerpt":{"rendered":"<p>A pesar de que en M\u00e9xico la muerte no suele ser pac\u00edfica de alg\u00fan modo hab\u00edamos conservado ciertos rituales de duel<\/p>\n","protected":false},"author":3,"featured_media":29673,"comment_status":"open","ping_status":"open","sticky":false,"template":"","format":"standard","meta":{"_monsterinsights_skip_tracking":false,"footnotes":""},"categories":[691,131,35],"tags":[],"class_list":["post-29672","post","type-post","status-publish","format-standard","has-post-thumbnail","category-691","category-claudia-almaguer","category-opinion"],"_links":{"self":[{"href":"https:\/\/redsemlac.com\/semmexico\/wp-json\/wp\/v2\/posts\/29672","targetHints":{"allow":["GET"]}}],"collection":[{"href":"https:\/\/redsemlac.com\/semmexico\/wp-json\/wp\/v2\/posts"}],"about":[{"href":"https:\/\/redsemlac.com\/semmexico\/wp-json\/wp\/v2\/types\/post"}],"author":[{"embeddable":true,"href":"https:\/\/redsemlac.com\/semmexico\/wp-json\/wp\/v2\/users\/3"}],"replies":[{"embeddable":true,"href":"https:\/\/redsemlac.com\/semmexico\/wp-json\/wp\/v2\/comments?post=29672"}],"version-history":[{"count":0,"href":"https:\/\/redsemlac.com\/semmexico\/wp-json\/wp\/v2\/posts\/29672\/revisions"}],"wp:featuredmedia":[{"embeddable":true,"href":"https:\/\/redsemlac.com\/semmexico\/wp-json\/wp\/v2\/media\/29673"}],"wp:attachment":[{"href":"https:\/\/redsemlac.com\/semmexico\/wp-json\/wp\/v2\/media?parent=29672"}],"wp:term":[{"taxonomy":"category","embeddable":true,"href":"https:\/\/redsemlac.com\/semmexico\/wp-json\/wp\/v2\/categories?post=29672"},{"taxonomy":"post_tag","embeddable":true,"href":"https:\/\/redsemlac.com\/semmexico\/wp-json\/wp\/v2\/tags?post=29672"}],"curies":[{"name":"wp","href":"https:\/\/api.w.org\/{rel}","templated":true}]}}