{"id":29664,"date":"2020-12-08T20:52:56","date_gmt":"2020-12-08T20:52:56","guid":{"rendered":"https:\/\/redsemlac.com\/semmexico\/?p=29664"},"modified":"2023-07-21T16:40:07","modified_gmt":"2023-07-21T21:40:07","slug":"estamos-listas-adela-roman-y-beatriz-mojica","status":"publish","type":"post","link":"https:\/\/redsemlac.com\/semmexico\/estamos-listas-adela-roman-y-beatriz-mojica\/","title":{"rendered":"\u00abEstamos listas\u00bb  Adela Rom\u00e1n y Beatriz Mojica"},"content":{"rendered":"\n<p class=\"wp-block-paragraph\"><strong>Redacci\u00f3n\u00a0<\/strong><\/p>\n\n\n\n<p class=\"wp-block-paragraph\">SemM\u00e9xico\/Agencia\u00a0CEPROVYSA.COM. Chilpancingo, Guerrero. 8 de diciembre de 2020.- Adela Rom\u00e1n Ocampo y Beatriz Mojica Morga se registraron como Aspirantes a la Candidatura para la Gubernatura de MORENA.\u00a0<\/p>\n\n\n\n<p class=\"wp-block-paragraph\">Adela Rom\u00e1n Ocampo y Beatriz Mogica Morga son dos de las 5 mujeres inscritas como Nestora Salgado, Soledad Hern\u00e1ndez -hija del Activista asesinado de Iguala Arturo Hern\u00e1ndez Cardona-, y Micaela Caba\u00f1as -hija del guerrillero Lucio Caba\u00f1as Barrientos-. que buscan esa posici\u00f3n con mayor posibilidad de alcanzarla<\/p>\n\n\n\n<p class=\"wp-block-paragraph\">Ambas pol\u00edticas se reunieron y dijeron \u00abestamos listas\u00bb , a trav\u00e9s de un mensaje difundido en sus redes sociales.<\/p>\n\n\n\n<p class=\"wp-block-paragraph\">Ambas pol\u00edticas se\u00f1alan que en la reuni\u00f3n \u00abhablamos&#8230;sobre nuestro compromiso de seguir impulsando la Participaci\u00f3n de las Mujeres en Guerrero\u00bb, dijo Beatriz Mojica Murga.<\/p>\n\n\n\n<p class=\"wp-block-paragraph\">Su mensaje cierra con un \u00ab\u00a1Las mujeres estamos listas!\u00bb Y lanzaron un movimiento al que llamaron #MiCoraz\u00f3nEsGuerrero.<\/p>\n\n\n\n<p class=\"wp-block-paragraph\">Sobre el encuentro, Adela Rom\u00e1n Ocampo dijo que fue en la Ciudad de M\u00e9xico, tras el registro ante la Dirigencia Nacional de MORENA y luego de una reuni\u00f3n que sostuvo la Edil de Acapulco con la Jefa de Gobierno Capitalino, Claudia Sheibaum.<\/p>\n\n\n\n<p class=\"wp-block-paragraph\">La Alcaldesa de Acapulco y Aspirante a la Gubernatura de Guerrero por MORENA se\u00f1al\u00f3 que en la reuni\u00f3n con Beatriz Mojica Murga la \u00abinvit\u00f3 a sumarse a la Cuarta Transformaci\u00f3n del Presidente AMLO dejando de lado proyectos personales y cambiar la realidad de nuestro Guerrero\u00bb.<\/p>\n","protected":false},"excerpt":{"rendered":"<p>Adela Rom\u00e1n Ocampo y Beatriz Mojica Morga se registraron como Aspirantes a la Candidatura para la Gubernatura de MORENA. <\/p>\n","protected":false},"author":3,"featured_media":29665,"comment_status":"open","ping_status":"open","sticky":false,"template":"","format":"standard","meta":{"_monsterinsights_skip_tracking":false,"footnotes":""},"categories":[691,141],"tags":[],"class_list":["post-29664","post","type-post","status-publish","format-standard","has-post-thumbnail","category-691","category-elecciones-2020-2021"],"_links":{"self":[{"href":"https:\/\/redsemlac.com\/semmexico\/wp-json\/wp\/v2\/posts\/29664","targetHints":{"allow":["GET"]}}],"collection":[{"href":"https:\/\/redsemlac.com\/semmexico\/wp-json\/wp\/v2\/posts"}],"about":[{"href":"https:\/\/redsemlac.com\/semmexico\/wp-json\/wp\/v2\/types\/post"}],"author":[{"embeddable":true,"href":"https:\/\/redsemlac.com\/semmexico\/wp-json\/wp\/v2\/users\/3"}],"replies":[{"embeddable":true,"href":"https:\/\/redsemlac.com\/semmexico\/wp-json\/wp\/v2\/comments?post=29664"}],"version-history":[{"count":0,"href":"https:\/\/redsemlac.com\/semmexico\/wp-json\/wp\/v2\/posts\/29664\/revisions"}],"wp:featuredmedia":[{"embeddable":true,"href":"https:\/\/redsemlac.com\/semmexico\/wp-json\/wp\/v2\/media\/29665"}],"wp:attachment":[{"href":"https:\/\/redsemlac.com\/semmexico\/wp-json\/wp\/v2\/media?parent=29664"}],"wp:term":[{"taxonomy":"category","embeddable":true,"href":"https:\/\/redsemlac.com\/semmexico\/wp-json\/wp\/v2\/categories?post=29664"},{"taxonomy":"post_tag","embeddable":true,"href":"https:\/\/redsemlac.com\/semmexico\/wp-json\/wp\/v2\/tags?post=29664"}],"curies":[{"name":"wp","href":"https:\/\/api.w.org\/{rel}","templated":true}]}}