{"id":29654,"date":"2020-12-08T20:48:28","date_gmt":"2020-12-08T20:48:28","guid":{"rendered":"https:\/\/redsemlac.com\/semmexico\/?p=29654"},"modified":"2023-07-21T16:40:07","modified_gmt":"2023-07-21T21:40:07","slug":"mujeres-desaparecidas-y-feminicidios-en-los-valles-centrales-de-oaxaca","status":"publish","type":"post","link":"https:\/\/redsemlac.com\/semmexico\/mujeres-desaparecidas-y-feminicidios-en-los-valles-centrales-de-oaxaca\/","title":{"rendered":"Mujeres desaparecidas y feminicidios en los valles centrales de Oaxaca"},"content":{"rendered":"\n<p class=\"wp-block-paragraph\"><strong>Redacci\u00f3n<\/strong><\/p>\n\n\n\n<p class=\"wp-block-paragraph\">SemM\u00e9xico. 8 de diciembre de 2020.- En el marco del D\u00eda Mundial de los Derechos Humanos, que se conmemora cada 10 de diciembre, la violencia mis\u00f3gina y machista contra mujeres y ni\u00f1as se incrementa de manera preocupante en Oaxaca. De acuerdo con datos de Consorcio para el Di\u00e1logo Parlamentario y la Equidad Oaxaca, durante el gobierno de Alejandro Murat han desaparecido 1,014 mujeres y 478 mujeres y ni\u00f1as han sido v\u00edctimas de feminicidio, as\u00ed como de otras graves violaciones por raz\u00f3n, identidad de g\u00e9nero o por su orientaci\u00f3n sexual.&nbsp;<\/p>\n\n\n\n<p class=\"wp-block-paragraph\">Recientemente constern\u00f3 a la sociedad oaxaque\u00f1a el feminicidio de Geovanna A. R., mujer transg\u00e9nero que desapareci\u00f3 en San Agust\u00edn Etla el 25 de noviembre de 2020. A pesar de haber sido reportada ante la Unidad de B\u00fasqueda de Personas No localizadas de la Fiscal\u00eda General de Oaxaca (FGEO), la instancia no logr\u00f3 encontrarla, pues su cuerpo apareci\u00f3 sin vida cinco d\u00edas despu\u00e9s en el paraje \u201cEl campamento\u201d, en San Agust\u00edn Etla.<\/p>\n\n\n\n<p class=\"wp-block-paragraph\">En datos de la&nbsp;<em>Plataforma de Violencia Feminicida en Oaxaca,&nbsp;<\/em>la organizaci\u00f3n feminista refiere que en la regi\u00f3n Valles Centrales se registran las cifras m\u00e1s altas de violencia feminicida en todo el estado, pues del 01 de diciembre de 2016 al 07 de diciembre de 2020, ocurrieron en la regi\u00f3n 993 agresiones contra mujeres: 524 desaparecidas; 200 mujeres v\u00edctimas de violencia familiar; 129 delitos sexuales; 102 feminicidios; 31 suicidios y 7 casos de violencia pol\u00edtica de g\u00e9nero. Lo anterior representa el 42% del total de mujeres agredidas por raz\u00f3n de g\u00e9nero en toda la entidad.<\/p>\n\n\n\n<p class=\"wp-block-paragraph\">En dos de los siete distritos que conforman los Valles Centrales se registra la cifra m\u00e1s alta de mujeres desaparecidas y feminicidios en la regi\u00f3n: el Distrito Centro, con 351 desapariciones y 50 feminicidios, y el Distrito Etla, con 72 desaparecidas y 10 feminicidios.&nbsp;&nbsp;<\/p>\n\n\n\n<p class=\"wp-block-paragraph\">En 5 municipios del distrito Centro se concentra el 86% de los casos de mujeres desaparecidas en la regi\u00f3n: Oaxaca de Ju\u00e1rez, 199 casos; Santa Cruz Xoxocotl\u00e1n, 38 casos; Santa Luc\u00eda del Camino, 35 casos; San Antonio de la Cal, 17 casos y Santa Mar\u00eda Atzompa, 14 casos.&nbsp;<\/p>\n\n\n\n<p class=\"wp-block-paragraph\">En tres municipios del distrito de Etla ha ocurrido el mayor n\u00famero de desapariciones de mujeres en la regi\u00f3n: San Pablo Etla, con 10 casos; Villa de Etla con 9 y San Lorenzo Cacaotepec con 8 casos.<\/p>\n\n\n\n<figure class=\"wp-block-gallery columns-2 is-cropped wp-block-gallery-1 is-layout-flex wp-block-gallery-is-layout-flex\"><ul class=\"blocks-gallery-grid\"><li class=\"blocks-gallery-item\"><figure><img loading=\"lazy\" decoding=\"async\" width=\"940\" height=\"788\" src=\"https:\/\/redsemlac.com\/semmexico\/wp-content\/uploads\/2020\/12\/2-3.png\" alt=\"\" data-id=\"29661\" data-full-url=\"https:\/\/redsemlac.com\/semmexico\/wp-content\/uploads\/2020\/12\/2-3.png\" data-link=\"https:\/\/redsemlac.com\/semmexico\/?attachment_id=29661\" class=\"wp-image-29661\"\/><\/figure><\/li><li class=\"blocks-gallery-item\"><figure><img loading=\"lazy\" decoding=\"async\" width=\"940\" height=\"788\" src=\"https:\/\/redsemlac.com\/semmexico\/wp-content\/uploads\/2020\/12\/3-2.png\" alt=\"\" data-id=\"29662\" data-full-url=\"https:\/\/redsemlac.com\/semmexico\/wp-content\/uploads\/2020\/12\/3-2.png\" data-link=\"https:\/\/redsemlac.com\/semmexico\/?attachment_id=29662\" class=\"wp-image-29662\"\/><\/figure><\/li><li class=\"blocks-gallery-item\"><figure><img loading=\"lazy\" decoding=\"async\" width=\"940\" height=\"788\" src=\"https:\/\/redsemlac.com\/semmexico\/wp-content\/uploads\/2020\/12\/4-2.png\" alt=\"\" data-id=\"29656\" data-full-url=\"https:\/\/redsemlac.com\/semmexico\/wp-content\/uploads\/2020\/12\/4-2.png\" data-link=\"https:\/\/redsemlac.com\/semmexico\/?attachment_id=29656\" class=\"wp-image-29656\"\/><\/figure><\/li><li class=\"blocks-gallery-item\"><figure><img loading=\"lazy\" decoding=\"async\" width=\"940\" height=\"788\" src=\"https:\/\/redsemlac.com\/semmexico\/wp-content\/uploads\/2020\/12\/5-1.png\" alt=\"\" data-id=\"29657\" data-full-url=\"https:\/\/redsemlac.com\/semmexico\/wp-content\/uploads\/2020\/12\/5-1.png\" data-link=\"https:\/\/redsemlac.com\/semmexico\/?attachment_id=29657\" class=\"wp-image-29657\"\/><\/figure><\/li><li class=\"blocks-gallery-item\"><figure><img loading=\"lazy\" decoding=\"async\" width=\"940\" height=\"788\" src=\"https:\/\/redsemlac.com\/semmexico\/wp-content\/uploads\/2020\/12\/6.png\" alt=\"\" data-id=\"29658\" data-full-url=\"https:\/\/redsemlac.com\/semmexico\/wp-content\/uploads\/2020\/12\/6.png\" data-link=\"https:\/\/redsemlac.com\/semmexico\/?attachment_id=29658\" class=\"wp-image-29658\"\/><\/figure><\/li><li class=\"blocks-gallery-item\"><figure><img loading=\"lazy\" decoding=\"async\" width=\"940\" height=\"788\" src=\"https:\/\/redsemlac.com\/semmexico\/wp-content\/uploads\/2020\/12\/7.png\" alt=\"\" data-id=\"29659\" data-full-url=\"https:\/\/redsemlac.com\/semmexico\/wp-content\/uploads\/2020\/12\/7.png\" data-link=\"https:\/\/redsemlac.com\/semmexico\/?attachment_id=29659\" class=\"wp-image-29659\"\/><\/figure><\/li><li class=\"blocks-gallery-item\"><figure><img loading=\"lazy\" decoding=\"async\" width=\"940\" height=\"788\" src=\"https:\/\/redsemlac.com\/semmexico\/wp-content\/uploads\/2020\/12\/8.png\" alt=\"\" data-id=\"29660\" data-full-url=\"https:\/\/redsemlac.com\/semmexico\/wp-content\/uploads\/2020\/12\/8.png\" data-link=\"https:\/\/redsemlac.com\/semmexico\/?attachment_id=29660\" class=\"wp-image-29660\"\/><\/figure><\/li><\/ul><\/figure>\n\n\n\n<p class=\"wp-block-paragraph\">Oaxaca de Ju\u00e1rez registra la cifra m\u00e1s alta de feminicidios en la regi\u00f3n de los Valles Centrales, con 23 casos; le sigue Santa Cruz Xoxocotl\u00e1n con 10; Santa Mar\u00eda Atzompa con 6 casos y San Antonio de la Cal con 4.<\/p>\n\n\n\n<p class=\"wp-block-paragraph\">En 7 municipios de Etla se concentra el total de feminicidios en el distrito: San Andr\u00e9s Zautla, San Pablo Etla y San Pablo Huitzo, con dos casos respectivamente; San Lorenzo Cacaotepec, Villa de Etla, Santiago Suchilquitongo, Santiago Tlazayoltepec y Reyes Etla, registran un caso respectivamente.<\/p>\n\n\n\n<p class=\"wp-block-paragraph\">Cabe se\u00f1alar que en nuestro pa\u00eds, 11 mujeres son asesinadas diariamente por raz\u00f3n de g\u00e9nero y M\u00e9xico es el segundo pa\u00eds en Am\u00e9rica Latina donde se cometen m\u00e1s transfeminicidios, la mayor\u00eda de los casos quedan impunes.<\/p>\n\n\n\n<p class=\"wp-block-paragraph\">En el contexto oaxaque\u00f1o, los datos recuperados con Consorcio Oaxaca refieren que 85% de las desapariciones de mujeres en 2020 (332 casos) han ocurrido dentro del periodo de pandemia, es decir del 21 de marzo de 2020 a la fecha. As\u00ed mismo, el 69% del total de feminicidios registrados en el a\u00f1o (97 casos) se registran en el mismo periodo.<\/p>\n\n\n\n<p class=\"wp-block-paragraph\">Finalmente, la organizaci\u00f3n feminista hace un llamado urgente a las autoridades municipales, estatales y federales para que realicen acciones contundentes que prevengan y sancionen la violencia contra las mujeres.&nbsp;<\/p>\n\n\n\n<p class=\"wp-block-paragraph\">*Sistematizaci\u00f3n realizada con el apoyo de la Friedrich Ebert Stiftung en el marco de la&nbsp;<em>campa\u00f1a 16 motivos por una vida libre de violencia para las mujeres<\/em><\/p>\n","protected":false},"excerpt":{"rendered":"<p>Recientemente constern\u00f3 a la sociedad oaxaque\u00f1a el feminicidio de Geovanna A. R., mujer transg\u00e9nero que desapareci\u00f3 en San Agust\u00edn Etla el 25 de noviembre de 2020. <\/p>\n","protected":false},"author":3,"featured_media":29655,"comment_status":"open","ping_status":"open","sticky":false,"template":"","format":"standard","meta":{"_monsterinsights_skip_tracking":false,"footnotes":""},"categories":[691,47,48],"tags":[],"class_list":["post-29654","post","type-post","status-publish","format-standard","has-post-thumbnail","category-691","category-no-mas-impunidad","category-no-mas-impunidad-no-mas-impunidad"],"_links":{"self":[{"href":"https:\/\/redsemlac.com\/semmexico\/wp-json\/wp\/v2\/posts\/29654","targetHints":{"allow":["GET"]}}],"collection":[{"href":"https:\/\/redsemlac.com\/semmexico\/wp-json\/wp\/v2\/posts"}],"about":[{"href":"https:\/\/redsemlac.com\/semmexico\/wp-json\/wp\/v2\/types\/post"}],"author":[{"embeddable":true,"href":"https:\/\/redsemlac.com\/semmexico\/wp-json\/wp\/v2\/users\/3"}],"replies":[{"embeddable":true,"href":"https:\/\/redsemlac.com\/semmexico\/wp-json\/wp\/v2\/comments?post=29654"}],"version-history":[{"count":0,"href":"https:\/\/redsemlac.com\/semmexico\/wp-json\/wp\/v2\/posts\/29654\/revisions"}],"wp:featuredmedia":[{"embeddable":true,"href":"https:\/\/redsemlac.com\/semmexico\/wp-json\/wp\/v2\/media\/29655"}],"wp:attachment":[{"href":"https:\/\/redsemlac.com\/semmexico\/wp-json\/wp\/v2\/media?parent=29654"}],"wp:term":[{"taxonomy":"category","embeddable":true,"href":"https:\/\/redsemlac.com\/semmexico\/wp-json\/wp\/v2\/categories?post=29654"},{"taxonomy":"post_tag","embeddable":true,"href":"https:\/\/redsemlac.com\/semmexico\/wp-json\/wp\/v2\/tags?post=29654"}],"curies":[{"name":"wp","href":"https:\/\/api.w.org\/{rel}","templated":true}]}}