{"id":29648,"date":"2020-12-08T19:29:21","date_gmt":"2020-12-08T19:29:21","guid":{"rendered":"https:\/\/redsemlac.com\/semmexico\/?p=29648"},"modified":"2023-07-21T16:40:07","modified_gmt":"2023-07-21T21:40:07","slug":"tesoros-humanos-vivos-se-entrego-en-oaxaca-a-tres-guardianas-del-patrimonio-cultura","status":"publish","type":"post","link":"https:\/\/redsemlac.com\/semmexico\/tesoros-humanos-vivos-se-entrego-en-oaxaca-a-tres-guardianas-del-patrimonio-cultura\/","title":{"rendered":"Tesoros Humanos Vivos se entreg\u00f3 en Oaxaca a tres guardianas del patrimonio cultural"},"content":{"rendered":"\n<ul class=\"wp-block-list\"><li><strong>Emotiva y c\u00e1lida la ceremonia en el majestuoso teatro Macedonio Alcal\u00e1<\/strong><\/li><li><strong>Cristina Toribio Mateos, Mar\u00eda Quiroz Garc\u00eda y Estela Rojas Santiago, las galardonadas<\/strong><\/li><\/ul>\n\n\n\n<p class=\"wp-block-paragraph\"><strong>Patricia Brise\u00f1o<\/strong><\/p>\n\n\n\n<p class=\"wp-block-paragraph\">SemM\u00e9xico, OAXACA. Oax., 08 de diciembre 2020.- Cristina, Mar\u00eda y Estela,&nbsp; adultas mayores, sacerdotisas,&nbsp; curanderas y parteras&nbsp; de sus comunidades en las regiones de la Sierra Ju\u00e1rez y Costa,&nbsp; recibieron el reconocimiento \u201cTesoros humanos vivos\u201d, &nbsp;al estar consideradas promotoras y guardianas de elementos del patrimonio cultural inmaterial del estado.<\/p>\n\n\n\n<figure class=\"wp-block-image size-large\"><img decoding=\"async\" src=\"https:\/\/redsemlac.com\/semmexico\/wp-content\/uploads\/2020\/12\/WhatsApp-Image-2020-12-07-at-4.45.29-PM-1024x768.jpeg\" alt=\"\" class=\"wp-image-29649\"\/><figcaption>G<em>ALARDONADAS MUJERES \u00abTESOROS HUMANOS VIVOS \u00abDE IZQUIERDA: Estela \u00a0Rojas Santiago,\u00a0 partera y m\u00e9dica tradicional; EN MEDIO, Mar\u00eda Quiroz Garc\u00eda, partera y m\u00e9dica tradicional; DERECHA, Cristina Toribio, sacerdotisa.<\/em><\/figcaption><\/figure>\n\n\n\n<p class=\"wp-block-paragraph\">En una ceremonia c\u00e1lida y emotiva, celebrada en el majestuoso escenario del teatro \u201cMacedonio Alcal\u00e1\u201d, donde se extremaron las medidas sanitarias, las galardonadas estuvieron acompa\u00f1adas por algunos familiares, y una peque\u00f1a delegaci\u00f3n de funcionariado&nbsp; del gobierno estatal.<\/p>\n\n\n\n<p class=\"wp-block-paragraph\">Las galardonadas que recibieron beneficios econ\u00f3micos de 97 mil pesos corresponden a : Cristina Toribio Mateos de 88 a\u00f1os de edad, de San Juan Cotzoc\u00f3n, de la zona ind\u00edgena Mixe por su legado como sacerdotisa, y Mar\u00eda Quiroz Garc\u00eda,&nbsp; originaria de San Juan Colorado, Jamiltepec, de 88 a\u00f1os, reconocida&nbsp; partera y curandera.<\/p>\n\n\n\n<p class=\"wp-block-paragraph\">Asimismo, Estela Rojas Santiago de 80 a\u00f1os, partera y curandera de la&nbsp; comunidad de&nbsp; Santa Mar\u00eda Temaxcaltepec, en la costa chica de Oaxaca.&nbsp;<\/p>\n\n\n\n<p class=\"wp-block-paragraph\">\u201cNuestras ganadoras suman m\u00e1s de dos siglos y medio de historia, de vivencias, experiencias, de sabidur\u00eda que han heredado de sus madres, sus padres, sus abuelos, de sus culturas y comunidades, y que hoy son reconocidas\u201d, expuso la secretar\u00eda de Cultura y Artes de Oaxaca (Seculta), Karla Villaca\u00f1a Quevedo.<\/p>\n\n\n\n<figure class=\"wp-block-image size-large\"><img decoding=\"async\" src=\"https:\/\/redsemlac.com\/semmexico\/wp-content\/uploads\/2020\/12\/WhatsApp-Image-2020-12-07-at-4.45.53-PM-768x1024.jpeg\" alt=\"\" class=\"wp-image-29650\"\/><figcaption><em>Demostraci\u00f3n de Curandera<\/em><\/figcaption><\/figure>\n\n\n\n<p class=\"wp-block-paragraph\">Tambi\u00e9n resalt\u00f3 que las tres&nbsp; preservan la herencia viva que permite visibilizar los saberes que guardan, asimismo, por su experiencia y probidad, son&nbsp; consideradas gu\u00edas morales en la toma de decisiones comunitarias.<\/p>\n\n\n\n<p class=\"wp-block-paragraph\">El certamen cont\u00f3 con el respaldo de la Secretar\u00eda de Cultura Federal, dependencia que design\u00f3 una partida presupuestal a quienes no cuentan con un ingreso asegurado, debido a las afectaciones sanitarias&nbsp; y&nbsp; la par\u00e1lisis econ\u00f3mica,&nbsp; en el sector de las culturas y artes.<\/p>\n\n\n\n<p class=\"wp-block-paragraph\">&nbsp;Ren\u00e9 Canseco Gir\u00f3n,&nbsp; director de Conservaci\u00f3n y Divulgaci\u00f3n Cultural explic\u00f3 en entrevista que se consideran Tesoros Humanos Vivos (THV) a aquellas personas promotoras y guardianas de elementos del patrimonio cultural inmaterial de Oaxaca, \u201creconocidas en sus comunidades y comprometidas a mantener vigentes pr\u00e1cticas y expresiones culturales de sus \u00e1reas de influencia, siendo un referente de identidad y valores para su cultura\u201d.<\/p>\n\n\n\n<figure class=\"wp-block-image size-large\"><img decoding=\"async\" src=\"https:\/\/redsemlac.com\/semmexico\/wp-content\/uploads\/2020\/12\/WhatsApp-Image-2020-12-07-at-4.46.14-PM-1024x768.jpeg\" alt=\"\" class=\"wp-image-29651\"\/><figcaption>Demostraci\u00f3n de Curandera<\/figcaption><\/figure>\n\n\n\n<p class=\"wp-block-paragraph\">El funcionario explic\u00f3 que hubo &nbsp;28 personas propuestas y respaldadas por sus comunidades, mientras que la selecci\u00f3n final estuvo a cargo de un jurado &nbsp;experto&nbsp; en antropolog\u00eda e historia, adem\u00e1s de ling\u00fcistas, subray\u00f3.<\/p>\n\n\n\n<p class=\"wp-block-paragraph\">En la \u00faltima etapa de la premiaci\u00f3n, las galardonadas realizaron un conversatorio y demostraci\u00f3n de los saberes a quienes se dieron cita este d\u00eda en el teatro \u201cMacedonio Alcal\u00e1\u201d, en el centro hist\u00f3rico de la ciudad de Oaxaca.<\/p>\n","protected":false},"excerpt":{"rendered":"<p>Emotiva y c\u00e1lida la ceremonia en el majestuoso teatro Macedonio Alcal\u00e1<\/p>\n","protected":false},"author":3,"featured_media":29649,"comment_status":"open","ping_status":"open","sticky":false,"template":"","format":"standard","meta":{"_monsterinsights_skip_tracking":false,"footnotes":""},"categories":[691,54],"tags":[],"class_list":["post-29648","post","type-post","status-publish","format-standard","has-post-thumbnail","category-691","category-mujeres"],"_links":{"self":[{"href":"https:\/\/redsemlac.com\/semmexico\/wp-json\/wp\/v2\/posts\/29648","targetHints":{"allow":["GET"]}}],"collection":[{"href":"https:\/\/redsemlac.com\/semmexico\/wp-json\/wp\/v2\/posts"}],"about":[{"href":"https:\/\/redsemlac.com\/semmexico\/wp-json\/wp\/v2\/types\/post"}],"author":[{"embeddable":true,"href":"https:\/\/redsemlac.com\/semmexico\/wp-json\/wp\/v2\/users\/3"}],"replies":[{"embeddable":true,"href":"https:\/\/redsemlac.com\/semmexico\/wp-json\/wp\/v2\/comments?post=29648"}],"version-history":[{"count":0,"href":"https:\/\/redsemlac.com\/semmexico\/wp-json\/wp\/v2\/posts\/29648\/revisions"}],"wp:featuredmedia":[{"embeddable":true,"href":"https:\/\/redsemlac.com\/semmexico\/wp-json\/wp\/v2\/media\/29649"}],"wp:attachment":[{"href":"https:\/\/redsemlac.com\/semmexico\/wp-json\/wp\/v2\/media?parent=29648"}],"wp:term":[{"taxonomy":"category","embeddable":true,"href":"https:\/\/redsemlac.com\/semmexico\/wp-json\/wp\/v2\/categories?post=29648"},{"taxonomy":"post_tag","embeddable":true,"href":"https:\/\/redsemlac.com\/semmexico\/wp-json\/wp\/v2\/tags?post=29648"}],"curies":[{"name":"wp","href":"https:\/\/api.w.org\/{rel}","templated":true}]}}