{"id":29640,"date":"2020-12-08T18:30:14","date_gmt":"2020-12-08T18:30:14","guid":{"rendered":"https:\/\/redsemlac.com\/semmexico\/?p=29640"},"modified":"2023-07-21T16:40:08","modified_gmt":"2023-07-21T21:40:08","slug":"reventar-la-eleccion-intermedia","status":"publish","type":"post","link":"https:\/\/redsemlac.com\/semmexico\/reventar-la-eleccion-intermedia\/","title":{"rendered":"Reventar la elecci\u00f3n intermedia"},"content":{"rendered":"\n<h2 class=\"wp-block-heading\"><strong>Entresemana<\/strong><\/h2>\n\n\n\n<p class=\"wp-block-paragraph\"><strong>MOIS\u00c9S S\u00c1NCHEZ LIM\u00d3N<\/strong><\/p>\n\n\n\n<p class=\"wp-block-paragraph\">SemM\u00e9xico. 8 de diciembre de 2020.- Andr\u00e9s Manuel es listo, muy listo. Y con memoria selectiva.<\/p>\n\n\n\n<p class=\"wp-block-paragraph\">Corr\u00edan aquellos d\u00edas de 2006 cuando creci\u00f3 la versi\u00f3n de que la se\u00f1ora Marta Sahag\u00fan Jim\u00e9nez estar\u00eda en condiciones de relevar a Felipe Calder\u00f3n Hinojosa en la candidatura del PAN a la Presidencia de la Rep\u00fablica. Por supuesto, el impulsor de esa posibilidad era el entonces ocurrente Vicente Fox Quesada, inquilino de Los Pinos.<\/p>\n\n\n\n<p class=\"wp-block-paragraph\">Y Vicente hac\u00eda campa\u00f1a en contra de Andr\u00e9s Manuel L\u00f3pez Obrador, cuyo equipo se quejaba un d\u00eda s\u00ed y el otro tambi\u00e9n por esa intromisi\u00f3n del entonces Presidente en el proceso electoral federal en marcha. El Instituto Federal Electoral recib\u00eda las quejas y proced\u00eda sin que nada prosperara.<\/p>\n\n\n\n<p class=\"wp-block-paragraph\">Pero, el 5 de septiembre de ese a\u00f1o, en la sesi\u00f3n p\u00fablica encabezada por el entonces magistrado presidente del Tribunal Electoral del Poder Judicial de la Federaci\u00f3n, el michoacano Leonel Castillo Gonz\u00e1lez, se puntualiz\u00f3 el enorme riesgo en que estuvo de ser invalidada la elecci\u00f3n federal por la intromisi\u00f3n del presidente Fox Quesada, en la campa\u00f1a a favor del PAN y especialmente en contra de L\u00f3pez Obrador.<\/p>\n\n\n\n<p class=\"wp-block-paragraph\">Incluso, en la v\u00edspera de aquella sesi\u00f3n \u201365 d\u00edas despu\u00e9s de celebrada la elecci\u00f3n\u2014las huestes de L\u00f3pez Obrador se trasladaron del plant\u00f3n en Paseo de la Reforma a la sede del Tribunal Electoral del Poder Judicial de la Federaci\u00f3n, a la que cercaron con el objetivo de evitar la celebraci\u00f3n de la Ceremonia Solemne de entrega de la constancia de mayor\u00eda y validez de la elecci\u00f3n de Presidente de los Estados Unidos Mexicanos y Presidente Electo.<\/p>\n\n\n\n<p class=\"wp-block-paragraph\">Felipe Calder\u00f3n no deb\u00eda recibir la constancia de mayor\u00eda, esa era la orden que Andr\u00e9s Manuel dio a sus seguidores. Pero la historia se escribi\u00f3 con otros titulares en la prensa nacional y extranjera, \u00e9sta que hab\u00eda hecho eco de la m\u00e1xima \u201cL\u00f3pez Obrador es un peligro para M\u00e9xico\u201d, factura que hoy cobra con intereses el licenciado inquilino de Palacio Nacional.<\/p>\n\n\n\n<p class=\"wp-block-paragraph\">\u00bfY qu\u00e9 tal si en lugar del voto por voto y casilla por casilla la alianza \u201cPor el Bien de Todos\u201d se hubiese centrado en la demanda de anulaci\u00f3n de los comicios federales por la abierta intromisi\u00f3n del Presidente de la Rep\u00fablica?<\/p>\n\n\n\n<p class=\"wp-block-paragraph\">La denuncia se hizo mas Horacio Duarte, el entonces representante del PRD ante el Consejo General del Instituto Federal Electoral y del candidato Andr\u00e9s Manuel L\u00f3pez Obrador, se empe\u00f1\u00f3 en demostrar documental pero infructuosamente que se hab\u00eda operado un fraude con el c\u00f3mputo de las actas electorales.<\/p>\n\n\n\n<p class=\"wp-block-paragraph\">Se recuerda, empero, que en aquellos d\u00edas cuando el riesgo de una severa sanci\u00f3n del IFE al PAN era inminente, el propio Felipe Calder\u00f3n ofreci\u00f3 disculpas p\u00fablicas y Vicente le baj\u00f3 el tono a sus discursos contra Andr\u00e9s Manuel; previamente hab\u00eda arriado la bandera que planteaba la posibilidad de que do\u00f1a Marta fuera candidata sustituta. \u201cSe trata de cambiar al jinete, no al caballo a medio r\u00edo\u201d, dijo Fox en uno de esos discursos muy a su estilo dicharachero.<\/p>\n\n\n\n<p class=\"wp-block-paragraph\">\u00bfQu\u00e9 falt\u00f3 para invalidar la elecci\u00f3n? Que la coalici\u00f3n \u201cPor el bien de todos\u201d presentara la demanda ante el Tribunal Electoral del Poder Judicial de la Federaci\u00f3n. No fue gratuita la referencia del magistrado Leonel Castillo respecto del riesgo en que Vicente Fox puso al proceso electoral. Y el m\u00e1ximo tribunal electoral no procedi\u00f3 oficiosamente.<\/p>\n\n\n\n<p class=\"wp-block-paragraph\">Quiz\u00e1 por ello, a la distancia y con ese as bajo la manga, es que el licenciado presidente haya decidido enfrentar al Instituto Nacional Electoral, que la semana pasada le dict\u00f3 medidas cautelares llam\u00e1ndolo a dejar de hacer pronunciamientos de corte electoral, como los que hizo en su periplo por Baja California, cuyo gobernador, Jaime Bonilla, incluso le pidi\u00f3 apoyo para solicitar licencia al cargo y buscar la presidencia municipal de Tijuana.&nbsp;<\/p>\n\n\n\n<p class=\"wp-block-paragraph\">Despu\u00e9s de que Felipe fue declarado Presidente Electo,&nbsp;Fox manifest\u00f3: \u00abMi felicitaci\u00f3n al licenciado Calder\u00f3n Hinojosa, dese\u00e1ndole lo mejor de lo mejor para su gesti\u00f3n al frente al gran esfuerzo colectivo de todos los mexicanos\u00bb.<\/p>\n\n\n\n<p class=\"wp-block-paragraph\">Al resto de los candidatos, Andr\u00e9s Manuel en especial, los convoc\u00f3 a dialogar \u201cpara impulsar un trabajo fecundo y creador que permita a los mexicanos continuar construyendo una gran naci\u00f3n. El Gobierno federal, el presidente de la Rep\u00fablica est\u00e1 deseoso de participar en ese di\u00e1logo por la unidad, la fortaleza nacional y la fortaleza de nuestra democracia y nuestras instituciones\u00bb, puntualiz\u00f3 Vicente.&nbsp;<\/p>\n\n\n\n<p class=\"wp-block-paragraph\">Pero Andr\u00e9s Manuel no olvid\u00f3 la grave afrenta y se atrevi\u00f3 a investirse \u201cpresidente leg\u00edtimo\u201d en un acto de opereta celebrado en el Z\u00f3calo de la Ciudad de M\u00e9xico, por supuesto carente de legalidad que, adem\u00e1s, lo dej\u00f3 a la intemperie de la sorna social.<\/p>\n\n\n\n<p class=\"wp-block-paragraph\">Fue una diferencia de&nbsp;233 mil 831 votos la que separ\u00f3 a Felipe de Andr\u00e9s Manuel en la calificaci\u00f3n electoral. Y\u2026<\/p>\n\n\n\n<p class=\"wp-block-paragraph\"><strong>&#8212;<\/strong>Gracias, presidente. Buenos d\u00edas \u2013salud\u00f3 la reportera en la ma\u00f1anera del inicio de esta semana, en el Sal\u00f3n de la Tesorer\u00eda, sito en Palacio Nacional.<\/p>\n\n\n\n<p class=\"wp-block-paragraph\">Preguntarle \u2013abund\u00f3&#8211; sobre el tema. Hablaba hace un momento de la alianza y hace una semana en Baja California se refiri\u00f3 tambi\u00e9n a este tema de la alianza y por ello, la Comisi\u00f3n de Quejas del INE considera que son declaraciones que podr\u00edan vulnerar el principio de igualdad en la contienda.<\/p>\n\n\n\n<p class=\"wp-block-paragraph\">En ese momento, en Baja California, dijo usted que esta alianza era para enfrentar por supuesto a la transformaci\u00f3n y que usted no permitir\u00eda tan f\u00e1cilmente que hubiera retrocesos.<\/p>\n\n\n\n<p class=\"wp-block-paragraph\">\u00bfHasta d\u00f3nde puede usted declarar sin que las autoridades electorales consideren que esto puede ser violatorio de la ley y considerarse como una intromisi\u00f3n electoral?<\/p>\n\n\n\n<p class=\"wp-block-paragraph\"><strong>&#8212;<\/strong><strong>Yo creo \u2013respondi\u00f3 el se\u00f1orpresidente&#8211; que yo tengo el derecho de expresarme, es el derecho de manifestaci\u00f3n; m\u00e1s, cuando se trata de ir en contra del proyecto que represento, inclusive, en contra de mi persona.<\/strong><\/p>\n\n\n\n<p class=\"wp-block-paragraph\"><strong>Y no estoy inventando nada, ellos mismos sostienen que es contra m\u00ed y es evidente que por eso es que se est\u00e1n agrupando, se est\u00e1n aliando. Entonces, yo creo que s\u00ed tengo la libertad y la debo de ejercer para aclarar, argumentar y replicar.<\/strong><\/p>\n\n\n\n<p class=\"wp-block-paragraph\"><strong>Ahora, si me dicen que ya no debo decir nada, aunque me est\u00e9n atacando, pues nada m\u00e1s que lo fundamenten y ya entonces me quedar\u00eda callado, estoicamente aguantando los ataques; pero considero que eso no es equitativo, que ser\u00eda injusto, que ser\u00eda quitarme mi libertad.<\/strong><\/p>\n\n\n\n<p class=\"wp-block-paragraph\"><strong>&#8212;<\/strong>\u00bfVa a responder de manera formal a este llamado que hacen en la Comisi\u00f3n de Quejas del INE?\u2014enfatiz\u00f3 la reportera.<\/p>\n\n\n\n<p class=\"wp-block-paragraph\"><strong>&#8212;<\/strong><strong>S\u00ed \u2013atendi\u00f3 Andr\u00e9s Manuel&#8211;, en ese sentido, de que hay una oposici\u00f3n que no s\u00f3lo cuestiona a partidos, sino cuestiona directamente al gobierno y cuestiona al presidente y que por eso yo respondo.<\/strong><\/p>\n\n\n\n<p class=\"wp-block-paragraph\"><strong>Si consideran que no debo de responder, que no debo de ejercer mi libertad, pues que lo exprese la autoridad competente\u2014puntualiz\u00f3 el licenciado L\u00f3pez Obrador.<\/strong><\/p>\n\n\n\n<p class=\"wp-block-paragraph\">En efecto, puede y debe responder a cr\u00edticas y cuestionamientos a su gobierno, a \u00e9l incluso en lo personal, como lo ha hecho desde el inicio de su mandato el 2 de diciembre de 2018.<\/p>\n\n\n\n<p class=\"wp-block-paragraph\">Pero. Es el Presidente de la Rep\u00fablica y el Instituto Nacional Electoral tiene, entre sus atribuciones, el mandato de sancionar a quien ilegalmente se involucre y pretenda cambiar el rumbo del proceso electoral.<\/p>\n\n\n\n<p class=\"wp-block-paragraph\">Esa intervenci\u00f3n est\u00e1 prohibida a todo funcionario p\u00fablico de los tres niveles de gobierno. Y L\u00f3pez Obrador es funcionario p\u00fablico. Pero, vaya, es listo y muy listo. \u00bfY qu\u00e9 tal si el INE y el TEPJF deciden invalidar el proceso electoral intermedio del domingo 6 de junio del a\u00f1o entrante? \u00a1Como anillo al dedo!<\/p>\n\n\n\n<p class=\"wp-block-paragraph\">Y es que, lea usted lo dicho por L\u00f3pez Obrador en la ma\u00f1anera respecto de la alianza anunciada PAN-PR-PRD.&nbsp;<\/p>\n\n\n\n<p class=\"wp-block-paragraph\"><strong>\u201cEntonces, quieren que no tengamos mayor\u00eda en la C\u00e1mara de Diputados.<\/strong><\/p>\n\n\n\n<p class=\"wp-block-paragraph\"><strong>\u201c\u00bfPor qu\u00e9?<\/strong><\/p>\n\n\n\n<p class=\"wp-block-paragraph\"><strong>Bueno, porque la C\u00e1mara de Diputados tiene la facultad exclusiva de aprobar el presupuesto y lo que quieren es seguir controlando el presupuesto para que el presupuesto no vaya a las mayor\u00edas, sino siga qued\u00e1ndose en unas cuantas manos, que siga habiendo, como era antes, partidas de moches, donde se reparten los pol\u00edticos el dinero del presupuesto o se utiliza el presupuesto para entregar contratos, concesiones, compras a los allegados al r\u00e9gimen.<\/strong><\/p>\n\n\n\n<p class=\"wp-block-paragraph\"><strong>\u201cEntonces, por eso dicen: \u2018Vamos a unirnos\u2019. Toda la alianza no es s\u00f3lo para ganar gubernaturas, para ganar presidencias municipales, para ganar congresos locales, no, lo fundamental, lo que quiere Claudio X. Gonz\u00e1lez y todos los patrocinadores de este enjuague es que no tengamos mayor\u00eda en la C\u00e1mara de Diputados.<\/strong><\/p>\n\n\n\n<p class=\"wp-block-paragraph\"><strong>\u201c\u00bfQui\u00e9n va a decidir a final de cuentas?<\/strong><\/p>\n\n\n\n<p class=\"wp-block-paragraph\"><strong>\u201cPues el ciudadano. Ya convirtieron la elecci\u00f3n del a\u00f1o pr\u00f3ximo en un refer\u00e9ndum, va a ser: \u00bfquieres que contin\u00fae el proyecto de transformaci\u00f3n o lo frenamos, lo cortamos, lo paramos de tajo? As\u00ed est\u00e1, entonces no tenemos por qu\u00e9 quejarnos porque no nos vamos a aburrir, va a estar interesante, vamos a ver qu\u00e9 opina el pueblo\u201d.&nbsp;<\/strong><\/p>\n\n\n\n<p class=\"wp-block-paragraph\">\u00bfDe qui\u00e9n es el miedo al resultado de la elecci\u00f3n de junio del a\u00f1o entrante? \u00bfLa idea es reventar la elecci\u00f3n intermedia y convocar a una extraordinaria? Se trata de elegir a 15 gobernadores y la renovaci\u00f3n de la C\u00e1mara de Diputados, ni m\u00e1s ni menos. Se juega el futuro de Morena, de la 4T y de Andr\u00e9s Manuel. \u00bfDescabellado? Es listo y ladino. Digo.<\/p>\n\n\n\n<p class=\"wp-block-paragraph\"><strong>COMO ME LO CONTARON.<\/strong>&nbsp;Que la renuncia de Carlos Borruel Baquera a la direcci\u00f3n general de la Comisi\u00f3n Estatal de Vivienda del gobierno de Chihuahua tiene el sustento de la amplia posibilidad de lograr la nominaci\u00f3n del PAN y ganar los comicios del a\u00f1o entrante para relevar en el cargo a Javier Corral Jurado.<\/p>\n\n\n\n<p class=\"wp-block-paragraph\">Borruel fue alcalde y candidato a Gobernador en el a\u00f1o 2000 cuando logr\u00f3 424 mil votos, los mismos que obtuvo Morena en 2018, frente a 376 mil votos de Gustavo Madero. Borruel es m\u00e1s carism\u00e1tico frente al inexpresivo y elitista Madero y sin problemas jur\u00eddicos como los de Maru Campos, los otros aspirantes a la candidatura del PAN. Adem\u00e1s, tiene respaldo de unos 40 alcaldes de todas las bander\u00edas, agrupaciones campesinas, sindicatos y organizaciones sociales. En suma, las cartas de Borruel son de candidato a gobernador y, como dicen sus simpatizantes, de gobernador. Conste.<\/p>\n\n\n\n<p class=\"wp-block-paragraph\"><a href=\"mailto:sanchezlimon@gmail.com\" target=\"_blank\" rel=\"noreferrer noopener\">sanchezlimon@gmail.com<\/a><\/p>\n\n\n\n<p class=\"wp-block-paragraph\"><a href=\"http:\/\/www.entresemana.mx\/\" target=\"_blank\" rel=\"noreferrer noopener\">www.entresemana.mx<\/a><\/p>\n\n\n\n<p class=\"wp-block-paragraph\"><strong>@msanchezlimon<\/strong><\/p>\n","protected":false},"excerpt":{"rendered":"<p>Andr\u00e9s Manuel es listo, muy listo. Y con memoria selectiva.<\/p>\n","protected":false},"author":3,"featured_media":15805,"comment_status":"open","ping_status":"open","sticky":false,"template":"","format":"standard","meta":{"_monsterinsights_skip_tracking":false,"footnotes":""},"categories":[691,105,83,35],"tags":[],"class_list":["post-29640","post","type-post","status-publish","format-standard","has-post-thumbnail","category-691","category-entresemana","category-moises-sanchez-limon","category-opinion"],"_links":{"self":[{"href":"https:\/\/redsemlac.com\/semmexico\/wp-json\/wp\/v2\/posts\/29640","targetHints":{"allow":["GET"]}}],"collection":[{"href":"https:\/\/redsemlac.com\/semmexico\/wp-json\/wp\/v2\/posts"}],"about":[{"href":"https:\/\/redsemlac.com\/semmexico\/wp-json\/wp\/v2\/types\/post"}],"author":[{"embeddable":true,"href":"https:\/\/redsemlac.com\/semmexico\/wp-json\/wp\/v2\/users\/3"}],"replies":[{"embeddable":true,"href":"https:\/\/redsemlac.com\/semmexico\/wp-json\/wp\/v2\/comments?post=29640"}],"version-history":[{"count":0,"href":"https:\/\/redsemlac.com\/semmexico\/wp-json\/wp\/v2\/posts\/29640\/revisions"}],"wp:featuredmedia":[{"embeddable":true,"href":"https:\/\/redsemlac.com\/semmexico\/wp-json\/wp\/v2\/media\/15805"}],"wp:attachment":[{"href":"https:\/\/redsemlac.com\/semmexico\/wp-json\/wp\/v2\/media?parent=29640"}],"wp:term":[{"taxonomy":"category","embeddable":true,"href":"https:\/\/redsemlac.com\/semmexico\/wp-json\/wp\/v2\/categories?post=29640"},{"taxonomy":"post_tag","embeddable":true,"href":"https:\/\/redsemlac.com\/semmexico\/wp-json\/wp\/v2\/tags?post=29640"}],"curies":[{"name":"wp","href":"https:\/\/api.w.org\/{rel}","templated":true}]}}