{"id":29621,"date":"2020-12-07T22:43:34","date_gmt":"2020-12-07T22:43:34","guid":{"rendered":"https:\/\/redsemlac.com\/semmexico\/?p=29621"},"modified":"2023-07-21T16:40:08","modified_gmt":"2023-07-21T21:40:08","slug":"en-el-senado-iniciativa-que-reforma-el-articulo-3o-constitucional-para-combatir-el-machismo","status":"publish","type":"post","link":"https:\/\/redsemlac.com\/semmexico\/en-el-senado-iniciativa-que-reforma-el-articulo-3o-constitucional-para-combatir-el-machismo\/","title":{"rendered":"En el Senado, Iniciativa que reforma el Art\u00edculo 3\u00ba Constitucional para combatir el machismo"},"content":{"rendered":"\n<ul class=\"wp-block-list\"><li><strong>Del Partido del Trabajo busca&nbsp; combatir la cultura nociva y resalta la importancia de la educaci\u00f3n<\/strong><\/li><li><strong>Urge combatir servidumbres, fanatismos y prejuicios<\/strong><\/li><\/ul>\n\n\n\n<p class=\"wp-block-paragraph\"><strong>Elda Montiel<\/strong><\/p>\n\n\n\n<p class=\"wp-block-paragraph\">SemM\u00e9xico. Cd. de M\u00e9xico. 7 de diciembre 2020.- La senadora Geovanna Ba\u00f1uelos de la Torre propuso reforma el Art\u00edculo Tercero de la Constituci\u00f3n para que la educaci\u00f3n que imparta el Estado se base en criterios cient\u00edficos y contribuya a combatir el machismo y la cultura patriarcal, as\u00ed como a fomentar la igualdad entre hombres y mujeres.<\/p>\n\n\n\n<p class=\"wp-block-paragraph\">La legisladora del Partido del Trabajo calific\u00f3 \u201cel machismo\u201d como uno de los c\u00e1nceres que se debe erradicar, y que esta tan enraizado en la sociedad mexicana que ha terminado por normalizarlo. En su propuesta tambi\u00e9n est\u00e1 el combatir las servidumbres, los fanatismos y los prejuicios.<\/p>\n\n\n\n<p class=\"wp-block-paragraph\">Al respecto cito las cifras del INEGI que se\u00f1alan que el 66 por ciento de las mujeres ha sufrido alg\u00fan tipo de violencia; 44 por ciento de estos es a manos de su pareja. En este a\u00f1o se registr\u00f3 473 feminicidios y 25 cr\u00edmenes de odio.<\/p>\n\n\n\n<p class=\"wp-block-paragraph\">Preciso que la mayor\u00eda de estos delitos quedan impunes y se\u00f1al\u00f3 que la cultura machista prevalece y busca justificar las agresiones con expresiones comunes que culpan a las mujeres como \u201cuna mujer no debe andar sola en la noche\u201d o \u201cporque sale vestida as\u00ed\u201d.<\/p>\n\n\n\n<p class=\"wp-block-paragraph\">Calific\u00f3 esta cultura de nociva de la cual no se salvan los hombres, porque las expectativas sociales se construyen para que sean proveedores, sexualmente dominantes y eviten expresar sus emociones. Lo que contribuye a tasas altas de suicidio, homicidio, adicciones y accidentes de tr\u00e1nsito.<\/p>\n\n\n\n<p class=\"wp-block-paragraph\">Consider\u00f3 que la educaci\u00f3n es el m\u00e1s poderoso instrumento de cambio que puede a contribuirnos a repensarnos como sociedad d\u00f3nde la igualdad entre hombres y mujeres sea medular.&nbsp;<\/p>\n\n\n\n<p class=\"wp-block-paragraph\">El proyecto se present\u00f3 en la Gaceta Parlamentaria del 26 de noviembre pasado y se turn\u00f3 a las comisiones de Puntos Constituciones y de Estudios Legislativos, Segunda, para su an\u00e1lisis y dictamen.<\/p>\n","protected":false},"excerpt":{"rendered":"<p>Urge combatir servidumbres, fanatismos y prejuicios<\/p>\n","protected":false},"author":3,"featured_media":0,"comment_status":"open","ping_status":"open","sticky":false,"template":"","format":"standard","meta":{"_monsterinsights_skip_tracking":false,"footnotes":""},"categories":[691,50],"tags":[],"class_list":["post-29621","post","type-post","status-publish","format-standard","category-691","category-congreso"],"_links":{"self":[{"href":"https:\/\/redsemlac.com\/semmexico\/wp-json\/wp\/v2\/posts\/29621","targetHints":{"allow":["GET"]}}],"collection":[{"href":"https:\/\/redsemlac.com\/semmexico\/wp-json\/wp\/v2\/posts"}],"about":[{"href":"https:\/\/redsemlac.com\/semmexico\/wp-json\/wp\/v2\/types\/post"}],"author":[{"embeddable":true,"href":"https:\/\/redsemlac.com\/semmexico\/wp-json\/wp\/v2\/users\/3"}],"replies":[{"embeddable":true,"href":"https:\/\/redsemlac.com\/semmexico\/wp-json\/wp\/v2\/comments?post=29621"}],"version-history":[{"count":0,"href":"https:\/\/redsemlac.com\/semmexico\/wp-json\/wp\/v2\/posts\/29621\/revisions"}],"wp:attachment":[{"href":"https:\/\/redsemlac.com\/semmexico\/wp-json\/wp\/v2\/media?parent=29621"}],"wp:term":[{"taxonomy":"category","embeddable":true,"href":"https:\/\/redsemlac.com\/semmexico\/wp-json\/wp\/v2\/categories?post=29621"},{"taxonomy":"post_tag","embeddable":true,"href":"https:\/\/redsemlac.com\/semmexico\/wp-json\/wp\/v2\/tags?post=29621"}],"curies":[{"name":"wp","href":"https:\/\/api.w.org\/{rel}","templated":true}]}}