{"id":29492,"date":"2020-12-04T00:18:40","date_gmt":"2020-12-04T00:18:40","guid":{"rendered":"https:\/\/redsemlac.com\/semmexico\/?p=29492"},"modified":"2023-07-21T16:40:13","modified_gmt":"2023-07-21T21:40:13","slug":"2-anos-mortandad-renuncias-y-mas-pobreza","status":"publish","type":"post","link":"https:\/\/redsemlac.com\/semmexico\/2-anos-mortandad-renuncias-y-mas-pobreza\/","title":{"rendered":"2 a\u00f1os: mortandad, renuncias y m\u00e1s pobreza"},"content":{"rendered":"\n<h2 class=\"wp-block-heading\">Ambig\u00fa<\/h2>\n\n\n\n<p class=\"wp-block-paragraph\"><strong>+ Los otros datos de la encuesta de Amlo: 47% peor con la 4T<\/strong><\/p>\n\n\n\n<p class=\"wp-block-paragraph\"><strong>Por Martha Elba Torres Mart\u00ednez<\/strong><\/p>\n\n\n\n<p class=\"wp-block-paragraph\">SemM\u00e9xico. 03 de diciembre 2020.- \u00bfQu\u00e9 distingue a la humanidad del resto de las especies que pueblan este planeta? Que tiene conciencia de s\u00ed misma como ser racional, capaz de discernir sobre su entorno y realidad. Todas y todos tenemos ese don. Que hay quienes la desarrollan m\u00e1s que otros, esa es otra cosa. Pero todos pensamos y razonamos.<\/p>\n\n\n\n<p class=\"wp-block-paragraph\">Por eso el esfuerzo cotidiano de L\u00f3pez Obrador por mantener a flote la ideologizaci\u00f3n de su constructo de la 4T, cuyas bases -acaba de asegurar- \u201cya est\u00e1n sentadas\u201d. Y vaya que se ven y se sienten: la violencia criminal desbordada -68 mil homicidios y feminicidios-; un mill\u00f3n de negocios quebrados; decrecimiento econ\u00f3mico y m\u00e1s pobreza.<\/p>\n\n\n\n<p class=\"wp-block-paragraph\">Y vaya tambi\u00e9n que hay justicia divina. Se sinti\u00f3 semidios y el Covid lo exhibi\u00f3 como el peor gobernante que nos pod\u00eda tocar en el peor momento: M\u00e9xico ocupa el tercer lugar con mayor n\u00famero de fallecimientos a nivel mundial. La pandemia est\u00e1 totalmente fuera de control, con un promedio en los \u00faltimos d\u00edas, de 800 muertos cada y m\u00e1s de 8 mil contagios cada d\u00eda.<\/p>\n\n\n\n<p class=\"wp-block-paragraph\">Si todo va muy bien, como narra, \u00bfpor qu\u00e9 tambi\u00e9n tantos cad\u00e1veres pol\u00edticos en solo dos a\u00f1os? Al menos nueve renuncias de su funcionariado de alto nivel. La m\u00e1s reciente, Alfonso Romo, que deja la Coordinaci\u00f3n de la Oficina de la Presidencia, \u00e1rea que desaparece por evidentemente in\u00fatil.  Hab\u00edamos apostado por el retiro del florero Olga S\u00e1nchez, pero le sigue faltando valor.<\/p>\n\n\n\n<p class=\"wp-block-paragraph\">Toc toc: \u00bfHay alguien al frente de la supuesta estrategia de seguridad? Rosa Isela Rodr\u00edguez asumi\u00f3 la titularidad del sector desde el 30 de octubre y dizque enferm\u00f3 de Covid. Es fecha que no asoma la cara ante la violencia criminal desatada y no se le ve por ning\u00fan lado.<\/p>\n\n\n\n<p class=\"wp-block-paragraph\">Las renuncias de tantas funcionarias y funcionarios tienen un com\u00fan denominador: recuperar la dignidad ante la mentira m\u00e1s grande que pudieron enfrentar en sus vidas y orquestada desde Palacio Nacional y ya no ser parte de la farsa, que en su momento pasar\u00e1 factura.<\/p>\n\n\n\n<p class=\"wp-block-paragraph\">Carlos Urz\u00faa renunci\u00f3 el 9 de julio de 2019; Germ\u00e1n Mart\u00ednez dej\u00f3 el IMSS en mayo de ese a\u00f1o; Guillermo Garc\u00eda Alcocer, el 3 de junio sali\u00f3 de la presidencia de la de la Comisi\u00f3n Reguladora de Energ\u00eda (CRE).<\/p>\n\n\n\n<p class=\"wp-block-paragraph\">El 19 de junio de 2020, M\u00f3nica Maccise Duayhe dijo adi\u00f3s a la presidencia del Consejo Nacional para Prevenir la Discriminaci\u00f3n (Conapred), as\u00ed como Mara G\u00f3mez P\u00e9rez, de la Comisi\u00f3n Ejecutiva de Atenci\u00f3n a V\u00edctimas (CEAV). Ese mismo d\u00eda, Asa Ebba Christina Laurell se retir\u00f3 de la Subsecretar\u00eda de Integraci\u00f3n y Desarrollo de la Secretar\u00eda de Salud, por sus fuertes diferencias con el secretario Jorge Alcocer, por el mal manejo de la pandemia.<\/p>\n\n\n\n<p class=\"wp-block-paragraph\">El 22 de julio, el pol\u00e9mico Javier Jim\u00e9nez Espri\u00fa sali\u00f3 de la Secretar\u00eda de Comunicaciones y Transportes (SCT), por su desacuerdo con la entrega del control mar\u00edtimo y aduanal a la Semar y la Sedena.<\/p>\n\n\n\n<p class=\"wp-block-paragraph\">V\u00edctor Manuel Toledo renunci\u00f3 el 2 de septiembre a la Secretar\u00eda de Medio Ambiente y Recursos Naturales y su razonamiento no pudo ser m\u00e1s elocuente con la realidad: la 4T solo est\u00e1 en la mente de L\u00f3pez Obrador y el gabinete solo es la arena de la lucha por el poder. Para el 22 de ese mes, Jaime C\u00e1rdenas Garc\u00eda denunci\u00f3 la corrupci\u00f3n que priva en el Instituto Para Devolverle al Pueblo lo Robado. Tan enterado estaba el Presidente, que ni siquiera se investig\u00f3 y menos sancion\u00f3 a los responsables.<\/p>\n\n\n\n<p class=\"wp-block-paragraph\">Este mi\u00e9rcoles 2 de diciembre, Alfonso Romo deja la Coordinaci\u00f3n de la Oficina de la Presidencia. Amlo quiso disfrazar la renuncia con un acuerdo entre amigos, de solo dos a\u00f1os de servicio. Nadie lo crey\u00f3. El empresario ya daba s\u00edntomas con sus \u00faltimas declaraciones, al cuestionar la estrategia de seguridad, las barreras del gobierno a la inversi\u00f3n extranjera y la gota que derram\u00f3 el vaso: \u201cno podemos manejar un pa\u00eds que est\u00e1 decreciendo alrededor de 9 por ciento, como si estuviera creciendo al 9 por ciento\u201d\u2026.<\/p>\n\n\n\n<p class=\"wp-block-paragraph\">&nbsp;&nbsp;&nbsp;&nbsp;&nbsp;&nbsp;&nbsp;&nbsp;&nbsp;&nbsp;&nbsp;&nbsp;&nbsp;&nbsp;&nbsp;&nbsp;&nbsp;&nbsp;&nbsp;&nbsp;&nbsp;&nbsp;&nbsp;&nbsp;&nbsp;&nbsp;&nbsp;&nbsp;&nbsp;&nbsp;&nbsp;&nbsp;&nbsp;&nbsp;&nbsp;&nbsp;&nbsp;&nbsp;&nbsp;&nbsp;&nbsp;&nbsp;&nbsp;&nbsp;&nbsp;&nbsp;&nbsp;&nbsp;&nbsp;&nbsp;&nbsp;&nbsp;&nbsp;&nbsp;&nbsp;&nbsp;&nbsp;&nbsp;&nbsp;&nbsp;&nbsp;&nbsp;&nbsp;&nbsp;&nbsp;&nbsp;&nbsp;&nbsp;&nbsp;&nbsp;&nbsp;&nbsp;&nbsp;&nbsp;&nbsp;&nbsp;&nbsp; ***<\/p>\n\n\n\n<p class=\"wp-block-paragraph\">\u201cSi las empresas quiebran, pues que quiebren y que cada due\u00f1o asuma su responsabilidad\u201d, respondi\u00f3 as\u00ed L\u00f3pez Obrador el 7 de mayo, a las s\u00faplicas del empresariado de apoyo ante la crisis econ\u00f3mica que desat\u00f3 la pandemia.<\/p>\n\n\n\n<p class=\"wp-block-paragraph\">Pues s\u00ed. Poco m\u00e1s de un mill\u00f3n de negocios del pa\u00eds tambi\u00e9n murieron.<\/p>\n\n\n\n<p class=\"wp-block-paragraph\">De acuerdo al estudio sobre la Demograf\u00eda de los Negocios (EDN) 2020 publicado por el Inegi en la v\u00edspera, de las 4.9 millones de empresas micro, peque\u00f1as y medianas que hab\u00eda en el 2019, sobrevivieron 3.85 millones, es decir, un mill\u00f3n 10 mil 857 establecimientos (20.81 por ciento) cerraron sus puertas definitivamente.<\/p>\n\n\n\n<p class=\"wp-block-paragraph\">Los estragos en el empleo: casi 3 millones de personas dejaron de trabajar, mientras que los negocios sobrevivientes tuvieron una disminuci\u00f3n de 1.15 millones de empleos. En total se perdieron 4.12 millones de puestos de trabajo.<\/p>\n\n\n\n<p class=\"wp-block-paragraph\">Evidentemente,  la mayor afectaci\u00f3n fue para quienes se ubican en edad productiva y por tanto no reciben programas sociales. Otro dato que confirma la muerte laboral para muchos, son los m\u00e1s de dos mil millones de pesos que desocupados por las crisis de salud y econ\u00f3mica, han retirado de sus fondos de retiro en los \u00faltimos seis meses, lo que afectar\u00e1 desde luego, sus pensiones a futuro\u2026<\/p>\n\n\n\n<p class=\"wp-block-paragraph\">&nbsp;&nbsp;&nbsp;&nbsp;&nbsp;&nbsp;&nbsp;&nbsp;&nbsp;&nbsp;&nbsp;&nbsp;&nbsp;&nbsp;&nbsp;&nbsp;&nbsp;&nbsp;&nbsp;&nbsp;&nbsp;&nbsp;&nbsp;&nbsp;&nbsp;&nbsp;&nbsp;&nbsp;&nbsp;&nbsp;&nbsp;&nbsp;&nbsp;&nbsp;&nbsp;&nbsp;&nbsp;&nbsp;&nbsp;&nbsp;&nbsp;&nbsp;&nbsp;&nbsp;&nbsp;&nbsp;&nbsp;&nbsp;&nbsp;&nbsp;&nbsp;&nbsp;&nbsp;&nbsp;&nbsp;&nbsp;&nbsp;&nbsp;&nbsp;&nbsp;&nbsp;&nbsp;&nbsp;&nbsp;&nbsp;&nbsp;&nbsp;&nbsp;&nbsp;&nbsp;&nbsp;&nbsp;&nbsp;&nbsp;&nbsp;&nbsp;&nbsp; ***<\/p>\n\n\n\n<p class=\"wp-block-paragraph\">Pero entonces, \u00bfqu\u00e9 es lo que realmente lo importa a L\u00f3pez Obrador? El poder por s\u00ed mismo, no para poder hacer algo por la naci\u00f3n, sino para disfrutarlo en toda su magnificencia.<\/p>\n\n\n\n<p class=\"wp-block-paragraph\">Lo vimos con su encuesta del 1 de diciembre, de la que presumi\u00f3 que 71 por ciento de a quienes se entrevist\u00f3 -no exhibe vitrina metodol\u00f3gica- est\u00e1n con que contin\u00fae como la Presidente y con eso se queda.<\/p>\n\n\n\n<p class=\"wp-block-paragraph\">La muestra de 2,500 cuestionarios aplicados, no es representativa, pues 75 por ciento se ubic\u00f3 en segmento sociodemogr\u00e1fico bajo, 22 por ciento medio y solo 2.5 por ciento alto.<\/p>\n\n\n\n<p class=\"wp-block-paragraph\">Un indicador, totalmente fuera de los m\u00e1rgenes referenciales en cuanto al resto de las preguntas. El m\u00e1s aproximado: el 61 por ciento que rechaz\u00f3 participar en el sondeo. Tantas pinche encuestitis \u00bfy de qu\u00e9 sirve?<\/p>\n\n\n\n<p class=\"wp-block-paragraph\">En cuanto a simpat\u00eda con alg\u00fan partido, otorga 5 por ciento al PRI; 8 por ciento al PAN; 1 por ciento al PRD; 0.6 por ciento a su aliado PT, y Morena se alza con 31 por ciento. Lo mejor es que 44 por ciento no simpatiza con ninguno y 9 por ciento no contest\u00f3. Si esto no le da \u00f1a\u00f1aras a L\u00f3pez y los guindas, entonces no s\u00e9 qu\u00e9.<\/p>\n\n\n\n<p class=\"wp-block-paragraph\">Inter\u00e9s en la pol\u00edtica: mucho, 20 por ciento; poco, 30 por ciento; algo, 22 por ciento; nada 26 por ciento.<\/p>\n\n\n\n<p class=\"wp-block-paragraph\">\u00bfC\u00f3mo ve su situaci\u00f3n actual?: 47 por ciento, peor y 39 por ciento, igual. Il\u00f3gico: a quien le est\u00e1 yendo peor, c\u00f3mo pudo responder \u00b4si, que contin\u00fae como Presidente\u00b4.<\/p>\n\n\n\n<p class=\"wp-block-paragraph\">Hasta para truquear encuestas, hay que saber\u2026<\/p>\n","protected":false},"excerpt":{"rendered":"<p>Los otros datos de la encuesta de Amlo: 47% peor con la 4T<\/p>\n","protected":false},"author":3,"featured_media":9303,"comment_status":"open","ping_status":"open","sticky":false,"template":"","format":"standard","meta":{"_monsterinsights_skip_tracking":false,"footnotes":""},"categories":[691,99,90,35],"tags":[],"class_list":["post-29492","post","type-post","status-publish","format-standard","has-post-thumbnail","category-691","category-ambigu","category-martha-elba-torres-martinez","category-opinion"],"_links":{"self":[{"href":"https:\/\/redsemlac.com\/semmexico\/wp-json\/wp\/v2\/posts\/29492","targetHints":{"allow":["GET"]}}],"collection":[{"href":"https:\/\/redsemlac.com\/semmexico\/wp-json\/wp\/v2\/posts"}],"about":[{"href":"https:\/\/redsemlac.com\/semmexico\/wp-json\/wp\/v2\/types\/post"}],"author":[{"embeddable":true,"href":"https:\/\/redsemlac.com\/semmexico\/wp-json\/wp\/v2\/users\/3"}],"replies":[{"embeddable":true,"href":"https:\/\/redsemlac.com\/semmexico\/wp-json\/wp\/v2\/comments?post=29492"}],"version-history":[{"count":0,"href":"https:\/\/redsemlac.com\/semmexico\/wp-json\/wp\/v2\/posts\/29492\/revisions"}],"wp:featuredmedia":[{"embeddable":true,"href":"https:\/\/redsemlac.com\/semmexico\/wp-json\/wp\/v2\/media\/9303"}],"wp:attachment":[{"href":"https:\/\/redsemlac.com\/semmexico\/wp-json\/wp\/v2\/media?parent=29492"}],"wp:term":[{"taxonomy":"category","embeddable":true,"href":"https:\/\/redsemlac.com\/semmexico\/wp-json\/wp\/v2\/categories?post=29492"},{"taxonomy":"post_tag","embeddable":true,"href":"https:\/\/redsemlac.com\/semmexico\/wp-json\/wp\/v2\/tags?post=29492"}],"curies":[{"name":"wp","href":"https:\/\/api.w.org\/{rel}","templated":true}]}}