{"id":29481,"date":"2020-12-03T21:48:30","date_gmt":"2020-12-03T21:48:30","guid":{"rendered":"https:\/\/redsemlac.com\/semmexico\/?p=29481"},"modified":"2023-07-21T16:40:13","modified_gmt":"2023-07-21T21:40:13","slug":"admite-el-tepjf-estudiar-argumentaciones-de-las-mujeres-a-favor-del-acuerdo-del-ine-para-elecciones-paritarias-en-las-gubernaturas-a-elegir-en-2021","status":"publish","type":"post","link":"https:\/\/redsemlac.com\/semmexico\/admite-el-tepjf-estudiar-argumentaciones-de-las-mujeres-a-favor-del-acuerdo-del-ine-para-elecciones-paritarias-en-las-gubernaturas-a-elegir-en-2021\/","title":{"rendered":"Admite el TEPJF estudiar argumentaciones de las mujeres a favor del acuerdo del INE para elecciones paritarias en las gubernaturas a elegir en 2021"},"content":{"rendered":"\n<ul class=\"wp-block-list\"><li><strong>Es la oportunidad para el derecho constitucional de la paridad total y la democracia<\/strong><\/li><\/ul>\n\n\n\n<ul class=\"wp-block-list\"><li><strong>Firmaron una apelaci\u00f3n, contra el PAN y el Senado mil 600 organizaciones y mil 400 mujeres<\/strong><\/li><\/ul>\n\n\n\n<p class=\"wp-block-paragraph\"><strong>Sara Lovera<\/strong><\/p>\n\n\n\n<p class=\"wp-block-paragraph\">SemM\u00e9xico. Cd. de M\u00e9xico. 3 de diciembre de 2020.- &nbsp;El Tribunal Electoral del Poder Judicial de la Federaci\u00f3n TEPJF, admiti\u00f3 el recurso de apelaci\u00f3n contra las impugnaciones al acuerdo del Instituto Nacional Electoral para obligar a los partidos pol\u00edticos a incluir al menos a 7 mujeres&nbsp;&nbsp;en la elecci\u00f3n de las 15 gubernaturas a elegirse en 2021.<\/p>\n\n\n\n<p class=\"wp-block-paragraph\">Eso significa, que antes de tomar una decisi\u00f3n, el TEPJF, examinar\u00e1 las argumentaciones firmadas por m\u00e1s de 600 organizaciones civiles y mil 400 mujeres, que con&nbsp;&nbsp;tesis, pruebas y explicaciones jur\u00eddicas e hist\u00f3ricas, avalan el acuerdo del \u00f3rgano electoral, por haberse apegado a la Constituci\u00f3n y maximizar los derechos pol\u00edticos de las mujeres y la paridad total incluida en la Carta Magna en 2019.<\/p>\n\n\n\n<p class=\"wp-block-paragraph\">Conocido como Amicus Curie, &#8211; una figura legal-, ello que permite a terceras partes en un juicio,&nbsp;&nbsp;contribuir para que la decisi\u00f3n del Tribunal sea razonada y apegada al marco legal y a las garant\u00edas constitucionales de la&nbsp;&nbsp;paridad total.<\/p>\n\n\n\n<p class=\"wp-block-paragraph\">La intervenci\u00f3n formal&nbsp;&nbsp;de las organizaciones y mujeres, est\u00e1 ampliamente justificada en la Constituci\u00f3n, las leyes de igualdad y las recomendaciones internacionales. Se&nbsp;&nbsp;responde con suficiencia a las impugnaciones que en noviembre 16 hicieron el Partido Acci\u00f3n Nacional y la Junta de Coordinaci\u00f3n Pol\u00edtica del Senado, con el argumento de que la paridad no aplica para elegir puestos unipersonales, como son las gubernaturas de los estados.<\/p>\n\n\n\n<p class=\"wp-block-paragraph\">Sostienen que el Instituto Nacional Electoral tom\u00f3 un acuerdo apegado a derecho y optimiza, en la modalidad de paridad horizontal, el mandato de la Carta Magna.<\/p>\n\n\n\n<p class=\"wp-block-paragraph\">La admisi\u00f3n del Amicus Curie, fue comunicado a las mujeres, apenas anoche, seg\u00fan acuerdo del 24 de noviembre, dictado por la magistrada&nbsp;&nbsp;Janine M. Ot\u00e1lora Malassis, integrante de la Sala Superior del TEPJF.<\/p>\n\n\n\n<p class=\"wp-block-paragraph\">El documento que examinar\u00e1 el Tribunal, sostienen que&nbsp;&nbsp;el INE actu\u00f3&nbsp;&nbsp;apegado a la Constituci\u00f3n, con base en su&nbsp;&nbsp;facultad reglamentaria, y que no hace sino proteger los derechos pol\u00edticos de las mujeres, garantizan la paridad total&nbsp;&nbsp;y en 73 p\u00e1ginas, recoge puntualmente el desequilibrio del equilibrio, que entre mujeres y hombres, debe reconocer un Estado Democr\u00e1tico.<\/p>\n\n\n\n<p class=\"wp-block-paragraph\">El acuerdo del INE, una respuesta a un entramado normativo que permite el ejercicio, optimizaci\u00f3n y operatividad del mandato constitucional del principio de paridad de g\u00e9nero en su vertiente horizontal para los 15 cargos a gubernaturas.&nbsp;<\/p>\n\n\n\n<p class=\"wp-block-paragraph\">La opini\u00f3n, legal y razonada, permitir\u00e1 al Tribunal, legitimar el proceso y el un juicio, es&nbsp;&nbsp;una opini\u00f3n t\u00e9cnica de un caso que involucra aspectos de trascendencia social o aportan elementos jur\u00eddicamente trascendentes, para efecto de que el juzgador pueda tomarlos en cuenta al dictar una resoluci\u00f3n.<\/p>\n\n\n\n<p class=\"wp-block-paragraph\">Sostiene que exponen su experiencia lo que&nbsp;&nbsp;facilitar\u00e1 a la Sala Superior diversos elementos y argumentos sobre la relevancia y particularidades que consideramos deben ser tomados en cuenta al momento de resolver cualquier impugnaci\u00f3n en contra del contravenido Acuerdo. Ello con el fin de que la decisi\u00f3n que adopte este Tribunal sea respetuosa de los derechos humanos y de los principios constitucionales en materia de paridad.<\/p>\n\n\n\n<p class=\"wp-block-paragraph\">Dejan bien establecido que hay una subrepresentaci\u00f3n de las mujeres en los puestos de las gubernaturas y que \u00e9sta es una oportunidad para responder a los compromisos y los acuerdos internacionales\u00a0\u00a0que el Estado Mexicano firm\u00f3. En unos d\u00edas el TEPJ resolver\u00e1 las impugnaciones de Acci\u00f3n Nacional \u2013enviadas dos- y la del Senado de la Rep\u00fablica.<\/p>\n\n\n\n<p class=\"wp-block-paragraph\">Por otra parte el d\u00eda de hoy la senadora Claudia Edith Anaya Mota, del Grupo Parlamentario del Partido Revolucionario Institucional, propuso reformar y adicionar los art\u00edculos 41 y 116 de la Constituci\u00f3n, para establecer que los partidos pol\u00edticos cumplan con el principio de paridad de g\u00e9nero en la postulaci\u00f3n de candidatas y candidatos a nivel federal, estatal y municipal.\u00a0<\/p>\n\n\n\n<p class=\"wp-block-paragraph\">La reforma prev\u00e9 que los partidos pol\u00edticos nacionales tendr\u00e1n derecho a participar en las elecciones de las entidades federativas y municipales, respetando en sus postulaciones el principio de paridad de g\u00e9nero.\u00a0<\/p>\n\n\n\n<p class=\"wp-block-paragraph\">Asimismo, establece que, para la postulaci\u00f3n de titular del Poder Ejecutivo, los partidos pol\u00edticos deber\u00e1n cumplir con el principio de paridad de g\u00e9nero establecido en la Constituci\u00f3n. Las legislaturas de las entidades federativas dispondr\u00e1n de lo necesario para el cumplimiento del principio de paridad de g\u00e9nero, acot\u00f3.&nbsp;<\/p>\n","protected":false},"excerpt":{"rendered":"<p>Firmaron una apelaci\u00f3n, contra el PAN y el Senado mil 600 organizaciones y mil 400 mujeres<\/p>\n","protected":false},"author":3,"featured_media":29482,"comment_status":"open","ping_status":"open","sticky":false,"template":"","format":"standard","meta":{"_monsterinsights_skip_tracking":false,"footnotes":""},"categories":[691,141],"tags":[],"class_list":["post-29481","post","type-post","status-publish","format-standard","has-post-thumbnail","category-691","category-elecciones-2020-2021"],"_links":{"self":[{"href":"https:\/\/redsemlac.com\/semmexico\/wp-json\/wp\/v2\/posts\/29481","targetHints":{"allow":["GET"]}}],"collection":[{"href":"https:\/\/redsemlac.com\/semmexico\/wp-json\/wp\/v2\/posts"}],"about":[{"href":"https:\/\/redsemlac.com\/semmexico\/wp-json\/wp\/v2\/types\/post"}],"author":[{"embeddable":true,"href":"https:\/\/redsemlac.com\/semmexico\/wp-json\/wp\/v2\/users\/3"}],"replies":[{"embeddable":true,"href":"https:\/\/redsemlac.com\/semmexico\/wp-json\/wp\/v2\/comments?post=29481"}],"version-history":[{"count":0,"href":"https:\/\/redsemlac.com\/semmexico\/wp-json\/wp\/v2\/posts\/29481\/revisions"}],"wp:featuredmedia":[{"embeddable":true,"href":"https:\/\/redsemlac.com\/semmexico\/wp-json\/wp\/v2\/media\/29482"}],"wp:attachment":[{"href":"https:\/\/redsemlac.com\/semmexico\/wp-json\/wp\/v2\/media?parent=29481"}],"wp:term":[{"taxonomy":"category","embeddable":true,"href":"https:\/\/redsemlac.com\/semmexico\/wp-json\/wp\/v2\/categories?post=29481"},{"taxonomy":"post_tag","embeddable":true,"href":"https:\/\/redsemlac.com\/semmexico\/wp-json\/wp\/v2\/tags?post=29481"}],"curies":[{"name":"wp","href":"https:\/\/api.w.org\/{rel}","templated":true}]}}