{"id":2941,"date":"2018-01-30T20:51:28","date_gmt":"2018-01-30T20:51:28","guid":{"rendered":"https:\/\/redsemlac.com\/semmexico\/?p=2941"},"modified":"2023-07-21T14:30:22","modified_gmt":"2023-07-21T19:30:22","slug":"escucha-marichuy-vocera-del-cig-planteamientos-feministas","status":"publish","type":"post","link":"https:\/\/redsemlac.com\/semmexico\/escucha-marichuy-vocera-del-cig-planteamientos-feministas\/","title":{"rendered":"Escucha Marichuy, Vocera del CIG, planteamientos feministas"},"content":{"rendered":"\n<p class=\"wp-block-paragraph\">Soledad Jarqu\u00edn Edgar<br>\nSemM\u00e9xico, Oaxaca, Oax., 30 enero 2018.- Cada semana suceden poco m\u00e1s de tres asesinatos de mujeres en lo que va de los \u00faltimos 13 meses en Oaxaca. De estos, solo el 0.05 por ciento de los feminicidas han sido sentenciados; el resto est\u00e1 en la impunidad.<\/p>\n\n\n\n<p class=\"wp-block-paragraph\">Los datos fueron proporcionados por la presidenta de la organizaci\u00f3n Lunas del Sur, Erika Lil\u00ed D\u00edaz Cruz, al hablar ante Mar\u00eda de Jes\u00fas Patricio Mart\u00ednez, vocera del Consejo Ind\u00edgena de Gobierno (CIG), aspirante a candidata independiente al gobierno mexicano, en el proceso electoral que se realizar\u00e1 este a\u00f1o.<\/p>\n\n\n\n<p class=\"wp-block-paragraph\">En el z\u00f3calo de esta capital, expuso que m\u00e1s de tres familias a la semana, sufren la p\u00e9rdida, la impotencia, la desgracia, de ser v\u00edctimas del asesinato de una hija. M\u00e1s de cien familias en un a\u00f1o han estado sobreviviendo a su ausencia.<\/p>\n\n\n\n<p class=\"wp-block-paragraph\">Afirm\u00f3 que el sistema de justicia no da ninguna certeza ni reparaci\u00f3n integral a las familias, por lo que las autoridades que consienten y toleran los feminicidios no son dignas de llamarse autoridades, ya que permiten que los asesinos sigan en libertad y en completa impunidad.<\/p>\n\n\n\n<p class=\"wp-block-paragraph\">El tr\u00e1gico drama cotidiano de todas las mujeres \u2014sin importar su origen o cualquier otra diferencia\u2014 es que vivimos atemorizadas, horrorizadas con lo que los hombres y las instituciones hacen a nuestros cuerpos. No se puede seguir sosteniendo un sistema al que las vidas de las mujeres no les importan.<\/p>\n\n\n\n<p class=\"wp-block-paragraph\">D\u00edaz Cruz, acad\u00e9mica que ha impulsado en Oaxaca el Diplomado de Estudios de las Mujeres, G\u00e9neros, Feminismos y Descolonizaci\u00f3n, refiri\u00f3 que frente a la violencia contra las mujeres nadie escucha, ni las autoridades ni la sociedad; son las madres de las v\u00edctimas quienes demandan justicia para sus hijas.<\/p>\n\n\n\n<p class=\"wp-block-paragraph\">Se refiri\u00f3 a la indiferencia de muchas personas frente a la tragedia del feminicidio: \u201cPrefieren vivir pensando en que eso no le pasar\u00e1 y otras m\u00e1s nos organizamos y luchamos para que nadie tenga siquiera que plantearse dejar de hacer su vida diaria por miedo\u201d. Miedo que impide proyectar el potencial humano y nos somete frente a quien tiene el poder, a\u00f1adi\u00f3.<\/p>\n\n\n\n<p class=\"wp-block-paragraph\">Para la especialista, indic\u00f3 que las mujeres somos el elemento m\u00e1s barato del sistema capitalista; adem\u00e1s, sobre nuestros cuerpos se extrae la fuerza de trabajo m\u00e1s importante: la reproducci\u00f3n de la vida, los cuidados y la crianza.<\/p>\n\n\n\n<p class=\"wp-block-paragraph\">\u00bfQu\u00e9 suceder\u00eda en un sistema si las mujeres dise\u00f1\u00e1semos otras formas de vivir? Es necesaria nuestra presencia, nuestras palabras y pensamientos. S\u00f3lo as\u00ed se puede mover las instituciones, las pol\u00edticas p\u00fablicas, las maneras en que se distribuye la riqueza y se implementa el desarrollo, continu\u00f3.<\/p>\n\n\n\n<p class=\"wp-block-paragraph\">Los pueblos originarios y las mujeres tenemos opresiones comunes. No basta con mencionarlas o hacerlas visibles, las acciones son inaplazables para reducirlas y establecer un nuevo pacto social. Un pacto en donde la palabra de mujeres y pueblos originarios se escuche sin racismo, sin sexismo, concluy\u00f3 D\u00edaz Cruz.<\/p>\n\n\n\n<p class=\"wp-block-paragraph\">SEM\/sje\/gl<\/p>\n","protected":false},"excerpt":{"rendered":"<p>Soledad Jarqu\u00edn Edgar SemM\u00e9xico, Oaxaca, Oax., 30 enero 2018.- Cada semana suceden poco m\u00e1s de tres asesinatos de mujeres en lo que va de los \u00faltimos 13 meses en Oaxaca. De estos, solo el 0.05 por ciento de los feminicidas han sido sentenciados; el resto est\u00e1 en la impunidad. Los datos fueron proporcionados por la [&hellip;]<\/p>\n","protected":false},"author":3,"featured_media":2942,"comment_status":"open","ping_status":"open","sticky":false,"template":"","format":"standard","meta":{"_monsterinsights_skip_tracking":false,"footnotes":""},"categories":[689,33,75],"tags":[],"class_list":["post-2941","post","type-post","status-publish","format-standard","has-post-thumbnail","category-689","category-elecciones-2018","category-soledad-jarquin-edgar"],"_links":{"self":[{"href":"https:\/\/redsemlac.com\/semmexico\/wp-json\/wp\/v2\/posts\/2941","targetHints":{"allow":["GET"]}}],"collection":[{"href":"https:\/\/redsemlac.com\/semmexico\/wp-json\/wp\/v2\/posts"}],"about":[{"href":"https:\/\/redsemlac.com\/semmexico\/wp-json\/wp\/v2\/types\/post"}],"author":[{"embeddable":true,"href":"https:\/\/redsemlac.com\/semmexico\/wp-json\/wp\/v2\/users\/3"}],"replies":[{"embeddable":true,"href":"https:\/\/redsemlac.com\/semmexico\/wp-json\/wp\/v2\/comments?post=2941"}],"version-history":[{"count":0,"href":"https:\/\/redsemlac.com\/semmexico\/wp-json\/wp\/v2\/posts\/2941\/revisions"}],"wp:featuredmedia":[{"embeddable":true,"href":"https:\/\/redsemlac.com\/semmexico\/wp-json\/wp\/v2\/media\/2942"}],"wp:attachment":[{"href":"https:\/\/redsemlac.com\/semmexico\/wp-json\/wp\/v2\/media?parent=2941"}],"wp:term":[{"taxonomy":"category","embeddable":true,"href":"https:\/\/redsemlac.com\/semmexico\/wp-json\/wp\/v2\/categories?post=2941"},{"taxonomy":"post_tag","embeddable":true,"href":"https:\/\/redsemlac.com\/semmexico\/wp-json\/wp\/v2\/tags?post=2941"}],"curies":[{"name":"wp","href":"https:\/\/api.w.org\/{rel}","templated":true}]}}