{"id":29261,"date":"2020-12-01T16:59:26","date_gmt":"2020-12-01T16:59:26","guid":{"rendered":"https:\/\/redsemlac.com\/semmexico\/?p=29261"},"modified":"2023-07-21T16:40:16","modified_gmt":"2023-07-21T21:40:16","slug":"medidas-de-proteccion-urgentes-para-mujeres-indigenas-en-materia-de-violencia-politica-en-razon-de-genero","status":"publish","type":"post","link":"https:\/\/redsemlac.com\/semmexico\/medidas-de-proteccion-urgentes-para-mujeres-indigenas-en-materia-de-violencia-politica-en-razon-de-genero\/","title":{"rendered":"Medidas de protecci\u00f3n urgentes para mujeres ind\u00edgenas en materia de violencia pol\u00edtica en raz\u00f3n de g\u00e9nero"},"content":{"rendered":"\n<ul class=\"wp-block-list\"><li><strong>Conversatorio propiciado por el Instituto Nacional Electoral, para examinar problemas<\/strong><\/li><li><strong>Urge capacitaci\u00f3n a todos los niveles sobre delitos de violencia pol\u00edtica, concluyen &nbsp;expertas &nbsp;&nbsp;<\/strong><\/li><\/ul>\n\n\n\n<p class=\"wp-block-paragraph\"><strong>Elda Montiel<\/strong><\/p>\n\n\n\n<p class=\"wp-block-paragraph\">SemM\u00e9xico. Cd. de M\u00e9xico. 01 de diciembre 2020.- Las autoridades electorales deben tener un &nbsp;rol real, efectivo, eficaz e integral en materia de violencia pol\u00edtica contra las mujeres en raz\u00f3n de g\u00e9nero, &nbsp;no simulado, de la misma manera que el compromiso manifiesto por &nbsp;funcionarias, pol\u00edticas y activistas, se dijo &nbsp;en el Conversatorio sobre sobre \u201cAtenci\u00f3n y Acompa\u00f1amiento a V\u00edctimas de Violencia Pol\u00edtica contra las Mujeres en raz\u00f3n de g\u00e9nero\u201d con vistas a las pr\u00f3ximas elecciones del 2021.<\/p>\n\n\n\n<p class=\"wp-block-paragraph\">Plantearon crear urgentemente &nbsp;una ruta de protecci\u00f3n para las mujeres ind\u00edgenas en raz\u00f3n de g\u00e9nero, como lo dijo r Marina Iyalli -Tukarima- Carrillo D\u00edaz, s\u00edndica del municipio del Nayar en Nayarit, al relatar c\u00f3mo despu\u00e9s de m\u00e1s de tres a cinco horas de camino que les toma a las v\u00edctimas llegar a la autoridad de primer contacto para denunciar y solicitar protecci\u00f3n por violencia pol\u00edtica, \u00e9stas desconocen que es un delito, y&nbsp; en los raros casos que dan protecci\u00f3n&nbsp; cautelar a la v\u00edctima, esta s\u00f3lo llega a las cabeceras municipales y no d\u00f3nde viven y transitan las v\u00edctimas.&nbsp;&nbsp;<\/p>\n\n\n\n<p class=\"wp-block-paragraph\">La s\u00edndica se dijo creyente de las instituciones y expres\u00f3 su confianza para pronto sea creada &nbsp;una Defensor\u00eda para la Protecci\u00f3n de las Mujeres Ind\u00edgenas.<\/p>\n\n\n\n<p class=\"wp-block-paragraph\">Tanto la consejera electoral Adriana Favela Herrera , como la ex magistrada electoral &nbsp;Mary Carmen Alan\u00eds Figueroa,&nbsp; hablaron de la revictimizaci\u00f3n a la que se somete a las mujeres cuando denuncian actos de violencia, ellas se enfrentan a actos lamentables, dijeron.<\/p>\n\n\n\n<p class=\"wp-block-paragraph\">Detallaron que muchas mujeres, cuando&nbsp; deciden participar en pol\u00edtica, se las&nbsp; inhibe y cuestiona. &nbsp;&nbsp;En muchos &nbsp;casos les dicen \u00a1Para que te metes en un espacio de hombres!, y ello sucede igualmente, narraron, desde sus partidos, donde &nbsp;las discriminan, no les proporcionan recursos para sus campa\u00f1as, las mandan a lugares donde es doblemente dif\u00edcil ganar elecciones.<\/p>\n\n\n\n<p class=\"wp-block-paragraph\">La consejera nacional del INE Adriana Favela Herrera, consider\u00f3 &nbsp;que se ha avanzado mucho, se cuenta &nbsp;con un marco legal sobre delitos de &nbsp;violencia pol\u00edtica, pero falta mucho por hacer, como el trabajo de acompa\u00f1amiento a las v\u00edctimas y, puntualiz\u00f3, que como autoridades electorales est\u00e1n comprometidas a cambiar esta situaci\u00f3n, principalmente porque en la renovaci\u00f3n de cargos de elecci\u00f3n, sobre todo municipales, se ha detectado que ah\u00ed &nbsp;es donde m\u00e1s se agrede a las mujeres.<\/p>\n\n\n\n<p class=\"wp-block-paragraph\">\u201cFalta mucho para que las mujeres v\u00edctimas de violencia pol\u00edtica no se sientan solas y no tengan esos sentimientos de frustraci\u00f3n\u201d, puntualiz\u00f3.<\/p>\n\n\n\n<p class=\"wp-block-paragraph\">Consider\u00f3 que es necesario denunciar para que realmente los mecanismos funcionen. Tambi\u00e9n reconoci\u00f3 el apoyo de las redes, como son los colectivos de mujeres que dan acompa\u00f1amiento.<\/p>\n\n\n\n<p class=\"wp-block-paragraph\">Mientras que la abogada y ex magistrada Mary Carmen Alan\u00eds Figueroa se pregunt\u00f3 que d\u00f3nde est\u00e1 la Fiscal\u00eda Especializada para Delitos Electorales y d\u00f3nde est\u00e1n las estad\u00edsticas de los casos de violencia pol\u00edtica de las mujeres. No hay informaci\u00f3n, puntualiz\u00f3.<\/p>\n\n\n\n<p class=\"wp-block-paragraph\">Plante\u00f3 que hay mucho desconocimiento sobre las modificaciones legales y los tipos penales para encarar&nbsp; la violencia contra las mujeres.&nbsp; Explic\u00f3 &nbsp;que eso sucede, &nbsp;no s\u00f3lo en las comunidades rurales, el desconocimiento &nbsp;existe entre &nbsp;las autoridades de manera generalizada &nbsp;en todo el pa\u00eds, por lo que es fundamental difundir y &nbsp;capacitar a hombres y mujeres, sobre estos delitos y d\u00f3nde denunciarlos.&nbsp;<\/p>\n\n\n\n<p class=\"wp-block-paragraph\">Luego, experta en el asuntos electorales, &nbsp;critic\u00f3 algunas acciones, como que &nbsp;en los delitos de violencia pol\u00edtica en contra de las mujeres, &nbsp;los pasen a protocolos de&nbsp; delitos sexuales, cuando no siempre son de este tipo, por lo que debe haber un esfuerzo de formaci\u00f3n.&nbsp;<\/p>\n\n\n\n<p class=\"wp-block-paragraph\">A los partidos pol\u00edticos los cuestion\u00f3, &nbsp;porque hacen mucho discurso, pero ni siquiera llevan estad\u00edsticas de los casos de violencia pol\u00edtica de sus militantes. Reconoci\u00f3 la labor de los colectivos de mujeres en el acompa\u00f1amiento de las v\u00edctimas, pero por igual hizo \u00e9nfasis en la capacitaci\u00f3n.<\/p>\n\n\n\n<p class=\"wp-block-paragraph\">Consider\u00f3 que se debe trabajar en el terreno de las autoridades tradicionales para los sistemas normativos ind\u00edgenas y que el Tribunal debe mandar un mensaje muy claro en materia de protecci\u00f3n inmediata a las mujeres y medidas cautelares.<\/p>\n\n\n\n<p class=\"wp-block-paragraph\">Mientras la diputada del Congreso Local de Oaxaca, Elisa Zepeda, se refiri\u00f3 a los casos de dilaci\u00f3n de la procuraci\u00f3n de justicia, en denuncias &nbsp;de violencia pol\u00edtica en raz\u00f3n de g\u00e9nero, por lo que hay &nbsp;un distanciamiento para que las mujeres puedan apropiarse del marco normativo.<\/p>\n\n\n\n<p class=\"wp-block-paragraph\">Cont\u00f3 que acaba de establecerse &nbsp;una escuela de pol\u00edtica para mujeres ind\u00edgenas, buscando desde ah\u00ed, dar a &nbsp;conocer sobre todo lo que implica el quehacer de la pol\u00edtica, lo que ha permitido, tambi\u00e9n hacer visibles los &nbsp;casos de violencia y se han conocido &nbsp;experiencias enriquecedoras.<\/p>\n\n\n\n<p class=\"wp-block-paragraph\">Por su parte, \u00c1ngeles S\u00e1nchez Santiago, coordinadora de CIDAHL, organismo de desarrollo humano especializado en mujeres y g\u00e9nero, refiri\u00f3 los casos que han atendido de violencia pol\u00edtica en Morelos, Oaxaca y Veracruz y demando que las personas que est\u00e1n en las instituciones de justicia est\u00e9n m\u00e1s abiertas al di\u00e1logo, y se puedan aplicar las reformas que se aprobaron en abril y tambi\u00e9n se apliquen las sanciones.<\/p>\n\n\n\n<p class=\"wp-block-paragraph\">Esther Araceli Pinelo, Fiscal Especializada en Delitos Electorales de Oaxaca, se\u00f1al\u00f3 que en los temas electorales se va avanzando en los tribunales locales de la federaci\u00f3n. Resumi\u00f3 que la violencia pol\u00edtica hacia las mujeres es responsabilidad tanto de las autoridades de la sociedad civil, y tambi\u00e9n deber\u00eda de ser de los partidos pol\u00edticos, que en sus documentos b\u00e1sicos deb\u00edan incluir los aspectos de la violencia pol\u00edtica.<\/p>\n\n\n\n<p class=\"wp-block-paragraph\">Se\u00f1al\u00f3 que, entre los derechos de las v\u00edctimas, se encuentra el de solicitar medidas de protecci\u00f3n y una de las obligaciones del ministerio p\u00fablico es brindar y dar esta protecci\u00f3n a la v\u00edctima cuando se tiene un peligro inminente de que pueda suceder alguna violencia mayor, como se hizo en el proceso electoral 2018, cuando se dieron 25 medidas de protecci\u00f3n a candidatas porque hab\u00edan sido amenazadas.<\/p>\n\n\n\n<p class=\"wp-block-paragraph\">La activista y representante de Defensoras Populares, Lina X\u00f3chitl Flores Archila celebr\u00f3 que con las reformas en materia de g\u00e9nero del pasado 13 de abril, ya se cuenta con una plataforma jur\u00eddica para dar atenci\u00f3n integral a los casos de violencia pol\u00edtica en raz\u00f3n de g\u00e9nero.<\/p>\n\n\n\n<p class=\"wp-block-paragraph\">Carlos Ferrer, Titular de la Unidad T\u00e9cnica de lo Contencioso Electoral, moderador, se\u00f1al\u00f3 que la violencia pol\u00edtica contra las mujeres es un problema que l\u00e1stima y erosiona nuestra democracia y que tiene or\u00edgenes multifactoriales, y que es muy complejo.<\/p>\n\n\n\n<p class=\"wp-block-paragraph\">Sin embargo, es deber del Estado lograr una actuaci\u00f3n r\u00e1pida y eficiente y con perspectiva de g\u00e9nero de las autoridades en los casos de violencia pol\u00edtica.<\/p>\n","protected":false},"excerpt":{"rendered":"<p>Conversatorio propiciado por el Instituto Nacional Electoral, para examinar problemas<\/p>\n","protected":false},"author":3,"featured_media":29262,"comment_status":"open","ping_status":"open","sticky":false,"template":"","format":"standard","meta":{"_monsterinsights_skip_tracking":false,"footnotes":""},"categories":[691,51],"tags":[],"class_list":["post-29261","post","type-post","status-publish","format-standard","has-post-thumbnail","category-691","category-ejecutivo"],"_links":{"self":[{"href":"https:\/\/redsemlac.com\/semmexico\/wp-json\/wp\/v2\/posts\/29261","targetHints":{"allow":["GET"]}}],"collection":[{"href":"https:\/\/redsemlac.com\/semmexico\/wp-json\/wp\/v2\/posts"}],"about":[{"href":"https:\/\/redsemlac.com\/semmexico\/wp-json\/wp\/v2\/types\/post"}],"author":[{"embeddable":true,"href":"https:\/\/redsemlac.com\/semmexico\/wp-json\/wp\/v2\/users\/3"}],"replies":[{"embeddable":true,"href":"https:\/\/redsemlac.com\/semmexico\/wp-json\/wp\/v2\/comments?post=29261"}],"version-history":[{"count":0,"href":"https:\/\/redsemlac.com\/semmexico\/wp-json\/wp\/v2\/posts\/29261\/revisions"}],"wp:featuredmedia":[{"embeddable":true,"href":"https:\/\/redsemlac.com\/semmexico\/wp-json\/wp\/v2\/media\/29262"}],"wp:attachment":[{"href":"https:\/\/redsemlac.com\/semmexico\/wp-json\/wp\/v2\/media?parent=29261"}],"wp:term":[{"taxonomy":"category","embeddable":true,"href":"https:\/\/redsemlac.com\/semmexico\/wp-json\/wp\/v2\/categories?post=29261"},{"taxonomy":"post_tag","embeddable":true,"href":"https:\/\/redsemlac.com\/semmexico\/wp-json\/wp\/v2\/tags?post=29261"}],"curies":[{"name":"wp","href":"https:\/\/api.w.org\/{rel}","templated":true}]}}