{"id":29255,"date":"2020-12-01T16:51:20","date_gmt":"2020-12-01T16:51:20","guid":{"rendered":"https:\/\/redsemlac.com\/semmexico\/?p=29255"},"modified":"2023-07-21T16:40:17","modified_gmt":"2023-07-21T21:40:17","slug":"victimas-iniciara-ruta-juridica-contra-la-uaem-por-negarse-a-entregar-perfiles-geneticos-de-fosas","status":"publish","type":"post","link":"https:\/\/redsemlac.com\/semmexico\/victimas-iniciara-ruta-juridica-contra-la-uaem-por-negarse-a-entregar-perfiles-geneticos-de-fosas\/","title":{"rendered":"V\u00edctimas iniciar\u00e1 ruta jur\u00eddica contra la UAEM por negarse a entregar perfiles gen\u00e9ticos de fosas"},"content":{"rendered":"\n<ul class=\"wp-block-list\"><li><strong>La Universidad Aut\u00f3noma de Morelos en falta: no entrega perfiles gen\u00e9ticos<\/strong><\/li><\/ul>\n\n\n\n<ul class=\"wp-block-list\"><li><strong>V\u00edctimas, activistas y familiares denunciar\u00e1n ocultamiento de pruebas<\/strong><\/li><\/ul>\n\n\n\n<ul class=\"wp-block-list\"><li><strong>Ya hace 14 semanas que la protesta se mantiene, por Tetelcingo y Jojutla<\/strong><\/li><\/ul>\n\n\n\n<p class=\"wp-block-paragraph\"><strong>Estrella Pedroza&nbsp;<\/strong><strong><\/strong><\/p>\n\n\n\n<p class=\"wp-block-paragraph\">SemM\u00e9xico, Cuernavaca, Morelos, 1\u00ba. de diciembre, 2020.- Integrantes del colectivo \u00abRegresando a Casa Morelos\u201d, denunciaron que la Universidad Aut\u00f3noma del Estado de Morelos incumpli\u00f3 con la entrega de perfiles gen\u00e9ticos por lo que iniciar\u00e1n una ruta jur\u00eddica por&nbsp;&nbsp;dilaci\u00f3n y ocultamiento de pruebas.&nbsp;<\/p>\n\n\n\n<p class=\"wp-block-paragraph\">Tras 14 semanas de protesta en la Ofrenda de V\u00edctimas, las activistas y familiares de b\u00fasqueda&nbsp; &nbsp;denunciaron que la UAEM no ha entregado los perfiles gen\u00e9ticos de los cuerpos encontrados en Tetelcingo y Jojutla por falta de pago a los laboratorios.&nbsp;<\/p>\n\n\n\n<p class=\"wp-block-paragraph\">Ante ello,&nbsp;&nbsp;el rector de la m\u00e1xima casa de estudios Gustavo Urquiza Beltr\u00e1n se comprometi\u00f3 a resolver el problema.<\/p>\n\n\n\n<p class=\"wp-block-paragraph\">Posteriormente, sostuvieron una reuni\u00f3n con Ulises Flores Pe\u00f1a, abogado de la UAEM,&nbsp;&nbsp;quien las&nbsp;&nbsp;atendi\u00f3 por orden del rector, quien les inform\u00f3 que hab\u00edan llegado a un acuerdo con los laboratorios encargados de procesar las muestras gen\u00e9ticas obtenidas de los cuerpos exhumados de Jojutla.<\/p>\n\n\n\n<p class=\"wp-block-paragraph\">\u201cNos dijo que ya se hab\u00eda hecho un convenio de pago con el laboratorio y nos dijo que los resultados de los&nbsp;&nbsp;perfiles gen\u00e9ticos ser\u00edan entregados&nbsp;&nbsp;a la Fiscal\u00eda General de la Rep\u00fablica e incluso detall\u00f3&nbsp;&nbsp;que ya estaban&nbsp;&nbsp;elaborando el convenio para la entrega de los restos \u00f3seos a la FGR\u201d, dijo, Ang\u00e9lica Monroy, integrante del colectivo \u00abRegresando a Casa Morelos\u201d.&nbsp;<\/p>\n\n\n\n<p class=\"wp-block-paragraph\">Agreg\u00f3: \u201cA nosotros nos dijo que la semana pasada nos dar\u00eda la fecha de entrega a la FGR pero hasta este momento no nos han informado nada\u201d.<\/p>\n\n\n\n<p class=\"wp-block-paragraph\">Por ello, revel\u00f3 que esta misma semana iniciar\u00e1n una ruta jur\u00eddica para presentar las denuncias correspondientes por los delitos de dilaci\u00f3n y ocultamiento de pruebas. Estas denuncias ser\u00e1n en contra de la UAEM y en contra de quien resulte responsable.<\/p>\n","protected":false},"excerpt":{"rendered":"<p>La Universidad Aut\u00f3noma de Morelos en falta: no entrega perfiles gen\u00e9ticos<\/p>\n","protected":false},"author":3,"featured_media":29256,"comment_status":"open","ping_status":"open","sticky":false,"template":"","format":"standard","meta":{"_monsterinsights_skip_tracking":false,"footnotes":""},"categories":[691,54],"tags":[],"class_list":["post-29255","post","type-post","status-publish","format-standard","has-post-thumbnail","category-691","category-mujeres"],"_links":{"self":[{"href":"https:\/\/redsemlac.com\/semmexico\/wp-json\/wp\/v2\/posts\/29255","targetHints":{"allow":["GET"]}}],"collection":[{"href":"https:\/\/redsemlac.com\/semmexico\/wp-json\/wp\/v2\/posts"}],"about":[{"href":"https:\/\/redsemlac.com\/semmexico\/wp-json\/wp\/v2\/types\/post"}],"author":[{"embeddable":true,"href":"https:\/\/redsemlac.com\/semmexico\/wp-json\/wp\/v2\/users\/3"}],"replies":[{"embeddable":true,"href":"https:\/\/redsemlac.com\/semmexico\/wp-json\/wp\/v2\/comments?post=29255"}],"version-history":[{"count":0,"href":"https:\/\/redsemlac.com\/semmexico\/wp-json\/wp\/v2\/posts\/29255\/revisions"}],"wp:featuredmedia":[{"embeddable":true,"href":"https:\/\/redsemlac.com\/semmexico\/wp-json\/wp\/v2\/media\/29256"}],"wp:attachment":[{"href":"https:\/\/redsemlac.com\/semmexico\/wp-json\/wp\/v2\/media?parent=29255"}],"wp:term":[{"taxonomy":"category","embeddable":true,"href":"https:\/\/redsemlac.com\/semmexico\/wp-json\/wp\/v2\/categories?post=29255"},{"taxonomy":"post_tag","embeddable":true,"href":"https:\/\/redsemlac.com\/semmexico\/wp-json\/wp\/v2\/tags?post=29255"}],"curies":[{"name":"wp","href":"https:\/\/api.w.org\/{rel}","templated":true}]}}