{"id":29252,"date":"2020-12-01T16:48:30","date_gmt":"2020-12-01T16:48:30","guid":{"rendered":"https:\/\/redsemlac.com\/semmexico\/?p=29252"},"modified":"2023-07-21T16:40:17","modified_gmt":"2023-07-21T21:40:17","slug":"violaciones-a-derechos-humanos-en-servicios-de-salud-mental-en-mexico","status":"publish","type":"post","link":"https:\/\/redsemlac.com\/semmexico\/violaciones-a-derechos-humanos-en-servicios-de-salud-mental-en-mexico\/","title":{"rendered":"Violaciones a derechos humanos en servicios de salud mental en M\u00e9xico"},"content":{"rendered":"\n<ul class=\"wp-block-list\"><li><strong>Lo que no se documenta no existe para el debate p\u00fablico<\/strong><\/li><li><strong>\u00bfPor Raz\u00f3n Necesaria? informe del programa Discapacidad y Justicia<\/strong><\/li><\/ul>\n\n\n\n<p class=\"wp-block-paragraph\"><strong>Por Norma Isela V\u00e1squez L\u00e1zaro<\/strong><\/p>\n\n\n\n<p class=\"wp-block-paragraph\">SemM\u00e9xico, Reflexi\u00f3n 24, Toluca, Estado de M\u00e9xico, 01 de diciembre 2020.-La salud mental en M\u00e9xico es un tema abandonado por las pol\u00edticas p\u00fablicas, invisible y relegado al \u00e1mbito m\u00e9dico, en donde se ha perpetuado un enfoque predominantemente cl\u00ednico que deja de lado la importancia de los v\u00ednculos sociales, la inclusi\u00f3n comunitaria, la justicia social, la igualdad de oportunidades y el respeto de los derechos humanos de todas las personas, situaci\u00f3n que, a su vez, ha propiciado la falta de informaci\u00f3n, transparencia y rendici\u00f3n de cuentas vitales para el ejercicio pleno de los derechos, coment\u00f3 Diana Sheinbaum Lerner, coordinadora de programa Discapacidad y Justicia de Documenta A.C, al presentar el informe \u00bfPor raz\u00f3n necesaria? Violaciones a los derechos humanos en los servicios de atenci\u00f3n a la salud mental en M\u00e9xico\u201d.<\/p>\n\n\n\n<p class=\"wp-block-paragraph\">Por su parte, Alberto V\u00e1squez, presidente de Sociedad y Discapacidad, asever\u00f3 que lo no documentado no existe para el debate p\u00fablico, no est\u00e1 visible, es decir este informe habla sobre los problemas que hay en el marco normativo tanto nacional como internacional; un segundo aspecto es el marco institucional, aprender sobre fragmentaci\u00f3n y problemas del financiamiento, pero, sobre todo, refleja la situaci\u00f3n de las personas que est\u00e1n dentro del sistema de Salud Mental.<\/p>\n\n\n\n<p class=\"wp-block-paragraph\">Agreg\u00f3, le sorprendi\u00f3 leer sobre las terapias electroconvulsivas (TEC) que en la mayor\u00eda de pa\u00edses no se cuentan con el consentimiento, sobre los casos de esterilizaci\u00f3n forzada, de castraci\u00f3n qu\u00edmica, problemas de tortura y malos tratos.<\/p>\n\n\n\n<p class=\"wp-block-paragraph\">Detall\u00f3 que un aspecto importante de este informe es proponer una hoja de ruta para transformar esta realidad, hay varias ideas que son vitales como la reorganizaci\u00f3n de los servicios, repensar el marco normativo, poner atenci\u00f3n en las determinantes sociales, como la pobreza, la inequidad, la violencia, el consumo de drogas, combatir el estigma y discriminaci\u00f3n.<\/p>\n\n\n\n<p class=\"wp-block-paragraph\">Propone la formaci\u00f3n de los recursos humanos en derechos humanos, as\u00ed como el mejoramiento en general del sistema de rendici\u00f3n de cuentas y monitoreo.<\/p>\n\n\n\n<p class=\"wp-block-paragraph\">Al respecto, Sheinbaum coment\u00f3 que la salud mental debe salir del espacio restringido del hospital psiqui\u00e1trico para convertirse en un asunto comunitario, desde la fundaci\u00f3n, en 1910, del primer hospital psiqui\u00e1trico en el M\u00e9xico independiente hasta la fecha, la respuesta institucional frente a los problemas de salud mental ha tenido como eje de atenci\u00f3n el hospital monovalente, y como estrategia la institucionalizaci\u00f3n y la segregaci\u00f3n.<\/p>\n\n\n\n<p class=\"wp-block-paragraph\">Dijo que distintos pa\u00edses de la regi\u00f3n han caminado hacia las reformas en salud mental impulsadas por el reconocimiento de que el modelo centrado en la atenci\u00f3n psiqui\u00e1trica hospitalaria no ha cumplido su misi\u00f3n y, peor a\u00fan, ha generado espacios de violaciones de derechos.<\/p>\n\n\n\n<p class=\"wp-block-paragraph\">Explic\u00f3 que se trata de un informe que, a trav\u00e9s de la sistematizaci\u00f3n de las quejas, recomendaciones, testimonios y del an\u00e1lisis del marco normativo nacional revela las terribles condiciones de violencia estructural y violaciones a derechos de personas usuarias de estos servicios bajo el argumento del personal de atenci\u00f3n a la salud mental de que se realizan \u201cpor raz\u00f3n necesaria (PRN)\u201d, como versa en diversos expedientes.<\/p>\n\n\n\n<p class=\"wp-block-paragraph\">La investigaci\u00f3n ofrece un amplio an\u00e1lisis sobre la situaci\u00f3n de hospitales psiqui\u00e1tricos, cl\u00ednicas de tratamiento de adicciones, centros penitenciarios y centros de asistencia social \u2014albergues o centros de integraci\u00f3n\u2014, todos ellos, centros donde se brindan servicios a la salud mental y en los que se puede alojar a personas en contra de su voluntad.<\/p>\n\n\n\n<p class=\"wp-block-paragraph\">Destac\u00f3 que entre los mayores problemas est\u00e1 la falta de accesibilidad a sus servicios, carencia de infraestructura y recursos suficientes, la asignaci\u00f3n raqu\u00edtica de presupuesto, la falta de supervisi\u00f3n y fiscalizaci\u00f3n externa para evitar violaciones a derechos en sus inmediaciones, la normalizaci\u00f3n de pr\u00e1cticas que atentan contra la dignidad humana e incluso la vida de personas usuarias, as\u00ed como la perpetuaci\u00f3n de un modelo fallido y violatorio de derechos.<\/p>\n\n\n\n<p class=\"wp-block-paragraph\">De acuerdo a los resultados, se tiene que en estos lugares, el com\u00fan de las personas usuarias se encuentran en privaci\u00f3n ilegal de la libertad, aislamiento y segregaci\u00f3n social, rompimiento de v\u00ednculos familiares, restricciones al contacto con el mundo exterior y medios de comunicaci\u00f3n, criminalizaci\u00f3n, estigma, violencia, medicalizaci\u00f3n excesiva, mala atenci\u00f3n m\u00e9dica, castigos como recursos \u201cdisciplinarios\u201d, malos tratos y tortura.<\/p>\n\n\n\n<p class=\"wp-block-paragraph\">En este informe se ofrece una serie de recomendaciones dirigidas al Poder Legislativo, Congresos estatales, Secretar\u00eda de Salud, organismos p\u00fablicos de derechos humanos, a las autoridades encargadas de procurar y administrar justicia y al personal de los centros que brindan atenci\u00f3n a la salud mental, con la finalidad de iniciar un proceso de transformaci\u00f3n del sistema de salud mental, que esta vez coloque al centro a las personas y considere el respeto de los derechos humanos para todos y todas.<\/p>\n\n\n\n<p class=\"wp-block-paragraph\">Algunas de las recomendaciones que se encuentran dentro del informe son:<\/p>\n\n\n\n<ul class=\"wp-block-list\"><li>Una reforma a la Ley General de salud, teniendo como piedra angular la recuperaci\u00f3n, el enfoque comunitario y la integraci\u00f3n a la red primaria de atenci\u00f3n, con la participaci\u00f3n activa de las y los usuarios del sistema y de las organizaciones defensoras de sus derechos.<\/li><\/ul>\n\n\n\n<ul class=\"wp-block-list\"><li>\u00a0 Eliminar de los c\u00f3digos penales las medidas de seguridad que implican el tratamiento forzoso m\u00e9dico-psiqui\u00e1trico y sustituir dichas medidas por alternativas basadas en el debido proceso, la igualdad, la no discriminaci\u00f3n y el derecho a vivir de forma independiente y ser incluido en la comunidad.<\/li><\/ul>\n\n\n\n<ul class=\"wp-block-list\"><li>Mejorar la disponibilidad y accesibilidad de los servicios tanto residenciales como ambulatorios.<\/li><\/ul>\n\n\n\n<ul class=\"wp-block-list\"><li>Capacitar a las y los profesionistas que laboran en el sector salud en derechos humanos.<\/li><\/ul>\n\n\n\n<ul class=\"wp-block-list\"><li> Garantizar que los centros de salud mental operen dentro de un sistema de rendici\u00f3n de cuentas<\/li><\/ul>\n","protected":false},"excerpt":{"rendered":"<p>\u00bfPor Raz\u00f3n Necesaria? informe del programa Discapacidad y Justicia<\/p>\n","protected":false},"author":3,"featured_media":29253,"comment_status":"open","ping_status":"open","sticky":false,"template":"","format":"standard","meta":{"_monsterinsights_skip_tracking":false,"footnotes":""},"categories":[691,51],"tags":[],"class_list":["post-29252","post","type-post","status-publish","format-standard","has-post-thumbnail","category-691","category-ejecutivo"],"_links":{"self":[{"href":"https:\/\/redsemlac.com\/semmexico\/wp-json\/wp\/v2\/posts\/29252","targetHints":{"allow":["GET"]}}],"collection":[{"href":"https:\/\/redsemlac.com\/semmexico\/wp-json\/wp\/v2\/posts"}],"about":[{"href":"https:\/\/redsemlac.com\/semmexico\/wp-json\/wp\/v2\/types\/post"}],"author":[{"embeddable":true,"href":"https:\/\/redsemlac.com\/semmexico\/wp-json\/wp\/v2\/users\/3"}],"replies":[{"embeddable":true,"href":"https:\/\/redsemlac.com\/semmexico\/wp-json\/wp\/v2\/comments?post=29252"}],"version-history":[{"count":0,"href":"https:\/\/redsemlac.com\/semmexico\/wp-json\/wp\/v2\/posts\/29252\/revisions"}],"wp:featuredmedia":[{"embeddable":true,"href":"https:\/\/redsemlac.com\/semmexico\/wp-json\/wp\/v2\/media\/29253"}],"wp:attachment":[{"href":"https:\/\/redsemlac.com\/semmexico\/wp-json\/wp\/v2\/media?parent=29252"}],"wp:term":[{"taxonomy":"category","embeddable":true,"href":"https:\/\/redsemlac.com\/semmexico\/wp-json\/wp\/v2\/categories?post=29252"},{"taxonomy":"post_tag","embeddable":true,"href":"https:\/\/redsemlac.com\/semmexico\/wp-json\/wp\/v2\/tags?post=29252"}],"curies":[{"name":"wp","href":"https:\/\/api.w.org\/{rel}","templated":true}]}}